{"id":4747,"date":"2018-02-23T14:42:08","date_gmt":"2018-02-23T14:42:08","guid":{"rendered":"https:\/\/www.photoweb.fr\/espaces\/magazine\/magazine\/?p=4747"},"modified":"2022-11-04T13:44:02","modified_gmt":"2022-11-04T13:44:02","slug":"magnet-save-the-date-mariage","status":"publish","type":"post","link":"https:\/\/www.photoweb.fr\/espaces\/magazine\/magnet-save-the-date-mariage\/","title":{"rendered":"Save the date mariage Vintage : le faire part r\u00e9tro vous va si bien"},"content":{"rendered":"\n\n\t<p>Vous vous \u00eates dit \u00ab oui \u00bb. F\u00e9licitations ! Il va donc falloir penser aux pr\u00e9paratifs pour la c\u00e9r\u00e9monie et la f\u00eate, dont l&rsquo;envoi de votre <strong>save the date mariage<\/strong>, une fois le jour choisi. Avant de penser au faire-part officiel, il peut \u00eatre sympa de cr\u00e9er un save the date original et personnalis\u00e9, \u00e0 l&rsquo;aide de nos tirages photos r\u00e9tro. On vous en dit plus !<\/p>\n\t<h2><strong>Le faire part r\u00e9tro : un format sympa<\/strong><\/h2>\n<p>Pourquoi c&rsquo;est top de cr\u00e9er un save the date personnalis\u00e9 ?<\/p>\n<p>On parle souvent du \u00ab magnet mariage \u00bb ou \u00ab magnet personnalis\u00e9 mariage \u00bb quand il est question d&rsquo;envoyer les toutes premi\u00e8res informations aux invit\u00e9s. Qu&rsquo;est-ce que \u00e7a veut dire ? Il s&rsquo;agit en fait d&rsquo;un petit format qui va synth\u00e9tiser l&rsquo;info : on est dans le simple, mais efficace !<\/p>\n<p>Et en plus d&rsquo;\u00eatre facile \u00e0 envoyer, le rendu est r\u00e9tro \/ old school \/ vintage&#8230; Parfait pour les mariages sur ce th\u00e8me. D\u00e9couvrez nos deux formats \u00e0 craquer :<\/p>\n<p><strong>La boite \u00e0 tirages Vintage<\/strong><\/p>\n<p>Ils rappellent <a href=\"https:\/\/www.photoweb.fr\/espaces\/magazine\/magazine\/tirage-photo-retro-vs-traditionnel\/\">le traditionnel format r\u00e9tro<\/a>&#8230; Votre photo est imprim\u00e9e au format carr\u00e9 mais votre cr\u00e9ation finale au format portrait&#8230; Ils poss\u00e8dent une bordure plus \u00e9paisse pour indiquer une l\u00e9gende&#8230; Les tirages sur <a href=\"https:\/\/www.photoweb.fr\/espaces\/magazine\/magazine\/papier-photo-retro-personnalise\/\">papier photo r\u00e9tro<\/a> (style) de la bo\u00eete \u00e0 photos Vintage vous feront craquer !<\/p>\n<p><strong>La bo\u00eete \u00e0 diapos<\/strong><\/p>\n<p>Le principe est \u00e0 peu pr\u00e8s le m\u00eame que pour la boite \u00e0 tirages Vintage (<a href=\"https:\/\/www.photoweb.fr\/box\/tirage-vintage\">photo r\u00e9tro<\/a>), sauf que le format est cette fois-ci en paysage. A vous de voir ce qui vous convient le mieux. Son atout : vous pouvez \u00e9crire les infos de votre save the date sur la bordure du haut, mais aussi celle du bas !<\/p>\n<h2><strong>Personnalisez \u00e0 l&rsquo;infini votre save the date mariage<\/strong><\/h2>\n<p><em>Comment faire un save the date mariage ?<\/em><\/p>\n<p>Pour un save the date r\u00e9ussi, rien de tel que d&rsquo;agr\u00e9menter votre cr\u00e9ation avec de jolis fonds color\u00e9s ou \u00e0 motifs. Vous retrouvez une large s\u00e9lection de designs, con\u00e7us par nos \u00e9quipes cr\u00e9atives !<\/p>\n<p>Ainsi vous pouvez personnaliser \u00e0 votre guise votre magnet save the date mariage, de quoi le faire \u00e0 votre image ! Il en va de m\u00eame pour un faire part r\u00e9tro.<\/p>\n<h2><strong>Save the date mariage : l&rsquo;essentiel est l\u00e0 !<\/strong><\/h2>\n<p>Il est inutile d&rsquo;en faire trop. De toute fa\u00e7on, les tirages photos Vintage ne sont pas faits pour \u00e7a, bien au contraire. Un save the date mariage doit au moins contenir vos pr\u00e9noms, une photo de vous (de pr\u00e9f\u00e9rence) et la fameuse date \u00e0 bloquer. C&rsquo;est bien suffisant en attendant le faire part de mariage officiel, vous ne croyez-pas ? <img loading=\"lazy\" decoding=\"async\" draggable=\"false\" src=\"https:\/\/s.w.org\/images\/core\/emoji\/11\/svg\/1f60a.svg\" alt=\"?\" width=\"28\" height=\"28\" \/> Opterez-vous pour le faire part r\u00e9tro \u00e0 ce moment-l\u00e0 ?<\/p>\n<p><em>Que pensez-vous de cette id\u00e9e de save the date mariage ?<\/em><\/p>\n<p>&nbsp;<\/p>\n<p><img loading=\"lazy\" decoding=\"async\" title=\"save the date mariage\" src=\"https:\/\/www.photoweb.fr\/espaces\/magazine\/wp-content\/uploads\/2018\/02\/save-the-date-mariage-2.jpg\" alt=\"save the date mariage\" width=\"612\" height=\"408\" \/><\/p>\n\t1.2.3.\nimprimez&#8239;!\n\t\t\t\t<a href=\"https:\/\/www.photoweb.fr\/box\/diapo\" target=\"_blank\" rel=\"noopener\" itemprop=\"url\">\n\t\t\t\t<img loading=\"lazy\" decoding=\"async\" src=\"https:\/\/www.photoweb.fr\/espaces\/magazine\/wp-content\/uploads\/2018\/01\/bo\u00eete-\u00e0-diapos-photoweb.jpg\" alt=\"bo\u00eete \u00e0 diapos photoweb\" itemprop=\"image\" height=\"600\" width=\"600\" title=\"bo\u00eete \u00e0 diapos photoweb\" onerror=\"this.style.display='none'\"  \/>\n\t\t\t\t<\/a>\n\t<a target=\"_blank\" href=\"https:\/\/www.photoweb.fr\/box\/diapo\" rel=\"noopener\">\nCr\u00e9er mes tirages Diapo<\/a>\n\t\t\t\t<a href=\"https:\/\/www.photoweb.fr\/box\/tirage-vintage\" target=\"_blank\" rel=\"noopener\" itemprop=\"url\">\n\t\t\t\t<img loading=\"lazy\" decoding=\"async\" src=\"https:\/\/www.photoweb.fr\/espaces\/magazine\/wp-content\/uploads\/2017\/06\/tirages-vintage-photoweb.jpg\" alt=\"tirage retro\" itemprop=\"image\" height=\"600\" width=\"600\" title=\"tirages-vintage-photoweb\" onerror=\"this.style.display='none'\"  \/>\n\t\t\t\t<\/a>\n\t<a target=\"_blank\" href=\"https:\/\/www.photoweb.fr\/box\/tirage-vintage\" rel=\"noopener\">\nCr\u00e9er mes tirages Vintage<\/a>\n\n","protected":false},"excerpt":{"rendered":"<p>Vous vous \u00eates dit \u00ab oui \u00bb. F\u00e9licitations ! Maintenant, il faut penser aux pr\u00e9paratifs du mariage, et \u00e7a passe d\u2019abord par le save the date. Et oui, avant le faire part officiel, il peut-\u00eatre sympa de pr\u00e9parer un petit save the date mariage, type \u00ab magnet mariage \u00bb ou \u00ab magnet personnalis\u00e9 mariage \u00bb. Ces termes sont souvent \u00e9voqu\u00e9s quand on parle de save the date original ou de save the date personnalis\u00e9. C\u2019est tout simplement un petit format r\u00e9tro, et nous vous en proposons deux : la bo\u00eete \u00e0 tirages Vintage et la bo\u00eete \u00e0 diapos, tout deux avec leurs sp\u00e9cificit\u00e9s ! Et tout deux personnalisables \u00e0 souhait\u2026 Ajout de fonds color\u00e9s ou \u00e0 motifs, l\u00e9gende\u2026 C\u2019est une belle fa\u00e7on d\u2019exprimer l\u2019essentiel simplement ! Il n\u2019est en effet pas n\u00e9cessaire d\u2019en faire trop. Apposer vos pr\u00e9noms et la date \u00e0 bloquer est amplement suffisant pour accompagner une photo de vous. D\u00e9couvrez dans cet article notre id\u00e9e save the date mariage, pour des c\u00e9r\u00e9monies sur le th\u00e8me r\u00e9tro et vintage ! Et pas que\u2026<\/p>\n","protected":false},"author":21,"featured_media":4748,"comment_status":"open","ping_status":"open","sticky":false,"template":"single-standard.php","format":"standard","meta":{"footnotes":""},"categories":[31],"tags":[],"class_list":["post-4747","post","type-post","status-publish","format-standard","has-post-thumbnail","hentry","category-instants-de-vie"],"yoast_head":"<!-- This site is optimized with the Yoast SEO plugin v20.3 - https:\/\/yoast.com\/wordpress\/plugins\/seo\/ -->\n<title>Save the date mariage Vintage : le faire part r\u00e9tro vous va si bien<\/title>\n<meta name=\"description\" content=\"Vous pr\u00e9voyez un mariage sur la th\u00e9matique vintage ? Alors pensez aux tirages photos r\u00e9tro pour votre Save the date mariage ! En savoir +\" \/>\n<meta name=\"robots\" content=\"index, follow, max-snippet:-1, max-image-preview:large, max-video-preview:-1\" \/>\n<link rel=\"canonical\" href=\"https:\/\/www.photoweb.fr\/espaces\/magazine\/magnet-save-the-date-mariage\/\" \/>\n<meta property=\"og:locale\" content=\"fr_FR\" \/>\n<meta property=\"og:type\" content=\"article\" \/>\n<meta property=\"og:title\" content=\"Save the date mariage Vintage : le faire part r\u00e9tro vous va si bien\" \/>\n<meta property=\"og:description\" content=\"Vous pr\u00e9voyez un mariage sur la th\u00e9matique vintage ? Alors pensez aux tirages photos r\u00e9tro pour votre Save the date mariage ! En savoir +\" \/>\n<meta property=\"og:url\" content=\"https:\/\/www.photoweb.fr\/espaces\/magazine\/magnet-save-the-date-mariage\/\" \/>\n<meta property=\"og:site_name\" content=\"Photoweb, le mag\" \/>\n<meta property=\"article:publisher\" content=\"https:\/\/fr-fr.facebook.com\/Photoweb.fr\/\" \/>\n<meta property=\"article:published_time\" content=\"2018-02-23T14:42:08+00:00\" \/>\n<meta property=\"article:modified_time\" content=\"2022-11-04T13:44:02+00:00\" \/>\n<meta property=\"og:image\" content=\"https:\/\/www.photoweb.fr\/espaces\/magazine\/wp-content\/uploads\/2018\/02\/save-the-date-mariage-0.jpg\" \/>\n\t<meta property=\"og:image:width\" content=\"1280\" \/>\n\t<meta property=\"og:image:height\" content=\"960\" \/>\n\t<meta property=\"og:image:type\" content=\"image\/jpeg\" \/>\n<meta name=\"author\" content=\"melanie\" \/>\n<meta name=\"twitter:card\" content=\"summary_large_image\" \/>\n<meta name=\"twitter:creator\" content=\"@Photoweb_fr\" \/>\n<meta name=\"twitter:site\" content=\"@Photoweb_fr\" \/>\n<meta name=\"twitter:label1\" content=\"\u00c9crit par\" \/>\n\t<meta name=\"twitter:data1\" content=\"melanie\" \/>\n\t<meta name=\"twitter:label2\" content=\"Dur\u00e9e de lecture estim\u00e9e\" \/>\n\t<meta name=\"twitter:data2\" content=\"2 minutes\" \/>\n<script type=\"application\/ld+json\" class=\"yoast-schema-graph\">{\"@context\":\"https:\/\/schema.org\",\"@graph\":[{\"@type\":\"Article\",\"@id\":\"https:\/\/www.photoweb.fr\/espaces\/magazine\/magnet-save-the-date-mariage\/#article\",\"isPartOf\":{\"@id\":\"https:\/\/www.photoweb.fr\/espaces\/magazine\/magnet-save-the-date-mariage\/\"},\"author\":{\"name\":\"melanie\",\"@id\":\"https:\/\/www.photoweb.fr\/espaces\/magazine\/#\/schema\/person\/111451a615bb7cbe790bf8b1d6b24391\"},\"headline\":\"Save the date mariage Vintage : le faire part r\u00e9tro vous va si bien\",\"datePublished\":\"2018-02-23T14:42:08+00:00\",\"dateModified\":\"2022-11-04T13:44:02+00:00\",\"mainEntityOfPage\":{\"@id\":\"https:\/\/www.photoweb.fr\/espaces\/magazine\/magnet-save-the-date-mariage\/\"},\"wordCount\":481,\"commentCount\":0,\"publisher\":{\"@id\":\"https:\/\/www.photoweb.fr\/espaces\/magazine\/#organization\"},\"articleSection\":[\"Instants de vie\"],\"inLanguage\":\"fr-FR\",\"potentialAction\":[{\"@type\":\"CommentAction\",\"name\":\"Comment\",\"target\":[\"https:\/\/www.photoweb.fr\/espaces\/magazine\/magnet-save-the-date-mariage\/#respond\"]}]},{\"@type\":\"WebPage\",\"@id\":\"https:\/\/www.photoweb.fr\/espaces\/magazine\/magnet-save-the-date-mariage\/\",\"url\":\"https:\/\/www.photoweb.fr\/espaces\/magazine\/magnet-save-the-date-mariage\/\",\"name\":\"Save the date mariage Vintage : le faire part r\u00e9tro vous va si bien\",\"isPartOf\":{\"@id\":\"https:\/\/www.photoweb.fr\/espaces\/magazine\/#website\"},\"datePublished\":\"2018-02-23T14:42:08+00:00\",\"dateModified\":\"2022-11-04T13:44:02+00:00\",\"description\":\"Vous pr\u00e9voyez un mariage sur la th\u00e9matique vintage ? Alors pensez aux tirages photos r\u00e9tro pour votre Save the date mariage ! En savoir +\",\"breadcrumb\":{\"@id\":\"https:\/\/www.photoweb.fr\/espaces\/magazine\/magnet-save-the-date-mariage\/#breadcrumb\"},\"inLanguage\":\"fr-FR\",\"potentialAction\":[{\"@type\":\"ReadAction\",\"target\":[\"https:\/\/www.photoweb.fr\/espaces\/magazine\/magnet-save-the-date-mariage\/\"]}]},{\"@type\":\"BreadcrumbList\",\"@id\":\"https:\/\/www.photoweb.fr\/espaces\/magazine\/magnet-save-the-date-mariage\/#breadcrumb\",\"itemListElement\":[{\"@type\":\"ListItem\",\"position\":1,\"name\":\"Accueil\",\"item\":\"https:\/\/www.photoweb.fr\/espaces\/magazine\/\"},{\"@type\":\"ListItem\",\"position\":2,\"name\":\"Instants de vie\",\"item\":\"https:\/\/www.photoweb.fr\/espaces\/magazine\/instants-de-vie\/\"},{\"@type\":\"ListItem\",\"position\":3,\"name\":\"Save the date mariage Vintage : le faire part r\u00e9tro vous va si bien\"}]},{\"@type\":\"WebSite\",\"@id\":\"https:\/\/www.photoweb.fr\/espaces\/magazine\/#website\",\"url\":\"https:\/\/www.photoweb.fr\/espaces\/magazine\/\",\"name\":\"Photoweb, le mag\",\"description\":\"Le magazine de Photoweb\",\"publisher\":{\"@id\":\"https:\/\/www.photoweb.fr\/espaces\/magazine\/#organization\"},\"potentialAction\":[{\"@type\":\"SearchAction\",\"target\":{\"@type\":\"EntryPoint\",\"urlTemplate\":\"https:\/\/www.photoweb.fr\/espaces\/magazine\/?s={search_term_string}\"},\"query-input\":\"required name=search_term_string\"}],\"inLanguage\":\"fr-FR\"},{\"@type\":\"Organization\",\"@id\":\"https:\/\/www.photoweb.fr\/espaces\/magazine\/#organization\",\"name\":\"Photoweb\",\"url\":\"https:\/\/www.photoweb.fr\/espaces\/magazine\/\",\"logo\":{\"@type\":\"ImageObject\",\"inLanguage\":\"fr-FR\",\"@id\":\"https:\/\/www.photoweb.fr\/espaces\/magazine\/#\/schema\/logo\/image\/\",\"url\":\"https:\/\/www.photoweb.fr\/espaces\/magazine\/wp-content\/uploads\/2021\/02\/Logo-Photoweb.jpg\",\"contentUrl\":\"https:\/\/www.photoweb.fr\/espaces\/magazine\/wp-content\/uploads\/2021\/02\/Logo-Photoweb.jpg\",\"width\":780,\"height\":456,\"caption\":\"Photoweb\"},\"image\":{\"@id\":\"https:\/\/www.photoweb.fr\/espaces\/magazine\/#\/schema\/logo\/image\/\"},\"sameAs\":[\"https:\/\/fr-fr.facebook.com\/Photoweb.fr\/\",\"https:\/\/twitter.com\/Photoweb_fr\",\"https:\/\/www.instagram.com\/photowebfr\/\",\"https:\/\/www.linkedin.com\/company\/347094\/\",\"https:\/\/www.pinterest.fr\/inspirationsphotoweb\/_created\/\",\"https:\/\/www.youtube.com\/channel\/UCtcVmTvkAzKQLVkiwfOm8sg\"]},{\"@type\":\"Person\",\"@id\":\"https:\/\/www.photoweb.fr\/espaces\/magazine\/#\/schema\/person\/111451a615bb7cbe790bf8b1d6b24391\",\"name\":\"melanie\"}]}<\/script>\n<!-- \/ Yoast SEO plugin. -->","yoast_head_json":{"title":"Save the date mariage Vintage : le faire part r\u00e9tro vous va si bien","description":"Vous pr\u00e9voyez un mariage sur la th\u00e9matique vintage ? Alors pensez aux tirages photos r\u00e9tro pour votre Save the date mariage ! En savoir +","robots":{"index":"index","follow":"follow","max-snippet":"max-snippet:-1","max-image-preview":"max-image-preview:large","max-video-preview":"max-video-preview:-1"},"canonical":"https:\/\/www.photoweb.fr\/espaces\/magazine\/magnet-save-the-date-mariage\/","og_locale":"fr_FR","og_type":"article","og_title":"Save the date mariage Vintage : le faire part r\u00e9tro vous va si bien","og_description":"Vous pr\u00e9voyez un mariage sur la th\u00e9matique vintage ? Alors pensez aux tirages photos r\u00e9tro pour votre Save the date mariage ! En savoir +","og_url":"https:\/\/www.photoweb.fr\/espaces\/magazine\/magnet-save-the-date-mariage\/","og_site_name":"Photoweb, le mag","article_publisher":"https:\/\/fr-fr.facebook.com\/Photoweb.fr\/","article_published_time":"2018-02-23T14:42:08+00:00","article_modified_time":"2022-11-04T13:44:02+00:00","og_image":[{"width":1280,"height":960,"url":"https:\/\/www.photoweb.fr\/espaces\/magazine\/wp-content\/uploads\/2018\/02\/save-the-date-mariage-0.jpg","type":"image\/jpeg"}],"author":"melanie","twitter_card":"summary_large_image","twitter_creator":"@Photoweb_fr","twitter_site":"@Photoweb_fr","twitter_misc":{"\u00c9crit par":"melanie","Dur\u00e9e de lecture estim\u00e9e":"2 minutes"},"schema":{"@context":"https:\/\/schema.org","@graph":[{"@type":"Article","@id":"https:\/\/www.photoweb.fr\/espaces\/magazine\/magnet-save-the-date-mariage\/#article","isPartOf":{"@id":"https:\/\/www.photoweb.fr\/espaces\/magazine\/magnet-save-the-date-mariage\/"},"author":{"name":"melanie","@id":"https:\/\/www.photoweb.fr\/espaces\/magazine\/#\/schema\/person\/111451a615bb7cbe790bf8b1d6b24391"},"headline":"Save the date mariage Vintage : le faire part r\u00e9tro vous va si bien","datePublished":"2018-02-23T14:42:08+00:00","dateModified":"2022-11-04T13:44:02+00:00","mainEntityOfPage":{"@id":"https:\/\/www.photoweb.fr\/espaces\/magazine\/magnet-save-the-date-mariage\/"},"wordCount":481,"commentCount":0,"publisher":{"@id":"https:\/\/www.photoweb.fr\/espaces\/magazine\/#organization"},"articleSection":["Instants de vie"],"inLanguage":"fr-FR","potentialAction":[{"@type":"CommentAction","name":"Comment","target":["https:\/\/www.photoweb.fr\/espaces\/magazine\/magnet-save-the-date-mariage\/#respond"]}]},{"@type":"WebPage","@id":"https:\/\/www.photoweb.fr\/espaces\/magazine\/magnet-save-the-date-mariage\/","url":"https:\/\/www.photoweb.fr\/espaces\/magazine\/magnet-save-the-date-mariage\/","name":"Save the date mariage Vintage : le faire part r\u00e9tro vous va si bien","isPartOf":{"@id":"https:\/\/www.photoweb.fr\/espaces\/magazine\/#website"},"datePublished":"2018-02-23T14:42:08+00:00","dateModified":"2022-11-04T13:44:02+00:00","description":"Vous pr\u00e9voyez un mariage sur la th\u00e9matique vintage ? Alors pensez aux tirages photos r\u00e9tro pour votre Save the date mariage ! En savoir +","breadcrumb":{"@id":"https:\/\/www.photoweb.fr\/espaces\/magazine\/magnet-save-the-date-mariage\/#breadcrumb"},"inLanguage":"fr-FR","potentialAction":[{"@type":"ReadAction","target":["https:\/\/www.photoweb.fr\/espaces\/magazine\/magnet-save-the-date-mariage\/"]}]},{"@type":"BreadcrumbList","@id":"https:\/\/www.photoweb.fr\/espaces\/magazine\/magnet-save-the-date-mariage\/#breadcrumb","itemListElement":[{"@type":"ListItem","position":1,"name":"Accueil","item":"https:\/\/www.photoweb.fr\/espaces\/magazine\/"},{"@type":"ListItem","position":2,"name":"Instants de vie","item":"https:\/\/www.photoweb.fr\/espaces\/magazine\/instants-de-vie\/"},{"@type":"ListItem","position":3,"name":"Save the date mariage Vintage : le faire part r\u00e9tro vous va si bien"}]},{"@type":"WebSite","@id":"https:\/\/www.photoweb.fr\/espaces\/magazine\/#website","url":"https:\/\/www.photoweb.fr\/espaces\/magazine\/","name":"Photoweb, le mag","description":"Le magazine de Photoweb","publisher":{"@id":"https:\/\/www.photoweb.fr\/espaces\/magazine\/#organization"},"potentialAction":[{"@type":"SearchAction","target":{"@type":"EntryPoint","urlTemplate":"https:\/\/www.photoweb.fr\/espaces\/magazine\/?s={search_term_string}"},"query-input":"required name=search_term_string"}],"inLanguage":"fr-FR"},{"@type":"Organization","@id":"https:\/\/www.photoweb.fr\/espaces\/magazine\/#organization","name":"Photoweb","url":"https:\/\/www.photoweb.fr\/espaces\/magazine\/","logo":{"@type":"ImageObject","inLanguage":"fr-FR","@id":"https:\/\/www.photoweb.fr\/espaces\/magazine\/#\/schema\/logo\/image\/","url":"https:\/\/www.photoweb.fr\/espaces\/magazine\/wp-content\/uploads\/2021\/02\/Logo-Photoweb.jpg","contentUrl":"https:\/\/www.photoweb.fr\/espaces\/magazine\/wp-content\/uploads\/2021\/02\/Logo-Photoweb.jpg","width":780,"height":456,"caption":"Photoweb"},"image":{"@id":"https:\/\/www.photoweb.fr\/espaces\/magazine\/#\/schema\/logo\/image\/"},"sameAs":["https:\/\/fr-fr.facebook.com\/Photoweb.fr\/","https:\/\/twitter.com\/Photoweb_fr","https:\/\/www.instagram.com\/photowebfr\/","https:\/\/www.linkedin.com\/company\/347094\/","https:\/\/www.pinterest.fr\/inspirationsphotoweb\/_created\/","https:\/\/www.youtube.com\/channel\/UCtcVmTvkAzKQLVkiwfOm8sg"]},{"@type":"Person","@id":"https:\/\/www.photoweb.fr\/espaces\/magazine\/#\/schema\/person\/111451a615bb7cbe790bf8b1d6b24391","name":"melanie"}]}},"acf":[],"_links":{"self":[{"href":"https:\/\/www.photoweb.fr\/espaces\/magazine\/wp-json\/wp\/v2\/posts\/4747","targetHints":{"allow":["GET"]}}],"collection":[{"href":"https:\/\/www.photoweb.fr\/espaces\/magazine\/wp-json\/wp\/v2\/posts"}],"about":[{"href":"https:\/\/www.photoweb.fr\/espaces\/magazine\/wp-json\/wp\/v2\/types\/post"}],"author":[{"embeddable":true,"href":"https:\/\/www.photoweb.fr\/espaces\/magazine\/wp-json\/wp\/v2\/users\/21"}],"replies":[{"embeddable":true,"href":"https:\/\/www.photoweb.fr\/espaces\/magazine\/wp-json\/wp\/v2\/comments?post=4747"}],"version-history":[{"count":3,"href":"https:\/\/www.photoweb.fr\/espaces\/magazine\/wp-json\/wp\/v2\/posts\/4747\/revisions"}],"predecessor-version":[{"id":11867,"href":"https:\/\/www.photoweb.fr\/espaces\/magazine\/wp-json\/wp\/v2\/posts\/4747\/revisions\/11867"}],"wp:featuredmedia":[{"embeddable":true,"href":"https:\/\/www.photoweb.fr\/espaces\/magazine\/wp-json\/wp\/v2\/media\/4748"}],"wp:attachment":[{"href":"https:\/\/www.photoweb.fr\/espaces\/magazine\/wp-json\/wp\/v2\/media?parent=4747"}],"wp:term":[{"taxonomy":"category","embeddable":true,"href":"https:\/\/www.photoweb.fr\/espaces\/magazine\/wp-json\/wp\/v2\/categories?post=4747"},{"taxonomy":"post_tag","embeddable":true,"href":"https:\/\/www.photoweb.fr\/espaces\/magazine\/wp-json\/wp\/v2\/tags?post=4747"}],"curies":[{"name":"wp","href":"https:\/\/api.w.org\/{rel}","templated":true}]}}