{"id":4968,"date":"2018-03-22T09:38:43","date_gmt":"2018-03-22T09:38:43","guid":{"rendered":"https:\/\/www.photoweb.fr\/espaces\/magazine\/magazine\/?p=4968"},"modified":"2024-10-31T12:47:33","modified_gmt":"2024-10-31T10:47:33","slug":"annonce-grossesse-originale-photo","status":"publish","type":"post","link":"https:\/\/www.photoweb.fr\/espaces\/magazine\/annonce-grossesse-originale-photo\/","title":{"rendered":"Annonce grossesse originale en photo"},"content":{"rendered":"\n\n\t<p>On aime les belles histoires, nous sommes toujours touch\u00e9s par les petits mots que vous nous adressez en nous racontant <strong>vos moments de bonheur<\/strong>&#8230; Nous n&rsquo;avons qu&rsquo;une envie : que cela continue ! Cet article s&rsquo;adresse aux futurs parents, on vous donne quelques id\u00e9es pour <strong>annoncer la grossesse de maman<\/strong> \u00e0 votre entourage.<\/p>\n\t<p>Nos<strong> id\u00e9es cr\u00e9atives<\/strong> que vous allez d\u00e9couvrir sont toutes r\u00e9alisables sur notre site, on vous donne les astuces pour une annonce r\u00e9ussie \ud83d\ude42<\/p>\n<p>Ps : Photoweb ne sera dans un aucun cas tenu responsable de larmes de joies, beaux sourires ou petit malaise lors de votre annonce.<\/p>\n<h2><strong>C&rsquo;est papi et mamie qui vont rayonner de bonheur au petit matin<\/strong><\/h2>\n<p>Notre designer Cindy vous a concoct\u00e9 2 versions pour annoncer la merveilleuse nouvelle aux futurs grands-parents. Il vous suffit de t\u00e9l\u00e9charger nos images et de les t\u00e9l\u00e9charger dans votre album Photoweb. A vous de choisir entre un <strong>mug simple<\/strong> ou adopter un <strong>mug couleur<\/strong>. Vous pouvez \u00e9galement rajouter une photo de votre premi\u00e8re \u00e9chographie pour les faire fondre !<\/p>\n<p><strong>Images \u00e0 t\u00e9l\u00e9charger : <a href=\"https:\/\/www.photoweb.fr\/espaces\/magazine\/wp-content\/uploads\/2018\/03\/Mug-Surprise-mamie.jpg\" target=\"_blank\" rel=\"noopener\">Pour Mamie<\/a> <\/strong>\/ <strong><a href=\"https:\/\/www.photoweb.fr\/espaces\/magazine\/wp-content\/uploads\/2018\/03\/Mug-Surprise-papy.jpg\" target=\"_blank\" rel=\"noopener\">Pour Papi<\/a><\/strong><\/p>\n\t\t\t\t<img loading=\"lazy\" decoding=\"async\" src=\"https:\/\/www.photoweb.fr\/espaces\/magazine\/wp-content\/uploads\/2018\/03\/tirage-photo-annonce-grossesse.jpg\" alt=\"tirage photo annonce grossesse\" itemprop=\"image\" height=\"600\" width=\"800\" title=\"tirage photo annonce grossesse\" onerror=\"this.style.display='none'\"  \/>\n\t<h2><strong>Un recommand\u00e9 qu&rsquo;on est loin d&rsquo;oublier !<\/strong><\/h2>\n<p>Vous allez nous dire \u00ab mais ils sont fous chez Photoweb \u00bb ! Eh bien oui ! C&rsquo;est pour \u00e7a que l&rsquo;on vous propose ce colis surprise qui rendra fou de joie votre famille. Pour cela, il vous faut :<\/p>\n<ul>\n<li>un carton pour cacher le tout<\/li>\n<li>un ballon gonfl\u00e9 \u00e0 l&rsquo;h\u00e9lium o\u00f9 sera accroch\u00e9 la ficelle<\/li>\n<li>Nos diapos au bout de celle-ci<\/li>\n<\/ul>\n<p>Imprimez une \u00e9chographie ou les mains de papa et maman pos\u00e9es sur le ventre de maman en forme de c\u0153ur. Surtout, pensez \u00e0 un petit mot \u00e0 personnalis\u00e9 pour chacun : \u00ab Tu vas bient\u00f4t \u00eatre mamie \u00bb, \u00ab Septembre 2018 \u00bb, \u00ab On va \u00eatre parents ! \u00bb, \u00ab coucou tonton \u00bb.<\/p>\n<p>Pour commander sa bo\u00eete \u00e0 diapos <strong><a href=\"https:\/\/www.photoweb.fr\/box\/diapo\" target=\"_blank\" rel=\"noopener\">par ici<\/a><\/strong> !<\/p>\n\t\t\t\t<img loading=\"lazy\" decoding=\"async\" src=\"https:\/\/www.photoweb.fr\/espaces\/magazine\/wp-content\/uploads\/2018\/03\/ballonTV.jpg\" alt=\"DIY-annonce-grossesse-diapo\" itemprop=\"image\" height=\"600\" width=\"800\" title=\"DIY annonce grossesse diapo\" onerror=\"this.style.display='none'\"  \/>\n\t<h2><strong>Le puzzle d&rsquo;une nouvelle vie<\/strong><\/h2>\n<p>On a eu l&rsquo;id\u00e9e de rendre cela un peu plus fun ! On vous propose de t\u00e9l\u00e9charger nos images qui sont \u00e0 imprimer directement sur nos tirages classiques au format 10x15cm. Trouvez une belle fa\u00e7on de l&rsquo;annoncer \u00e0 Parrain et Marraine. On a pr\u00e9vu un l\u00e9ger trac\u00e9 pour former un <a href=\"https:\/\/www.photoweb.fr\/deco-maison\/puzzle-personnalise\">puzzle personnalis\u00e9<\/a>, vous n&rsquo;avez plus qu&rsquo;\u00e0 le d\u00e9couper et glisser les pi\u00e8ces dans une enveloppe. Filmez pour revivre leurs r\u00e9actions ensemble \ud83d\ude42<\/p>\n<p>&nbsp;<\/p>\n<p><strong>Images \u00e0 t\u00e9l\u00e9charger : <a href=\"https:\/\/www.photoweb.fr\/espaces\/magazine\/wp-content\/uploads\/2018\/03\/fond-tirage-10x15-001.jpg\" target=\"_blank\" rel=\"noopener\">Pour Parrain <\/a><\/strong>\/ <a href=\"https:\/\/www.photoweb.fr\/espaces\/magazine\/wp-content\/uploads\/2018\/03\/fond-tirage-10x15-002.jpg\" target=\"_blank\" rel=\"noopener\"><strong>Pour Marraine<\/strong><\/a><\/p>\n\t\t\t\t<img loading=\"lazy\" decoding=\"async\" src=\"https:\/\/www.photoweb.fr\/espaces\/magazine\/wp-content\/uploads\/2018\/03\/blog-mug-personnalise-grossesse.jpg\" alt=\"blog mug personnalis\u00e9 grossesse\" itemprop=\"image\" height=\"600\" width=\"800\" title=\"blog mug personnalis\u00e9 grossesse\" onerror=\"this.style.display='none'\"  \/>\n\t<h2><strong>1 + 1 = 3 n&rsquo;est-ce pas ?<\/strong><\/h2>\n<p>Vous avez d\u00e9j\u00e0 craqu\u00e9 pour une petite paire de chaussures pour votre petit bout ? Faites une photo ensemble avec les chaussures de papa, vient ensuite celle de maman puis les chaussures de votre futur b\u00e9b\u00e9. Le message est plus que clair n&rsquo;est-ce pas ? Cette belle photo est \u00e0 imprimer sur le support que vous voulez : tirage photo, bo\u00eetes \u00e0 photos, mug photo&#8230; C&rsquo;est \u00e0 vous de choisir !<\/p>\n\t\t\t\t<img loading=\"lazy\" decoding=\"async\" src=\"https:\/\/www.photoweb.fr\/espaces\/magazine\/wp-content\/uploads\/2018\/03\/annonce-surprise-grossesse-photo.jpg\" alt=\"annonce surprise grossesse photo\" itemprop=\"image\" height=\"600\" width=\"800\" title=\"annonce surprise grossesse photo\" onerror=\"this.style.display='none'\"  \/>\n\t<p>Alors ? Quelle id\u00e9e comptez-vous faire ? On veut tout savoir et montrez-nous votre cr\u00e9ation pour donner des id\u00e9es \u00e0 toute la communaut\u00e9 Photoweb.<\/p>\n<p>&nbsp;<\/p>\n<p><strong>Encore f\u00e9licitations aux futurs papa et maman \u2665<\/strong><\/p>\n\n","protected":false},"excerpt":{"rendered":"<p>On aime les belles histoires, nous sommes toujours aussi touch\u00e9s par vos petits mots que vous nous adressez en nous racontant vos moments de bonheur\u2026 Nous n\u2019avons qu\u2019une envie : que cela continue ! Cet article s\u2019adresse aux futurs parents, on vous donne quelques id\u00e9es pour annoncer la grossesse de maman \u00e0 votre entourage.<\/p>\n","protected":false},"author":21,"featured_media":4972,"comment_status":"open","ping_status":"open","sticky":false,"template":"single-standard.php","format":"standard","meta":{"footnotes":""},"categories":[5],"tags":[],"class_list":["post-4968","post","type-post","status-publish","format-standard","has-post-thumbnail","hentry","category-carnet-de-tendances"],"yoast_head":"<!-- This site is optimized with the Yoast SEO plugin v20.3 - https:\/\/yoast.com\/wordpress\/plugins\/seo\/ -->\n<title>Annonce grossesse originale en photo<\/title>\n<meta name=\"description\" content=\"Cet article s\u2019adresse aux futurs parents, on vous donne quelques id\u00e9es pour annoncer la grossesse de maman \u00e0 votre entourage. 5 id\u00e9es cr\u00e9atives :\" \/>\n<meta name=\"robots\" content=\"index, follow, max-snippet:-1, max-image-preview:large, max-video-preview:-1\" \/>\n<link rel=\"canonical\" href=\"https:\/\/www.photoweb.fr\/espaces\/magazine\/annonce-grossesse-originale-photo\/\" \/>\n<meta property=\"og:locale\" content=\"fr_FR\" \/>\n<meta property=\"og:type\" content=\"article\" \/>\n<meta property=\"og:title\" content=\"Annonce grossesse originale en photo\" \/>\n<meta property=\"og:description\" content=\"Cet article s\u2019adresse aux futurs parents, on vous donne quelques id\u00e9es pour annoncer la grossesse de maman \u00e0 votre entourage. 5 id\u00e9es cr\u00e9atives :\" \/>\n<meta property=\"og:url\" content=\"https:\/\/www.photoweb.fr\/espaces\/magazine\/annonce-grossesse-originale-photo\/\" \/>\n<meta property=\"og:site_name\" content=\"Photoweb, le mag\" \/>\n<meta property=\"article:publisher\" content=\"https:\/\/fr-fr.facebook.com\/Photoweb.fr\/\" \/>\n<meta property=\"article:published_time\" content=\"2018-03-22T09:38:43+00:00\" \/>\n<meta property=\"article:modified_time\" content=\"2024-10-31T10:47:33+00:00\" \/>\n<meta property=\"og:image\" content=\"https:\/\/www.photoweb.fr\/espaces\/magazine\/wp-content\/uploads\/2018\/03\/ballonTV.jpg\" \/>\n\t<meta property=\"og:image:width\" content=\"800\" \/>\n\t<meta property=\"og:image:height\" content=\"600\" \/>\n\t<meta property=\"og:image:type\" content=\"image\/jpeg\" \/>\n<meta name=\"author\" content=\"melanie\" \/>\n<meta name=\"twitter:card\" content=\"summary_large_image\" \/>\n<meta name=\"twitter:creator\" content=\"@Photoweb_fr\" \/>\n<meta name=\"twitter:site\" content=\"@Photoweb_fr\" \/>\n<meta name=\"twitter:label1\" content=\"\u00c9crit par\" \/>\n\t<meta name=\"twitter:data1\" content=\"melanie\" \/>\n\t<meta name=\"twitter:label2\" content=\"Dur\u00e9e de lecture estim\u00e9e\" \/>\n\t<meta name=\"twitter:data2\" content=\"2 minutes\" \/>\n<script type=\"application\/ld+json\" class=\"yoast-schema-graph\">{\"@context\":\"https:\/\/schema.org\",\"@graph\":[{\"@type\":\"Article\",\"@id\":\"https:\/\/www.photoweb.fr\/espaces\/magazine\/annonce-grossesse-originale-photo\/#article\",\"isPartOf\":{\"@id\":\"https:\/\/www.photoweb.fr\/espaces\/magazine\/annonce-grossesse-originale-photo\/\"},\"author\":{\"name\":\"melanie\",\"@id\":\"https:\/\/www.photoweb.fr\/espaces\/magazine\/#\/schema\/person\/111451a615bb7cbe790bf8b1d6b24391\"},\"headline\":\"Annonce grossesse originale en photo\",\"datePublished\":\"2018-03-22T09:38:43+00:00\",\"dateModified\":\"2024-10-31T10:47:33+00:00\",\"mainEntityOfPage\":{\"@id\":\"https:\/\/www.photoweb.fr\/espaces\/magazine\/annonce-grossesse-originale-photo\/\"},\"wordCount\":497,\"commentCount\":0,\"publisher\":{\"@id\":\"https:\/\/www.photoweb.fr\/espaces\/magazine\/#organization\"},\"articleSection\":[\"Carnet de tendance\"],\"inLanguage\":\"fr-FR\",\"potentialAction\":[{\"@type\":\"CommentAction\",\"name\":\"Comment\",\"target\":[\"https:\/\/www.photoweb.fr\/espaces\/magazine\/annonce-grossesse-originale-photo\/#respond\"]}]},{\"@type\":\"WebPage\",\"@id\":\"https:\/\/www.photoweb.fr\/espaces\/magazine\/annonce-grossesse-originale-photo\/\",\"url\":\"https:\/\/www.photoweb.fr\/espaces\/magazine\/annonce-grossesse-originale-photo\/\",\"name\":\"Annonce grossesse originale en photo\",\"isPartOf\":{\"@id\":\"https:\/\/www.photoweb.fr\/espaces\/magazine\/#website\"},\"datePublished\":\"2018-03-22T09:38:43+00:00\",\"dateModified\":\"2024-10-31T10:47:33+00:00\",\"description\":\"Cet article s\u2019adresse aux futurs parents, on vous donne quelques id\u00e9es pour annoncer la grossesse de maman \u00e0 votre entourage. 5 id\u00e9es cr\u00e9atives :\",\"breadcrumb\":{\"@id\":\"https:\/\/www.photoweb.fr\/espaces\/magazine\/annonce-grossesse-originale-photo\/#breadcrumb\"},\"inLanguage\":\"fr-FR\",\"potentialAction\":[{\"@type\":\"ReadAction\",\"target\":[\"https:\/\/www.photoweb.fr\/espaces\/magazine\/annonce-grossesse-originale-photo\/\"]}]},{\"@type\":\"BreadcrumbList\",\"@id\":\"https:\/\/www.photoweb.fr\/espaces\/magazine\/annonce-grossesse-originale-photo\/#breadcrumb\",\"itemListElement\":[{\"@type\":\"ListItem\",\"position\":1,\"name\":\"Accueil\",\"item\":\"https:\/\/www.photoweb.fr\/espaces\/magazine\/\"},{\"@type\":\"ListItem\",\"position\":2,\"name\":\"Carnet de tendance\",\"item\":\"https:\/\/www.photoweb.fr\/espaces\/magazine\/carnet-de-tendances\/\"},{\"@type\":\"ListItem\",\"position\":3,\"name\":\"Annonce grossesse originale en photo\"}]},{\"@type\":\"WebSite\",\"@id\":\"https:\/\/www.photoweb.fr\/espaces\/magazine\/#website\",\"url\":\"https:\/\/www.photoweb.fr\/espaces\/magazine\/\",\"name\":\"Photoweb, le mag\",\"description\":\"Le magazine de Photoweb\",\"publisher\":{\"@id\":\"https:\/\/www.photoweb.fr\/espaces\/magazine\/#organization\"},\"potentialAction\":[{\"@type\":\"SearchAction\",\"target\":{\"@type\":\"EntryPoint\",\"urlTemplate\":\"https:\/\/www.photoweb.fr\/espaces\/magazine\/?s={search_term_string}\"},\"query-input\":\"required name=search_term_string\"}],\"inLanguage\":\"fr-FR\"},{\"@type\":\"Organization\",\"@id\":\"https:\/\/www.photoweb.fr\/espaces\/magazine\/#organization\",\"name\":\"Photoweb\",\"url\":\"https:\/\/www.photoweb.fr\/espaces\/magazine\/\",\"logo\":{\"@type\":\"ImageObject\",\"inLanguage\":\"fr-FR\",\"@id\":\"https:\/\/www.photoweb.fr\/espaces\/magazine\/#\/schema\/logo\/image\/\",\"url\":\"https:\/\/www.photoweb.fr\/espaces\/magazine\/wp-content\/uploads\/2021\/02\/Logo-Photoweb.jpg\",\"contentUrl\":\"https:\/\/www.photoweb.fr\/espaces\/magazine\/wp-content\/uploads\/2021\/02\/Logo-Photoweb.jpg\",\"width\":780,\"height\":456,\"caption\":\"Photoweb\"},\"image\":{\"@id\":\"https:\/\/www.photoweb.fr\/espaces\/magazine\/#\/schema\/logo\/image\/\"},\"sameAs\":[\"https:\/\/fr-fr.facebook.com\/Photoweb.fr\/\",\"https:\/\/twitter.com\/Photoweb_fr\",\"https:\/\/www.instagram.com\/photowebfr\/\",\"https:\/\/www.linkedin.com\/company\/347094\/\",\"https:\/\/www.pinterest.fr\/inspirationsphotoweb\/_created\/\",\"https:\/\/www.youtube.com\/channel\/UCtcVmTvkAzKQLVkiwfOm8sg\"]},{\"@type\":\"Person\",\"@id\":\"https:\/\/www.photoweb.fr\/espaces\/magazine\/#\/schema\/person\/111451a615bb7cbe790bf8b1d6b24391\",\"name\":\"melanie\"}]}<\/script>\n<!-- \/ Yoast SEO plugin. -->","yoast_head_json":{"title":"Annonce grossesse originale en photo","description":"Cet article s\u2019adresse aux futurs parents, on vous donne quelques id\u00e9es pour annoncer la grossesse de maman \u00e0 votre entourage. 5 id\u00e9es cr\u00e9atives :","robots":{"index":"index","follow":"follow","max-snippet":"max-snippet:-1","max-image-preview":"max-image-preview:large","max-video-preview":"max-video-preview:-1"},"canonical":"https:\/\/www.photoweb.fr\/espaces\/magazine\/annonce-grossesse-originale-photo\/","og_locale":"fr_FR","og_type":"article","og_title":"Annonce grossesse originale en photo","og_description":"Cet article s\u2019adresse aux futurs parents, on vous donne quelques id\u00e9es pour annoncer la grossesse de maman \u00e0 votre entourage. 5 id\u00e9es cr\u00e9atives :","og_url":"https:\/\/www.photoweb.fr\/espaces\/magazine\/annonce-grossesse-originale-photo\/","og_site_name":"Photoweb, le mag","article_publisher":"https:\/\/fr-fr.facebook.com\/Photoweb.fr\/","article_published_time":"2018-03-22T09:38:43+00:00","article_modified_time":"2024-10-31T10:47:33+00:00","og_image":[{"width":800,"height":600,"url":"https:\/\/www.photoweb.fr\/espaces\/magazine\/wp-content\/uploads\/2018\/03\/ballonTV.jpg","type":"image\/jpeg"}],"author":"melanie","twitter_card":"summary_large_image","twitter_creator":"@Photoweb_fr","twitter_site":"@Photoweb_fr","twitter_misc":{"\u00c9crit par":"melanie","Dur\u00e9e de lecture estim\u00e9e":"2 minutes"},"schema":{"@context":"https:\/\/schema.org","@graph":[{"@type":"Article","@id":"https:\/\/www.photoweb.fr\/espaces\/magazine\/annonce-grossesse-originale-photo\/#article","isPartOf":{"@id":"https:\/\/www.photoweb.fr\/espaces\/magazine\/annonce-grossesse-originale-photo\/"},"author":{"name":"melanie","@id":"https:\/\/www.photoweb.fr\/espaces\/magazine\/#\/schema\/person\/111451a615bb7cbe790bf8b1d6b24391"},"headline":"Annonce grossesse originale en photo","datePublished":"2018-03-22T09:38:43+00:00","dateModified":"2024-10-31T10:47:33+00:00","mainEntityOfPage":{"@id":"https:\/\/www.photoweb.fr\/espaces\/magazine\/annonce-grossesse-originale-photo\/"},"wordCount":497,"commentCount":0,"publisher":{"@id":"https:\/\/www.photoweb.fr\/espaces\/magazine\/#organization"},"articleSection":["Carnet de tendance"],"inLanguage":"fr-FR","potentialAction":[{"@type":"CommentAction","name":"Comment","target":["https:\/\/www.photoweb.fr\/espaces\/magazine\/annonce-grossesse-originale-photo\/#respond"]}]},{"@type":"WebPage","@id":"https:\/\/www.photoweb.fr\/espaces\/magazine\/annonce-grossesse-originale-photo\/","url":"https:\/\/www.photoweb.fr\/espaces\/magazine\/annonce-grossesse-originale-photo\/","name":"Annonce grossesse originale en photo","isPartOf":{"@id":"https:\/\/www.photoweb.fr\/espaces\/magazine\/#website"},"datePublished":"2018-03-22T09:38:43+00:00","dateModified":"2024-10-31T10:47:33+00:00","description":"Cet article s\u2019adresse aux futurs parents, on vous donne quelques id\u00e9es pour annoncer la grossesse de maman \u00e0 votre entourage. 5 id\u00e9es cr\u00e9atives :","breadcrumb":{"@id":"https:\/\/www.photoweb.fr\/espaces\/magazine\/annonce-grossesse-originale-photo\/#breadcrumb"},"inLanguage":"fr-FR","potentialAction":[{"@type":"ReadAction","target":["https:\/\/www.photoweb.fr\/espaces\/magazine\/annonce-grossesse-originale-photo\/"]}]},{"@type":"BreadcrumbList","@id":"https:\/\/www.photoweb.fr\/espaces\/magazine\/annonce-grossesse-originale-photo\/#breadcrumb","itemListElement":[{"@type":"ListItem","position":1,"name":"Accueil","item":"https:\/\/www.photoweb.fr\/espaces\/magazine\/"},{"@type":"ListItem","position":2,"name":"Carnet de tendance","item":"https:\/\/www.photoweb.fr\/espaces\/magazine\/carnet-de-tendances\/"},{"@type":"ListItem","position":3,"name":"Annonce grossesse originale en photo"}]},{"@type":"WebSite","@id":"https:\/\/www.photoweb.fr\/espaces\/magazine\/#website","url":"https:\/\/www.photoweb.fr\/espaces\/magazine\/","name":"Photoweb, le mag","description":"Le magazine de Photoweb","publisher":{"@id":"https:\/\/www.photoweb.fr\/espaces\/magazine\/#organization"},"potentialAction":[{"@type":"SearchAction","target":{"@type":"EntryPoint","urlTemplate":"https:\/\/www.photoweb.fr\/espaces\/magazine\/?s={search_term_string}"},"query-input":"required name=search_term_string"}],"inLanguage":"fr-FR"},{"@type":"Organization","@id":"https:\/\/www.photoweb.fr\/espaces\/magazine\/#organization","name":"Photoweb","url":"https:\/\/www.photoweb.fr\/espaces\/magazine\/","logo":{"@type":"ImageObject","inLanguage":"fr-FR","@id":"https:\/\/www.photoweb.fr\/espaces\/magazine\/#\/schema\/logo\/image\/","url":"https:\/\/www.photoweb.fr\/espaces\/magazine\/wp-content\/uploads\/2021\/02\/Logo-Photoweb.jpg","contentUrl":"https:\/\/www.photoweb.fr\/espaces\/magazine\/wp-content\/uploads\/2021\/02\/Logo-Photoweb.jpg","width":780,"height":456,"caption":"Photoweb"},"image":{"@id":"https:\/\/www.photoweb.fr\/espaces\/magazine\/#\/schema\/logo\/image\/"},"sameAs":["https:\/\/fr-fr.facebook.com\/Photoweb.fr\/","https:\/\/twitter.com\/Photoweb_fr","https:\/\/www.instagram.com\/photowebfr\/","https:\/\/www.linkedin.com\/company\/347094\/","https:\/\/www.pinterest.fr\/inspirationsphotoweb\/_created\/","https:\/\/www.youtube.com\/channel\/UCtcVmTvkAzKQLVkiwfOm8sg"]},{"@type":"Person","@id":"https:\/\/www.photoweb.fr\/espaces\/magazine\/#\/schema\/person\/111451a615bb7cbe790bf8b1d6b24391","name":"melanie"}]}},"acf":[],"_links":{"self":[{"href":"https:\/\/www.photoweb.fr\/espaces\/magazine\/wp-json\/wp\/v2\/posts\/4968","targetHints":{"allow":["GET"]}}],"collection":[{"href":"https:\/\/www.photoweb.fr\/espaces\/magazine\/wp-json\/wp\/v2\/posts"}],"about":[{"href":"https:\/\/www.photoweb.fr\/espaces\/magazine\/wp-json\/wp\/v2\/types\/post"}],"author":[{"embeddable":true,"href":"https:\/\/www.photoweb.fr\/espaces\/magazine\/wp-json\/wp\/v2\/users\/21"}],"replies":[{"embeddable":true,"href":"https:\/\/www.photoweb.fr\/espaces\/magazine\/wp-json\/wp\/v2\/comments?post=4968"}],"version-history":[{"count":1,"href":"https:\/\/www.photoweb.fr\/espaces\/magazine\/wp-json\/wp\/v2\/posts\/4968\/revisions"}],"predecessor-version":[{"id":13545,"href":"https:\/\/www.photoweb.fr\/espaces\/magazine\/wp-json\/wp\/v2\/posts\/4968\/revisions\/13545"}],"wp:featuredmedia":[{"embeddable":true,"href":"https:\/\/www.photoweb.fr\/espaces\/magazine\/wp-json\/wp\/v2\/media\/4972"}],"wp:attachment":[{"href":"https:\/\/www.photoweb.fr\/espaces\/magazine\/wp-json\/wp\/v2\/media?parent=4968"}],"wp:term":[{"taxonomy":"category","embeddable":true,"href":"https:\/\/www.photoweb.fr\/espaces\/magazine\/wp-json\/wp\/v2\/categories?post=4968"},{"taxonomy":"post_tag","embeddable":true,"href":"https:\/\/www.photoweb.fr\/espaces\/magazine\/wp-json\/wp\/v2\/tags?post=4968"}],"curies":[{"name":"wp","href":"https:\/\/api.w.org\/{rel}","templated":true}]}}