{"id":5010,"date":"2018-04-11T09:45:42","date_gmt":"2018-04-11T09:45:42","guid":{"rendered":"https:\/\/www.photoweb.fr\/espaces\/magazine\/magazine\/?p=5010"},"modified":"2020-09-22T14:14:16","modified_gmt":"2020-09-22T14:14:16","slug":"diy-fete-des-meres-album-photo-personnalise","status":"publish","type":"post","link":"https:\/\/www.photoweb.fr\/espaces\/magazine\/diy-fete-des-meres-album-photo-personnalise\/","title":{"rendered":"DIY f\u00eate des m\u00e8res : faire un livre photo personnalis\u00e9"},"content":{"rendered":"<p>Quoi de mieux qu\u2019un album photo pour retracer vos plus beaux souvenirs en famille ? Voici un <strong>DIY f\u00eate des m\u00e8res<\/strong> fa\u00e7on \u00ab loisirs cr\u00e9atifs \u00bb, dans l\u2019id\u00e9e de faire plaisir \u00e0 celle qu\u2019on aime tant : notre Maman. Un cadeau pour la f\u00eate des m\u00e8res facile \u00e0 r\u00e9aliser.<\/p>\n<h2>DIY f\u00eate des m\u00e8res : pourquoi cr\u00e9er un livre photo personnalis\u00e9 ?<\/h2>\n<p><a href=\"https:\/\/www.photoweb.fr\/espaces\/magazine\/magazine\/creer-album-photo-pourquoi\/\">Cr\u00e9er un album photo<\/a> fait partie int\u00e9grante de notre culture, de nos m\u0153urs. Parents et grands-parents collectionnent les <a href=\"https:\/\/www.photoweb.fr\/livre-photo\/listing\">livres photo<\/a>, qui ont donc une connotation familiale tr\u00e8s forte. Pourquoi r\u00e9aliser ce DIY f\u00eate des m\u00e8res pour le 27 Mai prochain ?<\/p>\n<p>En plus de faire partie des id\u00e9es cr\u00e9atives populaires :<\/p>\n<ul>\n<li>C\u2019est une belle fa\u00e7on de se rem\u00e9morer les meilleurs souvenirs. M\u00eame si vous avez une bonne m\u00e9moire, se souvenir des \u00e9v\u00e9nements pass\u00e9s au moyen de la photo est plus r\u00e9aliste, visuel et \u00e9mouvant. Un peu comme si vous revivez une seconde fois tous ces instants.<\/li>\n<li>L\u2019album photo favorise le partage d\u2019\u00e9motions : on partage du bonheur, des sentiments, des rires, des larmes\u2026 Et \u00e7a a encore plus de sens si ces \u00e9motions sont partag\u00e9es. Consulter ses photos est toujours plus sympa en famille ou entre amis.<\/li>\n<\/ul>\n<h2>DIY f\u00eate des m\u00e8res : les \u00e9tapes<br \/>\nde cr\u00e9ation<\/h2>\n<p>Pr\u00eat \u00e0 vous lancer dans ce DIY f\u00eate des m\u00e8res fa\u00e7on \u00ab fait main \u00bb ? Car oui, m\u00eame si vous n\u2019avez pas besoin d\u2019utiliser ciseaux, scotch, colle et autres accessoires, vous allez quand m\u00eame cr\u00e9er en ligne de A \u00e0 Z, et de vous-m\u00eame, votre <a href=\"https:\/\/www.photoweb.fr\/promotion\/cadeau-personnalise.asp\">cadeau personnalis\u00e9<\/a>.<\/p>\n<p>Voici en bref les \u00e9tapes importantes de ce cadeau pour la f\u00eate des m\u00e8res :<\/p>\n<ol>\n<li>Tri et s\u00e9lection des photos<\/li>\n<li>Choix du support (type d\u2019album)<\/li>\n<li>Choix du th\u00e8me directeur<\/li>\n<li>Mise en page et personnalisation<\/li>\n<li>Relecture, finitions et commande<\/li>\n<\/ol>\n<p>Commencez d\u00e9j\u00e0 par centraliser toutes vos photos dans un seul dossier, sur votre ordinateur. Triez ensuite celles qui \u00e0 vos yeux sont les plus r\u00e9ussies. Ce seront celles-ci que vous allez choisir d\u2019inclure dans votre album photo personnalis\u00e9 pour la f\u00eate des mamans.<\/p>\n<p>Ensuite, sur la boutique Photoweb.fr, il vous suffira de choisir quel support sera le plus adapt\u00e9. De nombreux tailles et formats vous permettront de s\u00e9lectionner le livre photo id\u00e9al. Nous vous conseillons l\u2019album photo GraphiK, El\u00e9gance ou Prestige pour cette occasion. Ils ont chacun leurs caract\u00e9ristiques, \u00e0 vous de voir ce qui vous pla\u00eet le plus.<\/p>\n<p>Vous commencerez ensuite l\u2019\u00e9tape de la personnalisation, avec le choix du th\u00e8me directeur de votre album, puis les diff\u00e9rentes mises en page : nombre de photos par page, zones de texte, illustrations\u2026 C\u2019est ici que vous t\u00e9l\u00e9chargerez vos photos et lib\u00e9rerez votre imagination. Il ne vous restera plus qu\u2019\u00e0 personnaliser le tout \u00e0 votre guise, parmi les nombreuses possibilit\u00e9s cr\u00e9atives de notre logiciel de cr\u00e9ation. M\u00eame la couverture est 100% personnalisable, \u00e9clatez-vous !<\/p>\n<p>Enfin, v\u00e9rifiez que votre cr\u00e9ation ne comporte pas d\u2019erreur ou d\u2019oubli, finalisez et commandez !<\/p>\n<p>&nbsp;<\/p>\n<p><a href=\"https:\/\/www.photoweb.fr\/promotion\/fete-des-parents\" target=\"_self\"><br \/>\n<img loading=\"lazy\" decoding=\"async\" title=\"id\u00e9e cadeau photo personnalis\u00e9\" src=\"https:\/\/www.photoweb.fr\/espaces\/magazine\/wp-content\/uploads\/2018\/02\/idee-cadeau-photo-personnalise.jpg\" alt=\"id\u00e9e cadeau photo personnalis\u00e9\" width=\"800\" height=\"600\" \/><br \/>\n<\/a><\/p>\n","protected":false},"excerpt":{"rendered":"<p>A la recherche d\u2019id\u00e9es de cadeaux pour le 27 Mai prochain ? D\u00e9couvrez un DIY f\u00eate des m\u00e8res facile \u00e0 r\u00e9aliser, autour de l\u2019album photo personnalis\u00e9. Fa\u00e7on \u00ab loisirs cr\u00e9atifs \u00bb et \u00ab fait main \u00bb, amusez-vous \u00e0 r\u00e9aliser ce joli cadeau personnalis\u00e9 \u00e0 l\u2019image de son destinataire. Vous serez s\u00fbr de faire plaisir avec ce cadeau pour la f\u00eate des m\u00e8res. Dans cet article, vous d\u00e9couvrirez les raisons de choisir cette id\u00e9e cadeau. Si \u00e7a vous parle, vous pourrez vous lancer dans la confection d\u2019un livre photo personnalisable depuis notre boutique Photoweb.fr. Vous serez guid\u00e9 de A \u00e0 Z, depuis notre logiciel d\u2019aide \u00e0 la cr\u00e9ation. Il vous suffira tout d\u2019abord de choisir un support adapt\u00e9 parmi nos nombreux mod\u00e8les d\u2019album photo (tailles et formats diff\u00e9rents). Ensuite, vous choisissez votre th\u00e8me directeur pr\u00e9f\u00e9r\u00e9 et commencerez la cr\u00e9ation en misant sur des mises en pages toujours plus cr\u00e9atives les unes que les autres ! Eveillez vos sens, \u00e9veillez votre cr\u00e9ativit\u00e9 et surprenez vos proches en plus de vous surprendre vous-m\u00eame ! Emotions garanties, suivis de grands mercis\u2026<\/p>\n","protected":false},"author":21,"featured_media":5011,"comment_status":"open","ping_status":"open","sticky":false,"template":"single-standard.php","format":"standard","meta":{"footnotes":""},"categories":[18],"tags":[27,52],"class_list":["post-5010","post","type-post","status-publish","format-standard","has-post-thumbnail","hentry","category-conseils-expets","tag-album-photo-personnalise","tag-cadeau-photo"],"yoast_head":"<!-- This site is optimized with the Yoast SEO plugin v20.3 - https:\/\/yoast.com\/wordpress\/plugins\/seo\/ -->\n<title>DIY f\u00eate des m\u00e8res : faire un livre photo personnalis\u00e9<\/title>\n<meta name=\"description\" content=\"Voici un DIY f\u00eate des m\u00e8res qui ne laissera pas indiff\u00e9rent votre petite maman ch\u00e9rie : un album photo personnalis\u00e9 100% unique \u00e0 son image, en savoir + !\" \/>\n<meta name=\"robots\" content=\"index, follow, max-snippet:-1, max-image-preview:large, max-video-preview:-1\" \/>\n<link rel=\"canonical\" href=\"https:\/\/www.photoweb.fr\/espaces\/magazine\/diy-fete-des-meres-album-photo-personnalise\/\" \/>\n<meta property=\"og:locale\" content=\"fr_FR\" \/>\n<meta property=\"og:type\" content=\"article\" \/>\n<meta property=\"og:title\" content=\"DIY f\u00eate des m\u00e8res : faire un livre photo personnalis\u00e9\" \/>\n<meta property=\"og:description\" content=\"Voici un DIY f\u00eate des m\u00e8res qui ne laissera pas indiff\u00e9rent votre petite maman ch\u00e9rie : un album photo personnalis\u00e9 100% unique \u00e0 son image, en savoir + !\" \/>\n<meta property=\"og:url\" content=\"https:\/\/www.photoweb.fr\/espaces\/magazine\/diy-fete-des-meres-album-photo-personnalise\/\" \/>\n<meta property=\"og:site_name\" content=\"Photoweb, le mag\" \/>\n<meta property=\"article:publisher\" content=\"https:\/\/fr-fr.facebook.com\/Photoweb.fr\/\" \/>\n<meta property=\"article:published_time\" content=\"2018-04-11T09:45:42+00:00\" \/>\n<meta property=\"article:modified_time\" content=\"2020-09-22T14:14:16+00:00\" \/>\n<meta property=\"og:image\" content=\"https:\/\/www.photoweb.fr\/espaces\/magazine\/wp-content\/uploads\/2018\/03\/diy-fete-des-meres.jpg\" \/>\n\t<meta property=\"og:image:width\" content=\"1280\" \/>\n\t<meta property=\"og:image:height\" content=\"960\" \/>\n\t<meta property=\"og:image:type\" content=\"image\/jpeg\" \/>\n<meta name=\"author\" content=\"melanie\" \/>\n<meta name=\"twitter:card\" content=\"summary_large_image\" \/>\n<meta name=\"twitter:creator\" content=\"@Photoweb_fr\" \/>\n<meta name=\"twitter:site\" content=\"@Photoweb_fr\" \/>\n<meta name=\"twitter:label1\" content=\"\u00c9crit par\" \/>\n\t<meta name=\"twitter:data1\" content=\"melanie\" \/>\n\t<meta name=\"twitter:label2\" content=\"Dur\u00e9e de lecture estim\u00e9e\" \/>\n\t<meta name=\"twitter:data2\" content=\"3 minutes\" \/>\n<script type=\"application\/ld+json\" class=\"yoast-schema-graph\">{\"@context\":\"https:\/\/schema.org\",\"@graph\":[{\"@type\":\"Article\",\"@id\":\"https:\/\/www.photoweb.fr\/espaces\/magazine\/diy-fete-des-meres-album-photo-personnalise\/#article\",\"isPartOf\":{\"@id\":\"https:\/\/www.photoweb.fr\/espaces\/magazine\/diy-fete-des-meres-album-photo-personnalise\/\"},\"author\":{\"name\":\"melanie\",\"@id\":\"https:\/\/www.photoweb.fr\/espaces\/magazine\/#\/schema\/person\/111451a615bb7cbe790bf8b1d6b24391\"},\"headline\":\"DIY f\u00eate des m\u00e8res : faire un livre photo personnalis\u00e9\",\"datePublished\":\"2018-04-11T09:45:42+00:00\",\"dateModified\":\"2020-09-22T14:14:16+00:00\",\"mainEntityOfPage\":{\"@id\":\"https:\/\/www.photoweb.fr\/espaces\/magazine\/diy-fete-des-meres-album-photo-personnalise\/\"},\"wordCount\":544,\"commentCount\":0,\"publisher\":{\"@id\":\"https:\/\/www.photoweb.fr\/espaces\/magazine\/#organization\"},\"keywords\":[\"album photo personnalis\u00e9\",\"cadeau photo\"],\"articleSection\":[\"Conseils experts\"],\"inLanguage\":\"fr-FR\",\"potentialAction\":[{\"@type\":\"CommentAction\",\"name\":\"Comment\",\"target\":[\"https:\/\/www.photoweb.fr\/espaces\/magazine\/diy-fete-des-meres-album-photo-personnalise\/#respond\"]}]},{\"@type\":\"WebPage\",\"@id\":\"https:\/\/www.photoweb.fr\/espaces\/magazine\/diy-fete-des-meres-album-photo-personnalise\/\",\"url\":\"https:\/\/www.photoweb.fr\/espaces\/magazine\/diy-fete-des-meres-album-photo-personnalise\/\",\"name\":\"DIY f\u00eate des m\u00e8res : faire un livre photo personnalis\u00e9\",\"isPartOf\":{\"@id\":\"https:\/\/www.photoweb.fr\/espaces\/magazine\/#website\"},\"datePublished\":\"2018-04-11T09:45:42+00:00\",\"dateModified\":\"2020-09-22T14:14:16+00:00\",\"description\":\"Voici un DIY f\u00eate des m\u00e8res qui ne laissera pas indiff\u00e9rent votre petite maman ch\u00e9rie : un album photo personnalis\u00e9 100% unique \u00e0 son image, en savoir + !\",\"breadcrumb\":{\"@id\":\"https:\/\/www.photoweb.fr\/espaces\/magazine\/diy-fete-des-meres-album-photo-personnalise\/#breadcrumb\"},\"inLanguage\":\"fr-FR\",\"potentialAction\":[{\"@type\":\"ReadAction\",\"target\":[\"https:\/\/www.photoweb.fr\/espaces\/magazine\/diy-fete-des-meres-album-photo-personnalise\/\"]}]},{\"@type\":\"BreadcrumbList\",\"@id\":\"https:\/\/www.photoweb.fr\/espaces\/magazine\/diy-fete-des-meres-album-photo-personnalise\/#breadcrumb\",\"itemListElement\":[{\"@type\":\"ListItem\",\"position\":1,\"name\":\"Accueil\",\"item\":\"https:\/\/www.photoweb.fr\/espaces\/magazine\/\"},{\"@type\":\"ListItem\",\"position\":2,\"name\":\"Conseils experts\",\"item\":\"https:\/\/www.photoweb.fr\/espaces\/magazine\/conseils-expets\/\"},{\"@type\":\"ListItem\",\"position\":3,\"name\":\"DIY f\u00eate des m\u00e8res : faire un livre photo personnalis\u00e9\"}]},{\"@type\":\"WebSite\",\"@id\":\"https:\/\/www.photoweb.fr\/espaces\/magazine\/#website\",\"url\":\"https:\/\/www.photoweb.fr\/espaces\/magazine\/\",\"name\":\"Photoweb, le mag\",\"description\":\"Le magazine de Photoweb\",\"publisher\":{\"@id\":\"https:\/\/www.photoweb.fr\/espaces\/magazine\/#organization\"},\"potentialAction\":[{\"@type\":\"SearchAction\",\"target\":{\"@type\":\"EntryPoint\",\"urlTemplate\":\"https:\/\/www.photoweb.fr\/espaces\/magazine\/?s={search_term_string}\"},\"query-input\":\"required name=search_term_string\"}],\"inLanguage\":\"fr-FR\"},{\"@type\":\"Organization\",\"@id\":\"https:\/\/www.photoweb.fr\/espaces\/magazine\/#organization\",\"name\":\"Photoweb\",\"url\":\"https:\/\/www.photoweb.fr\/espaces\/magazine\/\",\"logo\":{\"@type\":\"ImageObject\",\"inLanguage\":\"fr-FR\",\"@id\":\"https:\/\/www.photoweb.fr\/espaces\/magazine\/#\/schema\/logo\/image\/\",\"url\":\"https:\/\/www.photoweb.fr\/espaces\/magazine\/wp-content\/uploads\/2021\/02\/Logo-Photoweb.jpg\",\"contentUrl\":\"https:\/\/www.photoweb.fr\/espaces\/magazine\/wp-content\/uploads\/2021\/02\/Logo-Photoweb.jpg\",\"width\":780,\"height\":456,\"caption\":\"Photoweb\"},\"image\":{\"@id\":\"https:\/\/www.photoweb.fr\/espaces\/magazine\/#\/schema\/logo\/image\/\"},\"sameAs\":[\"https:\/\/fr-fr.facebook.com\/Photoweb.fr\/\",\"https:\/\/twitter.com\/Photoweb_fr\",\"https:\/\/www.instagram.com\/photowebfr\/\",\"https:\/\/www.linkedin.com\/company\/347094\/\",\"https:\/\/www.pinterest.fr\/inspirationsphotoweb\/_created\/\",\"https:\/\/www.youtube.com\/channel\/UCtcVmTvkAzKQLVkiwfOm8sg\"]},{\"@type\":\"Person\",\"@id\":\"https:\/\/www.photoweb.fr\/espaces\/magazine\/#\/schema\/person\/111451a615bb7cbe790bf8b1d6b24391\",\"name\":\"melanie\"}]}<\/script>\n<!-- \/ Yoast SEO plugin. -->","yoast_head_json":{"title":"DIY f\u00eate des m\u00e8res : faire un livre photo personnalis\u00e9","description":"Voici un DIY f\u00eate des m\u00e8res qui ne laissera pas indiff\u00e9rent votre petite maman ch\u00e9rie : un album photo personnalis\u00e9 100% unique \u00e0 son image, en savoir + !","robots":{"index":"index","follow":"follow","max-snippet":"max-snippet:-1","max-image-preview":"max-image-preview:large","max-video-preview":"max-video-preview:-1"},"canonical":"https:\/\/www.photoweb.fr\/espaces\/magazine\/diy-fete-des-meres-album-photo-personnalise\/","og_locale":"fr_FR","og_type":"article","og_title":"DIY f\u00eate des m\u00e8res : faire un livre photo personnalis\u00e9","og_description":"Voici un DIY f\u00eate des m\u00e8res qui ne laissera pas indiff\u00e9rent votre petite maman ch\u00e9rie : un album photo personnalis\u00e9 100% unique \u00e0 son image, en savoir + !","og_url":"https:\/\/www.photoweb.fr\/espaces\/magazine\/diy-fete-des-meres-album-photo-personnalise\/","og_site_name":"Photoweb, le mag","article_publisher":"https:\/\/fr-fr.facebook.com\/Photoweb.fr\/","article_published_time":"2018-04-11T09:45:42+00:00","article_modified_time":"2020-09-22T14:14:16+00:00","og_image":[{"width":1280,"height":960,"url":"https:\/\/www.photoweb.fr\/espaces\/magazine\/wp-content\/uploads\/2018\/03\/diy-fete-des-meres.jpg","type":"image\/jpeg"}],"author":"melanie","twitter_card":"summary_large_image","twitter_creator":"@Photoweb_fr","twitter_site":"@Photoweb_fr","twitter_misc":{"\u00c9crit par":"melanie","Dur\u00e9e de lecture estim\u00e9e":"3 minutes"},"schema":{"@context":"https:\/\/schema.org","@graph":[{"@type":"Article","@id":"https:\/\/www.photoweb.fr\/espaces\/magazine\/diy-fete-des-meres-album-photo-personnalise\/#article","isPartOf":{"@id":"https:\/\/www.photoweb.fr\/espaces\/magazine\/diy-fete-des-meres-album-photo-personnalise\/"},"author":{"name":"melanie","@id":"https:\/\/www.photoweb.fr\/espaces\/magazine\/#\/schema\/person\/111451a615bb7cbe790bf8b1d6b24391"},"headline":"DIY f\u00eate des m\u00e8res : faire un livre photo personnalis\u00e9","datePublished":"2018-04-11T09:45:42+00:00","dateModified":"2020-09-22T14:14:16+00:00","mainEntityOfPage":{"@id":"https:\/\/www.photoweb.fr\/espaces\/magazine\/diy-fete-des-meres-album-photo-personnalise\/"},"wordCount":544,"commentCount":0,"publisher":{"@id":"https:\/\/www.photoweb.fr\/espaces\/magazine\/#organization"},"keywords":["album photo personnalis\u00e9","cadeau photo"],"articleSection":["Conseils experts"],"inLanguage":"fr-FR","potentialAction":[{"@type":"CommentAction","name":"Comment","target":["https:\/\/www.photoweb.fr\/espaces\/magazine\/diy-fete-des-meres-album-photo-personnalise\/#respond"]}]},{"@type":"WebPage","@id":"https:\/\/www.photoweb.fr\/espaces\/magazine\/diy-fete-des-meres-album-photo-personnalise\/","url":"https:\/\/www.photoweb.fr\/espaces\/magazine\/diy-fete-des-meres-album-photo-personnalise\/","name":"DIY f\u00eate des m\u00e8res : faire un livre photo personnalis\u00e9","isPartOf":{"@id":"https:\/\/www.photoweb.fr\/espaces\/magazine\/#website"},"datePublished":"2018-04-11T09:45:42+00:00","dateModified":"2020-09-22T14:14:16+00:00","description":"Voici un DIY f\u00eate des m\u00e8res qui ne laissera pas indiff\u00e9rent votre petite maman ch\u00e9rie : un album photo personnalis\u00e9 100% unique \u00e0 son image, en savoir + !","breadcrumb":{"@id":"https:\/\/www.photoweb.fr\/espaces\/magazine\/diy-fete-des-meres-album-photo-personnalise\/#breadcrumb"},"inLanguage":"fr-FR","potentialAction":[{"@type":"ReadAction","target":["https:\/\/www.photoweb.fr\/espaces\/magazine\/diy-fete-des-meres-album-photo-personnalise\/"]}]},{"@type":"BreadcrumbList","@id":"https:\/\/www.photoweb.fr\/espaces\/magazine\/diy-fete-des-meres-album-photo-personnalise\/#breadcrumb","itemListElement":[{"@type":"ListItem","position":1,"name":"Accueil","item":"https:\/\/www.photoweb.fr\/espaces\/magazine\/"},{"@type":"ListItem","position":2,"name":"Conseils experts","item":"https:\/\/www.photoweb.fr\/espaces\/magazine\/conseils-expets\/"},{"@type":"ListItem","position":3,"name":"DIY f\u00eate des m\u00e8res : faire un livre photo personnalis\u00e9"}]},{"@type":"WebSite","@id":"https:\/\/www.photoweb.fr\/espaces\/magazine\/#website","url":"https:\/\/www.photoweb.fr\/espaces\/magazine\/","name":"Photoweb, le mag","description":"Le magazine de Photoweb","publisher":{"@id":"https:\/\/www.photoweb.fr\/espaces\/magazine\/#organization"},"potentialAction":[{"@type":"SearchAction","target":{"@type":"EntryPoint","urlTemplate":"https:\/\/www.photoweb.fr\/espaces\/magazine\/?s={search_term_string}"},"query-input":"required name=search_term_string"}],"inLanguage":"fr-FR"},{"@type":"Organization","@id":"https:\/\/www.photoweb.fr\/espaces\/magazine\/#organization","name":"Photoweb","url":"https:\/\/www.photoweb.fr\/espaces\/magazine\/","logo":{"@type":"ImageObject","inLanguage":"fr-FR","@id":"https:\/\/www.photoweb.fr\/espaces\/magazine\/#\/schema\/logo\/image\/","url":"https:\/\/www.photoweb.fr\/espaces\/magazine\/wp-content\/uploads\/2021\/02\/Logo-Photoweb.jpg","contentUrl":"https:\/\/www.photoweb.fr\/espaces\/magazine\/wp-content\/uploads\/2021\/02\/Logo-Photoweb.jpg","width":780,"height":456,"caption":"Photoweb"},"image":{"@id":"https:\/\/www.photoweb.fr\/espaces\/magazine\/#\/schema\/logo\/image\/"},"sameAs":["https:\/\/fr-fr.facebook.com\/Photoweb.fr\/","https:\/\/twitter.com\/Photoweb_fr","https:\/\/www.instagram.com\/photowebfr\/","https:\/\/www.linkedin.com\/company\/347094\/","https:\/\/www.pinterest.fr\/inspirationsphotoweb\/_created\/","https:\/\/www.youtube.com\/channel\/UCtcVmTvkAzKQLVkiwfOm8sg"]},{"@type":"Person","@id":"https:\/\/www.photoweb.fr\/espaces\/magazine\/#\/schema\/person\/111451a615bb7cbe790bf8b1d6b24391","name":"melanie"}]}},"acf":[],"_links":{"self":[{"href":"https:\/\/www.photoweb.fr\/espaces\/magazine\/wp-json\/wp\/v2\/posts\/5010","targetHints":{"allow":["GET"]}}],"collection":[{"href":"https:\/\/www.photoweb.fr\/espaces\/magazine\/wp-json\/wp\/v2\/posts"}],"about":[{"href":"https:\/\/www.photoweb.fr\/espaces\/magazine\/wp-json\/wp\/v2\/types\/post"}],"author":[{"embeddable":true,"href":"https:\/\/www.photoweb.fr\/espaces\/magazine\/wp-json\/wp\/v2\/users\/21"}],"replies":[{"embeddable":true,"href":"https:\/\/www.photoweb.fr\/espaces\/magazine\/wp-json\/wp\/v2\/comments?post=5010"}],"version-history":[{"count":0,"href":"https:\/\/www.photoweb.fr\/espaces\/magazine\/wp-json\/wp\/v2\/posts\/5010\/revisions"}],"wp:featuredmedia":[{"embeddable":true,"href":"https:\/\/www.photoweb.fr\/espaces\/magazine\/wp-json\/wp\/v2\/media\/5011"}],"wp:attachment":[{"href":"https:\/\/www.photoweb.fr\/espaces\/magazine\/wp-json\/wp\/v2\/media?parent=5010"}],"wp:term":[{"taxonomy":"category","embeddable":true,"href":"https:\/\/www.photoweb.fr\/espaces\/magazine\/wp-json\/wp\/v2\/categories?post=5010"},{"taxonomy":"post_tag","embeddable":true,"href":"https:\/\/www.photoweb.fr\/espaces\/magazine\/wp-json\/wp\/v2\/tags?post=5010"}],"curies":[{"name":"wp","href":"https:\/\/api.w.org\/{rel}","templated":true}]}}