{"id":5085,"date":"2018-05-02T10:00:59","date_gmt":"2018-05-02T10:00:59","guid":{"rendered":"https:\/\/www.photoweb.fr\/espaces\/magazine\/magazine\/?p=5085"},"modified":"2026-03-23T11:41:43","modified_gmt":"2026-03-23T09:41:43","slug":"citation-pour-maman-carte-personnalisee","status":"publish","type":"post","link":"https:\/\/www.photoweb.fr\/espaces\/magazine\/citation-pour-maman-carte-personnalisee\/","title":{"rendered":"Citation pour maman : nos id\u00e9es pour vos cartes f\u00eate des m\u00e8res"},"content":{"rendered":"\n\n\t<p>Parce que faire plaisir \u00e0 l&rsquo;occasion de la f\u00eate des m\u00e8res est une intention remplie d&rsquo;amour, nous vous avons s\u00e9lectionn\u00e9 pour vous les meilleures <strong>citations pour maman<\/strong>. De quoi r\u00e9diger de tr\u00e8s belles cartes en compl\u00e9ment, par exemple, d&rsquo;un <a href=\"https:\/\/www.photoweb.fr\/promotion\/cadeau-personnalise.asp\">cadeau personnalis\u00e9<\/a> et d&rsquo;un bouquet de fleurs.<\/p>\n\t<h2>Citation pour maman : les<br \/>\nphrases touchantes<\/h2>\n<p>Quoi qu&rsquo;on en dise, l&rsquo;amour d&rsquo;une m\u00e8re est inconditionnel. Une maman berce en effet notre enfance, apr\u00e8s nous avoir mis au monde. Elle est un symbole fort d&rsquo;amour, de soutien et de compassion. Elle est un \u00eatre important, que l&rsquo;on veut ch\u00e9rir autant que possible, dans les moments de la vie.<\/p>\n<p>Remerciez-l\u00e0 autant que vous le pouvez, par votre pr\u00e9sence, vos intentions, vos sentiments&#8230; Exprimez ces derniers au travers d&rsquo;une citation pour maman par exemple, en tant que <a href=\"https:\/\/www.photoweb.fr\/promotion\/fete-des-parents\">cadeau f\u00eate des m\u00e8res<\/a> ou pour tout autre occasion qui vous semblera opportune.<\/p>\n<p>&nbsp;<\/p>\n<em>J&rsquo;entends au-dessus de moi dans les cieux,<br \/>\nLes anges qui chantent entre eux.<br \/>\nIls ne peuvent trouver de mot d&rsquo;amour plus grand<br \/>\nQue celui-ci : Maman.<\/em>\n<p><strong>Edgar Allan Poe<\/strong><\/p>\n<p>&nbsp;<\/p>\n<em>Maman tu es la plus belle du monde<br \/>\ncar tant d&rsquo;amour inonde tes jolis yeux.<\/em>\n<p><strong>Henri Salvador<\/strong><\/p>\n<p>&nbsp;<\/p>\n<em>Depuis le jour o\u00f9 je suis n\u00e9e,<br \/>\nTu n&rsquo;as pas cesser de m&rsquo;aimer.<br \/>\nC&rsquo;est pareil pour moi,<br \/>\nJe ne peux pas vivre sans toi.<\/em>\n<p><strong>Inconnu<\/strong><\/p>\n<p>&nbsp;<\/p>\n<em>Une maman, c&rsquo;est l&rsquo;\u00e9paule sur laquelle s&rsquo;appuyer<br \/>\npour avancer dans la vie.<\/em>\n<p><strong>Jean Gastaldi<\/strong><\/p>\n<p>&nbsp;<\/p>\n<p><em>Une Maman est semblable \u00e0 une rose qui ne se fane jamais.<\/em><\/p>\n<p><strong>Jean Gastaldi<\/strong><\/p>\n<p>&nbsp;<\/p>\n<h2>Citation pour maman : les id\u00e9es farfelues et rigolotes<\/h2>\n<p>Exprimer son amour pour la f\u00eate des m\u00e8res n&rsquo;interdit pas de faire un peu d&rsquo;humour, ni m\u00eame d&rsquo;\u00e9crire des citations et po\u00e8mes sortis de l&rsquo;ordinaire ! La preuve avec ces quelques suggestions de citations pour maman :<\/p>\n<p>&nbsp;<\/p>\n<em>Maman, quand tu es en col\u00e8re,<br \/>\nJe t&rsquo;aime de travers.<\/em>\n<em>Maman, quand tu t&rsquo;en vas,<br \/>\nJe t&rsquo;aime couci-cou\u00e7a.<\/em>\n<em>Maman, quand tu es de bonne humeur,<br \/>\nJe t&rsquo;aime de tout mon coeur.<\/em>\n<em>Maman, quand tu me cajoles,<br \/>\nJe t&rsquo;aime sans parole.<\/em>\n<em>Maman, quand je te dis ce po\u00e8me,<br \/>\nComprends tu combien je t&rsquo;aime ?<\/em>\n<p><strong>Marie Aubinais<\/strong><\/p>\n<p>&nbsp;<\/p>\n<em>Maman je t&rsquo;aime tellement tout le temps<br \/>\nque je crois que je t&rsquo;aime m\u00eame entre les secondes.<\/em>\n<p><strong>Inconnu<\/strong><\/p>\n<p>&nbsp;<\/p>\n<p><em>Une maman, c&rsquo;est une personne qui peut remplacer tout le monde, mais qui ne peut \u00eatre remplac\u00e9e par personne ! Tellement unique, tellement vraie&#8230; Merci d&rsquo;\u00eatre ce que tu es.<\/em><\/p>\n<p><strong>Inconnu<\/strong><\/p>\n<p>&nbsp;<\/p>\n<em>Maman, maman !<br \/>\nToute la nuit.<\/em>\n<em>Maman, maman !<br \/>\nTous les jours.<\/em>\n<em>Maman, maman !<br \/>\nToute l&rsquo;ann\u00e9e.<\/em>\n<em>Maman, maman !<br \/>\nToute la vie.<\/em>\n<em>Et bien, je redis aujourd&rsquo;hui<br \/>\nMerci beaucoup, maman.<\/em>\n<p><strong>Cacamelli<\/strong><\/p>\n<p>&nbsp;<\/p>\n<p><em>BatMAN, SuperMAN, SpiderMAN, MaMAN.<\/em><\/p>\n<p><em>Peut-on \u00eatre une princesse et un super-h\u00e9ros \u00e0 la fois ? Oui ! En \u00e9tant Maman.<\/em><\/p>\n<p><em>Tu es mon h\u00e9ro\u00efne.<\/em><\/p>\n<p><strong>Inconnu<\/strong><\/p>\n<p>&nbsp;<\/p>\n<h2>Cr\u00e9er une carte personnalis\u00e9e pour<br \/>\nla f\u00eate des m\u00e8res<\/h2>\n<p>Avec ces quelques id\u00e9es de citation pour maman, vous \u00eates fin pr\u00eats \u00e0 cr\u00e9er une carte personnalis\u00e9e pour la f\u00eate des m\u00e8res. Vous pouvez vous aidez des mod\u00e8les disponibles sur la boutique Photoweb ou partir de 0 avec nos mod\u00e8les vierges 100% cr\u00e9atifs, disponibles en 6 tailles !<\/p>\n<p>Quelle est votre citation pr\u00e9f\u00e9r\u00e9e ? Feriez-vous une carte 100% personnalis\u00e9e pour votre maman ?<\/p>\n<p>&nbsp;<\/p>\n\t\t\t\t<a href=\"https:\/\/www.photoweb.fr\/promotion\/boutique-cadeau-fete-des-meres.asp\" target=\"_self\" itemprop=\"url\" rel=\"noopener\">\n\t\t\t\t<img loading=\"lazy\" decoding=\"async\" src=\"https:\/\/www.photoweb.fr\/espaces\/magazine\/wp-content\/uploads\/2018\/05\/Visuels-MAG-800-x-600-px-20.png\" alt=\"Visuels-MAG (800 x 600 px) (20)\" itemprop=\"image\" height=\"600\" width=\"800\" title=\"Visuels-MAG (800 x 600 px) (20)\" onerror=\"this.style.display='none'\"  \/>\n\t\t\t\t<\/a>\n\n","protected":false},"excerpt":{"rendered":"<p>Parce que notre maman nous a mis au monde et veill\u00e9 sur nous pendant tant d\u2019ann\u00e9es, entour\u00e9s d\u2019amour et de tendresse, nous lui devons la vie\u2026 L\u2019amour d\u2019une m\u00e8re est en effet inconditionnel, nous faisons partie d\u2019elle, elle fait partie de nous\u2026 Pour ces raisons, il est important de lui dire \u00e0 quel point vous l\u2019aimez, et pourquoi pas au travers d\u2019une citation pour maman, \u00e0 l\u2019occasion de la f\u00eate des m\u00e8res ou de toute autre occasion qui vous para\u00eet opportune. D\u00e9couvrez dans cet article une br\u00e8ve s\u00e9lection des meilleurs citations et po\u00e8mes, pour lui dire qu\u2019elle compte pour vous, et que vous lui \u00eates reconnaissant, apr\u00e8s tout ce qu\u2019elle a fait pour vous\u2026 Et oui, le mot \u00ab merci \u00bb n\u2019a pas prix, et pourtant il est pr\u00e9cieux. Une citation pour maman touchante ou farfelue ? Trouvez des id\u00e9es pour r\u00e9diger une carte \u00e0 votre image, et ainsi offrir un cadeau personnalis\u00e9 qui fasse plaisir ! Et si votre cadeau f\u00eate des m\u00e8res se r\u00e9sumait \u00e0 une jolie carte, un joli mot et de belles fleurs ?<\/p>\n","protected":false},"author":21,"featured_media":15145,"comment_status":"open","ping_status":"open","sticky":false,"template":"single-standard.php","format":"standard","meta":{"footnotes":""},"categories":[31],"tags":[52],"class_list":["post-5085","post","type-post","status-publish","format-standard","has-post-thumbnail","hentry","category-instants-de-vie","tag-cadeau-photo"],"yoast_head":"<!-- This site is optimized with the Yoast SEO plugin v20.3 - https:\/\/yoast.com\/wordpress\/plugins\/seo\/ -->\n<title>Citation pour maman : nos id\u00e9es pour vos cartes f\u00eate des m\u00e8res<\/title>\n<meta name=\"description\" content=\"Envie d\u2019\u00e9crire une douce citation pour maman \u00e0 l\u2019occasion de la f\u00eate des m\u00e8res ? Voici quelques id\u00e9es pour remplir votre carte f\u00eate des m\u00e8res personnalis\u00e9e.\" \/>\n<meta name=\"robots\" content=\"index, follow, max-snippet:-1, max-image-preview:large, max-video-preview:-1\" \/>\n<link rel=\"canonical\" href=\"https:\/\/www.photoweb.fr\/espaces\/magazine\/citation-pour-maman-carte-personnalisee\/\" \/>\n<meta property=\"og:locale\" content=\"fr_FR\" \/>\n<meta property=\"og:type\" content=\"article\" \/>\n<meta property=\"og:title\" content=\"Citation pour maman : nos id\u00e9es pour vos cartes f\u00eate des m\u00e8res\" \/>\n<meta property=\"og:description\" content=\"Envie d\u2019\u00e9crire une douce citation pour maman \u00e0 l\u2019occasion de la f\u00eate des m\u00e8res ? Voici quelques id\u00e9es pour remplir votre carte f\u00eate des m\u00e8res personnalis\u00e9e.\" \/>\n<meta property=\"og:url\" content=\"https:\/\/www.photoweb.fr\/espaces\/magazine\/citation-pour-maman-carte-personnalisee\/\" \/>\n<meta property=\"og:site_name\" content=\"Photoweb, le mag\" \/>\n<meta property=\"article:publisher\" content=\"https:\/\/fr-fr.facebook.com\/Photoweb.fr\/\" \/>\n<meta property=\"article:published_time\" content=\"2018-05-02T10:00:59+00:00\" \/>\n<meta property=\"article:modified_time\" content=\"2026-03-23T09:41:43+00:00\" \/>\n<meta property=\"og:image\" content=\"https:\/\/www.photoweb.fr\/espaces\/magazine\/wp-content\/uploads\/2018\/05\/Visuels-MAG-800-x-600-px-19.png\" \/>\n\t<meta property=\"og:image:width\" content=\"800\" \/>\n\t<meta property=\"og:image:height\" content=\"600\" \/>\n\t<meta property=\"og:image:type\" content=\"image\/png\" \/>\n<meta name=\"author\" content=\"melanie\" \/>\n<meta name=\"twitter:card\" content=\"summary_large_image\" \/>\n<meta name=\"twitter:creator\" content=\"@Photoweb_fr\" \/>\n<meta name=\"twitter:site\" content=\"@Photoweb_fr\" \/>\n<meta name=\"twitter:label1\" content=\"\u00c9crit par\" \/>\n\t<meta name=\"twitter:data1\" content=\"melanie\" \/>\n\t<meta name=\"twitter:label2\" content=\"Dur\u00e9e de lecture estim\u00e9e\" \/>\n\t<meta name=\"twitter:data2\" content=\"3 minutes\" \/>\n<script type=\"application\/ld+json\" class=\"yoast-schema-graph\">{\"@context\":\"https:\/\/schema.org\",\"@graph\":[{\"@type\":\"Article\",\"@id\":\"https:\/\/www.photoweb.fr\/espaces\/magazine\/citation-pour-maman-carte-personnalisee\/#article\",\"isPartOf\":{\"@id\":\"https:\/\/www.photoweb.fr\/espaces\/magazine\/citation-pour-maman-carte-personnalisee\/\"},\"author\":{\"name\":\"melanie\",\"@id\":\"https:\/\/www.photoweb.fr\/espaces\/magazine\/#\/schema\/person\/111451a615bb7cbe790bf8b1d6b24391\"},\"headline\":\"Citation pour maman : nos id\u00e9es pour vos cartes f\u00eate des m\u00e8res\",\"datePublished\":\"2018-05-02T10:00:59+00:00\",\"dateModified\":\"2026-03-23T09:41:43+00:00\",\"mainEntityOfPage\":{\"@id\":\"https:\/\/www.photoweb.fr\/espaces\/magazine\/citation-pour-maman-carte-personnalisee\/\"},\"wordCount\":572,\"commentCount\":1,\"publisher\":{\"@id\":\"https:\/\/www.photoweb.fr\/espaces\/magazine\/#organization\"},\"keywords\":[\"cadeau photo\"],\"articleSection\":[\"Instants de vie\"],\"inLanguage\":\"fr-FR\",\"potentialAction\":[{\"@type\":\"CommentAction\",\"name\":\"Comment\",\"target\":[\"https:\/\/www.photoweb.fr\/espaces\/magazine\/citation-pour-maman-carte-personnalisee\/#respond\"]}]},{\"@type\":\"WebPage\",\"@id\":\"https:\/\/www.photoweb.fr\/espaces\/magazine\/citation-pour-maman-carte-personnalisee\/\",\"url\":\"https:\/\/www.photoweb.fr\/espaces\/magazine\/citation-pour-maman-carte-personnalisee\/\",\"name\":\"Citation pour maman : nos id\u00e9es pour vos cartes f\u00eate des m\u00e8res\",\"isPartOf\":{\"@id\":\"https:\/\/www.photoweb.fr\/espaces\/magazine\/#website\"},\"datePublished\":\"2018-05-02T10:00:59+00:00\",\"dateModified\":\"2026-03-23T09:41:43+00:00\",\"description\":\"Envie d\u2019\u00e9crire une douce citation pour maman \u00e0 l\u2019occasion de la f\u00eate des m\u00e8res ? Voici quelques id\u00e9es pour remplir votre carte f\u00eate des m\u00e8res personnalis\u00e9e.\",\"breadcrumb\":{\"@id\":\"https:\/\/www.photoweb.fr\/espaces\/magazine\/citation-pour-maman-carte-personnalisee\/#breadcrumb\"},\"inLanguage\":\"fr-FR\",\"potentialAction\":[{\"@type\":\"ReadAction\",\"target\":[\"https:\/\/www.photoweb.fr\/espaces\/magazine\/citation-pour-maman-carte-personnalisee\/\"]}]},{\"@type\":\"BreadcrumbList\",\"@id\":\"https:\/\/www.photoweb.fr\/espaces\/magazine\/citation-pour-maman-carte-personnalisee\/#breadcrumb\",\"itemListElement\":[{\"@type\":\"ListItem\",\"position\":1,\"name\":\"Accueil\",\"item\":\"https:\/\/www.photoweb.fr\/espaces\/magazine\/\"},{\"@type\":\"ListItem\",\"position\":2,\"name\":\"Instants de vie\",\"item\":\"https:\/\/www.photoweb.fr\/espaces\/magazine\/instants-de-vie\/\"},{\"@type\":\"ListItem\",\"position\":3,\"name\":\"Citation pour maman : nos id\u00e9es pour vos cartes f\u00eate des m\u00e8res\"}]},{\"@type\":\"WebSite\",\"@id\":\"https:\/\/www.photoweb.fr\/espaces\/magazine\/#website\",\"url\":\"https:\/\/www.photoweb.fr\/espaces\/magazine\/\",\"name\":\"Photoweb, le mag\",\"description\":\"Le magazine de Photoweb\",\"publisher\":{\"@id\":\"https:\/\/www.photoweb.fr\/espaces\/magazine\/#organization\"},\"potentialAction\":[{\"@type\":\"SearchAction\",\"target\":{\"@type\":\"EntryPoint\",\"urlTemplate\":\"https:\/\/www.photoweb.fr\/espaces\/magazine\/?s={search_term_string}\"},\"query-input\":\"required name=search_term_string\"}],\"inLanguage\":\"fr-FR\"},{\"@type\":\"Organization\",\"@id\":\"https:\/\/www.photoweb.fr\/espaces\/magazine\/#organization\",\"name\":\"Photoweb\",\"url\":\"https:\/\/www.photoweb.fr\/espaces\/magazine\/\",\"logo\":{\"@type\":\"ImageObject\",\"inLanguage\":\"fr-FR\",\"@id\":\"https:\/\/www.photoweb.fr\/espaces\/magazine\/#\/schema\/logo\/image\/\",\"url\":\"https:\/\/www.photoweb.fr\/espaces\/magazine\/wp-content\/uploads\/2021\/02\/Logo-Photoweb.jpg\",\"contentUrl\":\"https:\/\/www.photoweb.fr\/espaces\/magazine\/wp-content\/uploads\/2021\/02\/Logo-Photoweb.jpg\",\"width\":780,\"height\":456,\"caption\":\"Photoweb\"},\"image\":{\"@id\":\"https:\/\/www.photoweb.fr\/espaces\/magazine\/#\/schema\/logo\/image\/\"},\"sameAs\":[\"https:\/\/fr-fr.facebook.com\/Photoweb.fr\/\",\"https:\/\/twitter.com\/Photoweb_fr\",\"https:\/\/www.instagram.com\/photowebfr\/\",\"https:\/\/www.linkedin.com\/company\/347094\/\",\"https:\/\/www.pinterest.fr\/inspirationsphotoweb\/_created\/\",\"https:\/\/www.youtube.com\/channel\/UCtcVmTvkAzKQLVkiwfOm8sg\"]},{\"@type\":\"Person\",\"@id\":\"https:\/\/www.photoweb.fr\/espaces\/magazine\/#\/schema\/person\/111451a615bb7cbe790bf8b1d6b24391\",\"name\":\"melanie\"}]}<\/script>\n<!-- \/ Yoast SEO plugin. -->","yoast_head_json":{"title":"Citation pour maman : nos id\u00e9es pour vos cartes f\u00eate des m\u00e8res","description":"Envie d\u2019\u00e9crire une douce citation pour maman \u00e0 l\u2019occasion de la f\u00eate des m\u00e8res ? Voici quelques id\u00e9es pour remplir votre carte f\u00eate des m\u00e8res personnalis\u00e9e.","robots":{"index":"index","follow":"follow","max-snippet":"max-snippet:-1","max-image-preview":"max-image-preview:large","max-video-preview":"max-video-preview:-1"},"canonical":"https:\/\/www.photoweb.fr\/espaces\/magazine\/citation-pour-maman-carte-personnalisee\/","og_locale":"fr_FR","og_type":"article","og_title":"Citation pour maman : nos id\u00e9es pour vos cartes f\u00eate des m\u00e8res","og_description":"Envie d\u2019\u00e9crire une douce citation pour maman \u00e0 l\u2019occasion de la f\u00eate des m\u00e8res ? Voici quelques id\u00e9es pour remplir votre carte f\u00eate des m\u00e8res personnalis\u00e9e.","og_url":"https:\/\/www.photoweb.fr\/espaces\/magazine\/citation-pour-maman-carte-personnalisee\/","og_site_name":"Photoweb, le mag","article_publisher":"https:\/\/fr-fr.facebook.com\/Photoweb.fr\/","article_published_time":"2018-05-02T10:00:59+00:00","article_modified_time":"2026-03-23T09:41:43+00:00","og_image":[{"width":800,"height":600,"url":"https:\/\/www.photoweb.fr\/espaces\/magazine\/wp-content\/uploads\/2018\/05\/Visuels-MAG-800-x-600-px-19.png","type":"image\/png"}],"author":"melanie","twitter_card":"summary_large_image","twitter_creator":"@Photoweb_fr","twitter_site":"@Photoweb_fr","twitter_misc":{"\u00c9crit par":"melanie","Dur\u00e9e de lecture estim\u00e9e":"3 minutes"},"schema":{"@context":"https:\/\/schema.org","@graph":[{"@type":"Article","@id":"https:\/\/www.photoweb.fr\/espaces\/magazine\/citation-pour-maman-carte-personnalisee\/#article","isPartOf":{"@id":"https:\/\/www.photoweb.fr\/espaces\/magazine\/citation-pour-maman-carte-personnalisee\/"},"author":{"name":"melanie","@id":"https:\/\/www.photoweb.fr\/espaces\/magazine\/#\/schema\/person\/111451a615bb7cbe790bf8b1d6b24391"},"headline":"Citation pour maman : nos id\u00e9es pour vos cartes f\u00eate des m\u00e8res","datePublished":"2018-05-02T10:00:59+00:00","dateModified":"2026-03-23T09:41:43+00:00","mainEntityOfPage":{"@id":"https:\/\/www.photoweb.fr\/espaces\/magazine\/citation-pour-maman-carte-personnalisee\/"},"wordCount":572,"commentCount":1,"publisher":{"@id":"https:\/\/www.photoweb.fr\/espaces\/magazine\/#organization"},"keywords":["cadeau photo"],"articleSection":["Instants de vie"],"inLanguage":"fr-FR","potentialAction":[{"@type":"CommentAction","name":"Comment","target":["https:\/\/www.photoweb.fr\/espaces\/magazine\/citation-pour-maman-carte-personnalisee\/#respond"]}]},{"@type":"WebPage","@id":"https:\/\/www.photoweb.fr\/espaces\/magazine\/citation-pour-maman-carte-personnalisee\/","url":"https:\/\/www.photoweb.fr\/espaces\/magazine\/citation-pour-maman-carte-personnalisee\/","name":"Citation pour maman : nos id\u00e9es pour vos cartes f\u00eate des m\u00e8res","isPartOf":{"@id":"https:\/\/www.photoweb.fr\/espaces\/magazine\/#website"},"datePublished":"2018-05-02T10:00:59+00:00","dateModified":"2026-03-23T09:41:43+00:00","description":"Envie d\u2019\u00e9crire une douce citation pour maman \u00e0 l\u2019occasion de la f\u00eate des m\u00e8res ? Voici quelques id\u00e9es pour remplir votre carte f\u00eate des m\u00e8res personnalis\u00e9e.","breadcrumb":{"@id":"https:\/\/www.photoweb.fr\/espaces\/magazine\/citation-pour-maman-carte-personnalisee\/#breadcrumb"},"inLanguage":"fr-FR","potentialAction":[{"@type":"ReadAction","target":["https:\/\/www.photoweb.fr\/espaces\/magazine\/citation-pour-maman-carte-personnalisee\/"]}]},{"@type":"BreadcrumbList","@id":"https:\/\/www.photoweb.fr\/espaces\/magazine\/citation-pour-maman-carte-personnalisee\/#breadcrumb","itemListElement":[{"@type":"ListItem","position":1,"name":"Accueil","item":"https:\/\/www.photoweb.fr\/espaces\/magazine\/"},{"@type":"ListItem","position":2,"name":"Instants de vie","item":"https:\/\/www.photoweb.fr\/espaces\/magazine\/instants-de-vie\/"},{"@type":"ListItem","position":3,"name":"Citation pour maman : nos id\u00e9es pour vos cartes f\u00eate des m\u00e8res"}]},{"@type":"WebSite","@id":"https:\/\/www.photoweb.fr\/espaces\/magazine\/#website","url":"https:\/\/www.photoweb.fr\/espaces\/magazine\/","name":"Photoweb, le mag","description":"Le magazine de Photoweb","publisher":{"@id":"https:\/\/www.photoweb.fr\/espaces\/magazine\/#organization"},"potentialAction":[{"@type":"SearchAction","target":{"@type":"EntryPoint","urlTemplate":"https:\/\/www.photoweb.fr\/espaces\/magazine\/?s={search_term_string}"},"query-input":"required name=search_term_string"}],"inLanguage":"fr-FR"},{"@type":"Organization","@id":"https:\/\/www.photoweb.fr\/espaces\/magazine\/#organization","name":"Photoweb","url":"https:\/\/www.photoweb.fr\/espaces\/magazine\/","logo":{"@type":"ImageObject","inLanguage":"fr-FR","@id":"https:\/\/www.photoweb.fr\/espaces\/magazine\/#\/schema\/logo\/image\/","url":"https:\/\/www.photoweb.fr\/espaces\/magazine\/wp-content\/uploads\/2021\/02\/Logo-Photoweb.jpg","contentUrl":"https:\/\/www.photoweb.fr\/espaces\/magazine\/wp-content\/uploads\/2021\/02\/Logo-Photoweb.jpg","width":780,"height":456,"caption":"Photoweb"},"image":{"@id":"https:\/\/www.photoweb.fr\/espaces\/magazine\/#\/schema\/logo\/image\/"},"sameAs":["https:\/\/fr-fr.facebook.com\/Photoweb.fr\/","https:\/\/twitter.com\/Photoweb_fr","https:\/\/www.instagram.com\/photowebfr\/","https:\/\/www.linkedin.com\/company\/347094\/","https:\/\/www.pinterest.fr\/inspirationsphotoweb\/_created\/","https:\/\/www.youtube.com\/channel\/UCtcVmTvkAzKQLVkiwfOm8sg"]},{"@type":"Person","@id":"https:\/\/www.photoweb.fr\/espaces\/magazine\/#\/schema\/person\/111451a615bb7cbe790bf8b1d6b24391","name":"melanie"}]}},"acf":[],"_links":{"self":[{"href":"https:\/\/www.photoweb.fr\/espaces\/magazine\/wp-json\/wp\/v2\/posts\/5085","targetHints":{"allow":["GET"]}}],"collection":[{"href":"https:\/\/www.photoweb.fr\/espaces\/magazine\/wp-json\/wp\/v2\/posts"}],"about":[{"href":"https:\/\/www.photoweb.fr\/espaces\/magazine\/wp-json\/wp\/v2\/types\/post"}],"author":[{"embeddable":true,"href":"https:\/\/www.photoweb.fr\/espaces\/magazine\/wp-json\/wp\/v2\/users\/21"}],"replies":[{"embeddable":true,"href":"https:\/\/www.photoweb.fr\/espaces\/magazine\/wp-json\/wp\/v2\/comments?post=5085"}],"version-history":[{"count":3,"href":"https:\/\/www.photoweb.fr\/espaces\/magazine\/wp-json\/wp\/v2\/posts\/5085\/revisions"}],"predecessor-version":[{"id":15149,"href":"https:\/\/www.photoweb.fr\/espaces\/magazine\/wp-json\/wp\/v2\/posts\/5085\/revisions\/15149"}],"wp:featuredmedia":[{"embeddable":true,"href":"https:\/\/www.photoweb.fr\/espaces\/magazine\/wp-json\/wp\/v2\/media\/15145"}],"wp:attachment":[{"href":"https:\/\/www.photoweb.fr\/espaces\/magazine\/wp-json\/wp\/v2\/media?parent=5085"}],"wp:term":[{"taxonomy":"category","embeddable":true,"href":"https:\/\/www.photoweb.fr\/espaces\/magazine\/wp-json\/wp\/v2\/categories?post=5085"},{"taxonomy":"post_tag","embeddable":true,"href":"https:\/\/www.photoweb.fr\/espaces\/magazine\/wp-json\/wp\/v2\/tags?post=5085"}],"curies":[{"name":"wp","href":"https:\/\/api.w.org\/{rel}","templated":true}]}}