{"id":5167,"date":"2018-03-15T15:30:29","date_gmt":"2018-03-15T15:30:29","guid":{"rendered":"https:\/\/www.photoweb.fr\/espaces\/magazine\/magazine\/?p=5167"},"modified":"2023-07-31T15:44:52","modified_gmt":"2023-07-31T13:44:52","slug":"cadre-mural-faire-sa-propre-deco","status":"publish","type":"post","link":"https:\/\/www.photoweb.fr\/espaces\/magazine\/cadre-mural-faire-sa-propre-deco\/","title":{"rendered":"Cadre mural : d\u00e9corer son chez-soi avec ses propres photos"},"content":{"rendered":"\n\n\t<p>Cr\u00e9er votre propre <strong>cadre mural<\/strong>, c&rsquo;est faire une d\u00e9co personnalis\u00e9e unique \u00e0 votre image. Il n&rsquo;y a rien de mieux que vos photos pour habiller vos espaces int\u00e9rieurs, pas vrai ? Car apr\u00e8s tout, il est normal de se sentir bien chez soi&#8230;<\/p>\n\t<p>&nbsp;<\/p>\n<h2>Cadre mural : des souvenirs<br \/>\npleins les yeux<\/h2>\n<p>C&rsquo;est sans dire que le cadre photo mural permet de se rappeler de tout un tas de souvenirs. Si tout se passe bien, vous choisissez d&rsquo;agrandir vos plus belles photos, pour revivre les moments, encore et encore. Car il est vrai que l&rsquo;on ne se lasse jamais des \u00e9v\u00e9nements heureux que l&rsquo;on a v\u00e9cu, en compagnie des personnes que l&rsquo;on aime.<\/p>\n<p>C&rsquo;est donc en cela que le cadre mural est une d\u00e9coration unique, en vous exposant jour apr\u00e8s jour les visages de ceux qui comptent \u00e0 vos yeux, mais aussi les instants inoubliables du pass\u00e9.<\/p>\n<h2>Une d\u00e9co \u00e0 votre image<\/h2>\n<p>En plus de vous souvenir des meilleurs moments, le cadre mural d\u00e9co raconte l&rsquo;histoire de votre vie, au moyen de la photo. Une belle mani\u00e8re de garder en m\u00e9moire ces instants de vie, mais aussi de voir l&rsquo;effet du temps sur ce qui vous entoure : un enfant qui grandit, par exemple.<\/p>\n<p>Pour le rendu de votre cadre mural, vous seul(e) avez la main. Vous pouvez soit faire imprimer vos photos de voyage, en montrant de magnifiques paysages des lieux que vous avez visit\u00e9, ou tout simplement les sourires, visages et expressions des gens que vous aimez&#8230;<\/p>\n<p>En bref, on parle l\u00e0 d&rsquo;un <a href=\"https:\/\/www.photoweb.fr\/decoration-murale\/tableau\/listing\">tableau<\/a> mural qui n&rsquo;\u00e9gale pas le cadre v\u00e9g\u00e9tal mural ! Ca n&#8217;emp\u00eache pas cependant d&rsquo;allier les deux. ?<\/p>\n<h2>Cadre mural : lib\u00e9rez votre cr\u00e9ativit\u00e9<\/h2>\n<p>Cr\u00e9er un cadre photo d\u00e9coratif et personnalis\u00e9 est simple comme bonjour. Sur Photoweb, on vous am\u00e8ne \u00e0 laisser libre court \u00e0 votre imagination, au moyen de notre logiciel d&rsquo;aide \u00e0 la cr\u00e9ation.<\/p>\n<p>Que vous ayez envie de cr\u00e9er un cadre de d\u00e9coration pour agrandir une photo ou cr\u00e9er une d\u00e9coration murale <a href=\"https:\/\/www.photoweb.fr\/decoration-murale\/pele-mele\/listing\">p\u00eale-m\u00eale<\/a>, toutes les raisons sont bonnes \u00e0 se lancer.<\/p>\n<p>Soit vous restez dans le simpliste, fa\u00e7on \u00ab agrandissement photo \u00bb, soit vous jouez avec les fonds, illustrations et textes pour confectionner un petit bijou rien qu&rsquo;\u00e0 vous.<\/p>\n<h2>De nombreuses possibilit\u00e9s<\/h2>\n<p>Sur notre boutique Photoweb.fr, retrouvez un large choix de cadres d\u00e9co de plusieurs tailles, formats et mati\u00e8res diff\u00e9rentes, de quoi cr\u00e9er \u00e0 volont\u00e9 !<\/p>\n<p>Envie d&rsquo;un grand cadre photo mural ? La plupart de nos supports vont du 23&#215;30 au 75&#215;100 cm, \u00e7a vous laisse une infinit\u00e9 de combinaisons, en variant les plaisirs. Portrait ou paysage, \u00e0 vous de choisir&#8230;<\/p>\n<p>Enfin, craquez pour le cadre mural en toile, plexi, PVC ou aluminium, un m\u00e9tal l\u00e9ger et sympa.<\/p>\n\n","protected":false},"excerpt":{"rendered":"<p>Cr\u00e9er un cadre mural, c\u2019est faire une d\u00e9co sympa \u00e0 son image, avec ses propres photos. Car apr\u00e8s tout, il n\u2019y a rien de mieux que vos clich\u00e9s pour d\u00e9corer votre chez-vous, pas vrai ? Nous vous expliquons donc pourquoi vous devriez craquer pour ce concept\u2026 Premi\u00e8rement, parce que vous partirez le matin avec des souvenirs pleins la t\u00eate, gr\u00e2ce \u00e0 vos photos pr\u00e9f\u00e9r\u00e9es. C\u2019est en effet plaisant de revivre les meilleurs moments pass\u00e9s avec les gens que vous aimez, en plus d\u2019avoir une d\u00e9co \u00e0 votre image. Le cadre v\u00e9g\u00e9tal mural a par exemple du mal \u00e0 faire ressentir ce genre d\u2019\u00e9motions\u2026 Mais les deux peuvent faire la paire. Deuxi\u00e8mement, faire un cadre photo mural en ligne vous ouvre les portes de la cr\u00e9ativit\u00e9, \u00e0 l\u2019aide de nombreuses possibilit\u00e9s cr\u00e9atives : ajout de texte, de fonds, d\u2019illustrations. Laissez votre inventivit\u00e9 prendre le dessus pour cr\u00e9er des d\u00e9corations uniques. Vous aurez le choix parmi de nombreux supports tant en taille, format que mati\u00e8re : PVC, plexi, aluminium, toile\u2026 Et des tailles allant de 23&#215;30 au 75&#215;100 cm. Pour lequel allez-vous craquer ?<\/p>\n","protected":false},"author":21,"featured_media":5168,"comment_status":"open","ping_status":"open","sticky":false,"template":"single-standard.php","format":"standard","meta":{"footnotes":""},"categories":[5],"tags":[102],"class_list":["post-5167","post","type-post","status-publish","format-standard","has-post-thumbnail","hentry","category-carnet-de-tendances","tag-deco-maison"],"yoast_head":"<!-- This site is optimized with the Yoast SEO plugin v20.3 - https:\/\/yoast.com\/wordpress\/plugins\/seo\/ -->\n<title>Cadre mural : d\u00e9corer son chez-soi avec ses propres photos<\/title>\n<meta name=\"description\" content=\"Comme un besoin de refaire sa d\u00e9co ? D\u00e9couvrez le cadre mural en mode personnalis\u00e9, parce qu\u2019il n\u2019y a rien de mieux que vos photos pour habiller une pi\u00e8ce.\" \/>\n<meta name=\"robots\" content=\"index, follow, max-snippet:-1, max-image-preview:large, max-video-preview:-1\" \/>\n<link rel=\"canonical\" href=\"https:\/\/www.photoweb.fr\/espaces\/magazine\/cadre-mural-faire-sa-propre-deco\/\" \/>\n<meta property=\"og:locale\" content=\"fr_FR\" \/>\n<meta property=\"og:type\" content=\"article\" \/>\n<meta property=\"og:title\" content=\"Cadre mural : d\u00e9corer son chez-soi avec ses propres photos\" \/>\n<meta property=\"og:description\" content=\"Comme un besoin de refaire sa d\u00e9co ? D\u00e9couvrez le cadre mural en mode personnalis\u00e9, parce qu\u2019il n\u2019y a rien de mieux que vos photos pour habiller une pi\u00e8ce.\" \/>\n<meta property=\"og:url\" content=\"https:\/\/www.photoweb.fr\/espaces\/magazine\/cadre-mural-faire-sa-propre-deco\/\" \/>\n<meta property=\"og:site_name\" content=\"Photoweb, le mag\" \/>\n<meta property=\"article:publisher\" content=\"https:\/\/fr-fr.facebook.com\/Photoweb.fr\/\" \/>\n<meta property=\"article:published_time\" content=\"2018-03-15T15:30:29+00:00\" \/>\n<meta property=\"article:modified_time\" content=\"2023-07-31T13:44:52+00:00\" \/>\n<meta property=\"og:image\" content=\"https:\/\/www.photoweb.fr\/espaces\/magazine\/wp-content\/uploads\/2018\/03\/cadre-mural.jpg\" \/>\n\t<meta property=\"og:image:width\" content=\"800\" \/>\n\t<meta property=\"og:image:height\" content=\"600\" \/>\n\t<meta property=\"og:image:type\" content=\"image\/jpeg\" \/>\n<meta name=\"author\" content=\"melanie\" \/>\n<meta name=\"twitter:card\" content=\"summary_large_image\" \/>\n<meta name=\"twitter:creator\" content=\"@Photoweb_fr\" \/>\n<meta name=\"twitter:site\" content=\"@Photoweb_fr\" \/>\n<meta name=\"twitter:label1\" content=\"\u00c9crit par\" \/>\n\t<meta name=\"twitter:data1\" content=\"melanie\" \/>\n\t<meta name=\"twitter:label2\" content=\"Dur\u00e9e de lecture estim\u00e9e\" \/>\n\t<meta name=\"twitter:data2\" content=\"2 minutes\" \/>\n<script type=\"application\/ld+json\" class=\"yoast-schema-graph\">{\"@context\":\"https:\/\/schema.org\",\"@graph\":[{\"@type\":\"Article\",\"@id\":\"https:\/\/www.photoweb.fr\/espaces\/magazine\/cadre-mural-faire-sa-propre-deco\/#article\",\"isPartOf\":{\"@id\":\"https:\/\/www.photoweb.fr\/espaces\/magazine\/cadre-mural-faire-sa-propre-deco\/\"},\"author\":{\"name\":\"melanie\",\"@id\":\"https:\/\/www.photoweb.fr\/espaces\/magazine\/#\/schema\/person\/111451a615bb7cbe790bf8b1d6b24391\"},\"headline\":\"Cadre mural : d\u00e9corer son chez-soi avec ses propres photos\",\"datePublished\":\"2018-03-15T15:30:29+00:00\",\"dateModified\":\"2023-07-31T13:44:52+00:00\",\"mainEntityOfPage\":{\"@id\":\"https:\/\/www.photoweb.fr\/espaces\/magazine\/cadre-mural-faire-sa-propre-deco\/\"},\"wordCount\":477,\"commentCount\":0,\"publisher\":{\"@id\":\"https:\/\/www.photoweb.fr\/espaces\/magazine\/#organization\"},\"keywords\":[\"d\u00e9co maison\"],\"articleSection\":[\"Carnet de tendance\"],\"inLanguage\":\"fr-FR\",\"potentialAction\":[{\"@type\":\"CommentAction\",\"name\":\"Comment\",\"target\":[\"https:\/\/www.photoweb.fr\/espaces\/magazine\/cadre-mural-faire-sa-propre-deco\/#respond\"]}]},{\"@type\":\"WebPage\",\"@id\":\"https:\/\/www.photoweb.fr\/espaces\/magazine\/cadre-mural-faire-sa-propre-deco\/\",\"url\":\"https:\/\/www.photoweb.fr\/espaces\/magazine\/cadre-mural-faire-sa-propre-deco\/\",\"name\":\"Cadre mural : d\u00e9corer son chez-soi avec ses propres photos\",\"isPartOf\":{\"@id\":\"https:\/\/www.photoweb.fr\/espaces\/magazine\/#website\"},\"datePublished\":\"2018-03-15T15:30:29+00:00\",\"dateModified\":\"2023-07-31T13:44:52+00:00\",\"description\":\"Comme un besoin de refaire sa d\u00e9co ? D\u00e9couvrez le cadre mural en mode personnalis\u00e9, parce qu\u2019il n\u2019y a rien de mieux que vos photos pour habiller une pi\u00e8ce.\",\"breadcrumb\":{\"@id\":\"https:\/\/www.photoweb.fr\/espaces\/magazine\/cadre-mural-faire-sa-propre-deco\/#breadcrumb\"},\"inLanguage\":\"fr-FR\",\"potentialAction\":[{\"@type\":\"ReadAction\",\"target\":[\"https:\/\/www.photoweb.fr\/espaces\/magazine\/cadre-mural-faire-sa-propre-deco\/\"]}]},{\"@type\":\"BreadcrumbList\",\"@id\":\"https:\/\/www.photoweb.fr\/espaces\/magazine\/cadre-mural-faire-sa-propre-deco\/#breadcrumb\",\"itemListElement\":[{\"@type\":\"ListItem\",\"position\":1,\"name\":\"Accueil\",\"item\":\"https:\/\/www.photoweb.fr\/espaces\/magazine\/\"},{\"@type\":\"ListItem\",\"position\":2,\"name\":\"Carnet de tendance\",\"item\":\"https:\/\/www.photoweb.fr\/espaces\/magazine\/carnet-de-tendances\/\"},{\"@type\":\"ListItem\",\"position\":3,\"name\":\"Cadre mural : d\u00e9corer son chez-soi avec ses propres photos\"}]},{\"@type\":\"WebSite\",\"@id\":\"https:\/\/www.photoweb.fr\/espaces\/magazine\/#website\",\"url\":\"https:\/\/www.photoweb.fr\/espaces\/magazine\/\",\"name\":\"Photoweb, le mag\",\"description\":\"Le magazine de Photoweb\",\"publisher\":{\"@id\":\"https:\/\/www.photoweb.fr\/espaces\/magazine\/#organization\"},\"potentialAction\":[{\"@type\":\"SearchAction\",\"target\":{\"@type\":\"EntryPoint\",\"urlTemplate\":\"https:\/\/www.photoweb.fr\/espaces\/magazine\/?s={search_term_string}\"},\"query-input\":\"required name=search_term_string\"}],\"inLanguage\":\"fr-FR\"},{\"@type\":\"Organization\",\"@id\":\"https:\/\/www.photoweb.fr\/espaces\/magazine\/#organization\",\"name\":\"Photoweb\",\"url\":\"https:\/\/www.photoweb.fr\/espaces\/magazine\/\",\"logo\":{\"@type\":\"ImageObject\",\"inLanguage\":\"fr-FR\",\"@id\":\"https:\/\/www.photoweb.fr\/espaces\/magazine\/#\/schema\/logo\/image\/\",\"url\":\"https:\/\/www.photoweb.fr\/espaces\/magazine\/wp-content\/uploads\/2021\/02\/Logo-Photoweb.jpg\",\"contentUrl\":\"https:\/\/www.photoweb.fr\/espaces\/magazine\/wp-content\/uploads\/2021\/02\/Logo-Photoweb.jpg\",\"width\":780,\"height\":456,\"caption\":\"Photoweb\"},\"image\":{\"@id\":\"https:\/\/www.photoweb.fr\/espaces\/magazine\/#\/schema\/logo\/image\/\"},\"sameAs\":[\"https:\/\/fr-fr.facebook.com\/Photoweb.fr\/\",\"https:\/\/twitter.com\/Photoweb_fr\",\"https:\/\/www.instagram.com\/photowebfr\/\",\"https:\/\/www.linkedin.com\/company\/347094\/\",\"https:\/\/www.pinterest.fr\/inspirationsphotoweb\/_created\/\",\"https:\/\/www.youtube.com\/channel\/UCtcVmTvkAzKQLVkiwfOm8sg\"]},{\"@type\":\"Person\",\"@id\":\"https:\/\/www.photoweb.fr\/espaces\/magazine\/#\/schema\/person\/111451a615bb7cbe790bf8b1d6b24391\",\"name\":\"melanie\"}]}<\/script>\n<!-- \/ Yoast SEO plugin. -->","yoast_head_json":{"title":"Cadre mural : d\u00e9corer son chez-soi avec ses propres photos","description":"Comme un besoin de refaire sa d\u00e9co ? D\u00e9couvrez le cadre mural en mode personnalis\u00e9, parce qu\u2019il n\u2019y a rien de mieux que vos photos pour habiller une pi\u00e8ce.","robots":{"index":"index","follow":"follow","max-snippet":"max-snippet:-1","max-image-preview":"max-image-preview:large","max-video-preview":"max-video-preview:-1"},"canonical":"https:\/\/www.photoweb.fr\/espaces\/magazine\/cadre-mural-faire-sa-propre-deco\/","og_locale":"fr_FR","og_type":"article","og_title":"Cadre mural : d\u00e9corer son chez-soi avec ses propres photos","og_description":"Comme un besoin de refaire sa d\u00e9co ? D\u00e9couvrez le cadre mural en mode personnalis\u00e9, parce qu\u2019il n\u2019y a rien de mieux que vos photos pour habiller une pi\u00e8ce.","og_url":"https:\/\/www.photoweb.fr\/espaces\/magazine\/cadre-mural-faire-sa-propre-deco\/","og_site_name":"Photoweb, le mag","article_publisher":"https:\/\/fr-fr.facebook.com\/Photoweb.fr\/","article_published_time":"2018-03-15T15:30:29+00:00","article_modified_time":"2023-07-31T13:44:52+00:00","og_image":[{"width":800,"height":600,"url":"https:\/\/www.photoweb.fr\/espaces\/magazine\/wp-content\/uploads\/2018\/03\/cadre-mural.jpg","type":"image\/jpeg"}],"author":"melanie","twitter_card":"summary_large_image","twitter_creator":"@Photoweb_fr","twitter_site":"@Photoweb_fr","twitter_misc":{"\u00c9crit par":"melanie","Dur\u00e9e de lecture estim\u00e9e":"2 minutes"},"schema":{"@context":"https:\/\/schema.org","@graph":[{"@type":"Article","@id":"https:\/\/www.photoweb.fr\/espaces\/magazine\/cadre-mural-faire-sa-propre-deco\/#article","isPartOf":{"@id":"https:\/\/www.photoweb.fr\/espaces\/magazine\/cadre-mural-faire-sa-propre-deco\/"},"author":{"name":"melanie","@id":"https:\/\/www.photoweb.fr\/espaces\/magazine\/#\/schema\/person\/111451a615bb7cbe790bf8b1d6b24391"},"headline":"Cadre mural : d\u00e9corer son chez-soi avec ses propres photos","datePublished":"2018-03-15T15:30:29+00:00","dateModified":"2023-07-31T13:44:52+00:00","mainEntityOfPage":{"@id":"https:\/\/www.photoweb.fr\/espaces\/magazine\/cadre-mural-faire-sa-propre-deco\/"},"wordCount":477,"commentCount":0,"publisher":{"@id":"https:\/\/www.photoweb.fr\/espaces\/magazine\/#organization"},"keywords":["d\u00e9co maison"],"articleSection":["Carnet de tendance"],"inLanguage":"fr-FR","potentialAction":[{"@type":"CommentAction","name":"Comment","target":["https:\/\/www.photoweb.fr\/espaces\/magazine\/cadre-mural-faire-sa-propre-deco\/#respond"]}]},{"@type":"WebPage","@id":"https:\/\/www.photoweb.fr\/espaces\/magazine\/cadre-mural-faire-sa-propre-deco\/","url":"https:\/\/www.photoweb.fr\/espaces\/magazine\/cadre-mural-faire-sa-propre-deco\/","name":"Cadre mural : d\u00e9corer son chez-soi avec ses propres photos","isPartOf":{"@id":"https:\/\/www.photoweb.fr\/espaces\/magazine\/#website"},"datePublished":"2018-03-15T15:30:29+00:00","dateModified":"2023-07-31T13:44:52+00:00","description":"Comme un besoin de refaire sa d\u00e9co ? D\u00e9couvrez le cadre mural en mode personnalis\u00e9, parce qu\u2019il n\u2019y a rien de mieux que vos photos pour habiller une pi\u00e8ce.","breadcrumb":{"@id":"https:\/\/www.photoweb.fr\/espaces\/magazine\/cadre-mural-faire-sa-propre-deco\/#breadcrumb"},"inLanguage":"fr-FR","potentialAction":[{"@type":"ReadAction","target":["https:\/\/www.photoweb.fr\/espaces\/magazine\/cadre-mural-faire-sa-propre-deco\/"]}]},{"@type":"BreadcrumbList","@id":"https:\/\/www.photoweb.fr\/espaces\/magazine\/cadre-mural-faire-sa-propre-deco\/#breadcrumb","itemListElement":[{"@type":"ListItem","position":1,"name":"Accueil","item":"https:\/\/www.photoweb.fr\/espaces\/magazine\/"},{"@type":"ListItem","position":2,"name":"Carnet de tendance","item":"https:\/\/www.photoweb.fr\/espaces\/magazine\/carnet-de-tendances\/"},{"@type":"ListItem","position":3,"name":"Cadre mural : d\u00e9corer son chez-soi avec ses propres photos"}]},{"@type":"WebSite","@id":"https:\/\/www.photoweb.fr\/espaces\/magazine\/#website","url":"https:\/\/www.photoweb.fr\/espaces\/magazine\/","name":"Photoweb, le mag","description":"Le magazine de Photoweb","publisher":{"@id":"https:\/\/www.photoweb.fr\/espaces\/magazine\/#organization"},"potentialAction":[{"@type":"SearchAction","target":{"@type":"EntryPoint","urlTemplate":"https:\/\/www.photoweb.fr\/espaces\/magazine\/?s={search_term_string}"},"query-input":"required name=search_term_string"}],"inLanguage":"fr-FR"},{"@type":"Organization","@id":"https:\/\/www.photoweb.fr\/espaces\/magazine\/#organization","name":"Photoweb","url":"https:\/\/www.photoweb.fr\/espaces\/magazine\/","logo":{"@type":"ImageObject","inLanguage":"fr-FR","@id":"https:\/\/www.photoweb.fr\/espaces\/magazine\/#\/schema\/logo\/image\/","url":"https:\/\/www.photoweb.fr\/espaces\/magazine\/wp-content\/uploads\/2021\/02\/Logo-Photoweb.jpg","contentUrl":"https:\/\/www.photoweb.fr\/espaces\/magazine\/wp-content\/uploads\/2021\/02\/Logo-Photoweb.jpg","width":780,"height":456,"caption":"Photoweb"},"image":{"@id":"https:\/\/www.photoweb.fr\/espaces\/magazine\/#\/schema\/logo\/image\/"},"sameAs":["https:\/\/fr-fr.facebook.com\/Photoweb.fr\/","https:\/\/twitter.com\/Photoweb_fr","https:\/\/www.instagram.com\/photowebfr\/","https:\/\/www.linkedin.com\/company\/347094\/","https:\/\/www.pinterest.fr\/inspirationsphotoweb\/_created\/","https:\/\/www.youtube.com\/channel\/UCtcVmTvkAzKQLVkiwfOm8sg"]},{"@type":"Person","@id":"https:\/\/www.photoweb.fr\/espaces\/magazine\/#\/schema\/person\/111451a615bb7cbe790bf8b1d6b24391","name":"melanie"}]}},"acf":[],"_links":{"self":[{"href":"https:\/\/www.photoweb.fr\/espaces\/magazine\/wp-json\/wp\/v2\/posts\/5167","targetHints":{"allow":["GET"]}}],"collection":[{"href":"https:\/\/www.photoweb.fr\/espaces\/magazine\/wp-json\/wp\/v2\/posts"}],"about":[{"href":"https:\/\/www.photoweb.fr\/espaces\/magazine\/wp-json\/wp\/v2\/types\/post"}],"author":[{"embeddable":true,"href":"https:\/\/www.photoweb.fr\/espaces\/magazine\/wp-json\/wp\/v2\/users\/21"}],"replies":[{"embeddable":true,"href":"https:\/\/www.photoweb.fr\/espaces\/magazine\/wp-json\/wp\/v2\/comments?post=5167"}],"version-history":[{"count":2,"href":"https:\/\/www.photoweb.fr\/espaces\/magazine\/wp-json\/wp\/v2\/posts\/5167\/revisions"}],"predecessor-version":[{"id":12334,"href":"https:\/\/www.photoweb.fr\/espaces\/magazine\/wp-json\/wp\/v2\/posts\/5167\/revisions\/12334"}],"wp:featuredmedia":[{"embeddable":true,"href":"https:\/\/www.photoweb.fr\/espaces\/magazine\/wp-json\/wp\/v2\/media\/5168"}],"wp:attachment":[{"href":"https:\/\/www.photoweb.fr\/espaces\/magazine\/wp-json\/wp\/v2\/media?parent=5167"}],"wp:term":[{"taxonomy":"category","embeddable":true,"href":"https:\/\/www.photoweb.fr\/espaces\/magazine\/wp-json\/wp\/v2\/categories?post=5167"},{"taxonomy":"post_tag","embeddable":true,"href":"https:\/\/www.photoweb.fr\/espaces\/magazine\/wp-json\/wp\/v2\/tags?post=5167"}],"curies":[{"name":"wp","href":"https:\/\/api.w.org\/{rel}","templated":true}]}}