{"id":5415,"date":"2017-05-16T13:55:38","date_gmt":"2017-05-16T13:55:38","guid":{"rendered":"https:\/\/www.photoweb.fr\/espaces\/magazine\/magazine\/?p=5415"},"modified":"2022-05-24T14:27:57","modified_gmt":"2022-05-24T14:27:57","slug":"decoration-murale","status":"publish","type":"post","link":"https:\/\/www.photoweb.fr\/espaces\/magazine\/decoration-murale\/","title":{"rendered":"Les inspirations pour la d\u00e9coration murale"},"content":{"rendered":"<p>Des tissus aux couleurs douces, des objets color\u00e9s ou encore des mati\u00e8res naturelles&#8230;Les derni\u00e8res tendances en mati\u00e8re de d\u00e9coration ne manqueront pas de vous plaire, tant il y en a pour tous les go\u00fbts. Vous \u00eates en manque d\u2019inspiration ? Suivez le guide ! Nous d\u00e9cortiquons pour vous 4 styles de d\u00e9coration majeurs en ce moment pour redonner du pep\u2019s \u00e0 votre int\u00e9rieur.<\/p>\n<h2><strong>Urban Jungle<\/strong><\/h2>\n<p>La couleur phare de cette saison est le vert \u00abgreenery\u00bb, que l\u2019on retrouve aussi bien sur les objets, que sur les murs. Elle rejoint la tendance jungle urbaine que l\u2019on voit depuis plusieurs saisons et qui permet de faire entrer la nature dans sa maison.<br \/>\nRafraichissante, cette tendance vous permettra \u00e9galement de cr\u00e9er une atmosph\u00e8re sereine.<\/p>\n<p>Notre astuce d\u00e9co photo :<br \/>\nCollectionnez plusieurs petites plantes dans vos pi\u00e8ces, mix\u00e9es \u00e0 des mati\u00e8res brutes, comme le bois ou le b\u00e9ton cir\u00e9. Pour habiller vos murs, prolongez l\u2019\u00e9vasion avec vos derni\u00e8res photos de vacances regroup\u00e9es dans un tableau photo p\u00eale-m\u00eale.<\/p>\n<p>\t\t\t\t<img loading=\"lazy\" decoding=\"async\" src=\"https:\/\/www.photoweb.fr\/espaces\/magazine\/wp-content\/uploads\/2018\/05\/jungle.png\" alt=\"decoration murale\" itemprop=\"image\" height=\"600\" width=\"800\" title=\"decoration murale\"  \/><\/p>\n<h2><strong>Scandinave<\/strong><\/h2>\n<p>Intemporel, le style scandinave s\u00e9duit toujours autant. Avec des pr\u00e9dominances de blanc et de couleurs pastel, cette tendance de d\u00e9coration aux lignes \u00e9pur\u00e9es permet de se cr\u00e9er un espace tr\u00e8s lumineux.<\/p>\n<p>Notre astuce d\u00e9co photo :<br \/>\nSimplicit\u00e9, ne veut pas forc\u00e9ment dire d\u00e9co froide. Si les objets sont plus rares dans la pi\u00e8ce, jouez sur l\u2019accumulation de tableaux photo pour la r\u00e9chauffer. Le tableau photo PVC sera ici id\u00e9al avec sa tranche blanche pour \u00e9quilibrer le rendu et ainsi garder une certaine l\u00e9g\u00e8ret\u00e9.<\/p>\n<p>\t\t\t\t<img loading=\"lazy\" decoding=\"async\" src=\"https:\/\/www.photoweb.fr\/espaces\/magazine\/wp-content\/uploads\/2018\/05\/scandinave.png\" alt=\"d\u00e9co murale\" itemprop=\"image\" height=\"600\" width=\"800\" title=\"d\u00e9co murale\"  \/><\/p>\n<h2><strong>Cocooning Chic<\/strong><\/h2>\n<p>Ambiance nature et champ\u00eatre pour ce troisi\u00e8me univers. Les mat\u00e9riaux naturels et les tons neutres sont rois : mobilier en rotin, panier en osier, plaid en laine\u2026Tout est fait pour se cr\u00e9er un cocoon de douceur apaisant et naturel.<\/p>\n<p>Notre astuce d\u00e9co photo :<br \/>\nPour sublimer ce style de d\u00e9coration, optez pour des photos sur toile de paysages ou de jolis portraits neutres de votre famille.<\/p>\n<p>\t\t\t\t<img loading=\"lazy\" decoding=\"async\" src=\"https:\/\/www.photoweb.fr\/espaces\/magazine\/wp-content\/uploads\/2018\/05\/cocooning.png\" alt=\"mur de photo\" itemprop=\"image\" height=\"600\" width=\"800\" title=\"mur de photo\"  \/><\/p>\n<h2>Industriel Vintage<\/h2>\n<p>Bois, m\u00e9tal brut, inspiration usine&#8230; Si ces seules \u00e9vocations vous plaisent, tournez-vous vers un style de d\u00e9coration industriel vintage. Cette tendance apporte une touche urbaine et moderne \u00e0 votre int\u00e9rieur pour un esprit loft New-Yorkais.<\/p>\n<p><strong>Notre astuce d\u00e9co photo :<\/strong><br \/>\nAccrochez un ou deux tableaux photo Alu de vos derniers voyages citadins. Sa confection avec deux plaques d\u2019alu DIBOND\u00ae en fait un must pour vos photos. Ils seront parfaits pour un rendu industriel.<\/p>\n<p>\t\t\t\t<img loading=\"lazy\" decoding=\"async\" src=\"https:\/\/www.photoweb.fr\/espaces\/magazine\/wp-content\/uploads\/2018\/05\/industriel.png\" alt=\"mur de photo\" itemprop=\"image\" height=\"600\" width=\"800\" title=\"mur de photo\"  \/><\/p>\n<p>1.2.3.<br \/>\n<\/br>imprimez&#8239;!<\/p>\n<p>\t\t\t\t<a href=\"https:\/\/www.photoweb.fr\/decoration-murale\/poster\" target=\"_blank\" rel=\"noopener\" itemprop=\"url\"><br \/>\n\t\t\t\t<img loading=\"lazy\" decoding=\"async\" src=\"https:\/\/www.photoweb.fr\/espaces\/magazine\/wp-content\/uploads\/2017\/09\/poster-photoweb.jpg\" alt=\"poster photoweb\" itemprop=\"image\" height=\"600\" width=\"600\" title=\"poster photoweb\"  \/><br \/>\n\t\t\t\t<\/a><br \/>\n\t<a target=\"_blank\" href=\"https:\/\/www.photoweb.fr\/decoration-murale\/poster\" rel=\"noopener\"><br \/>\nj&rsquo;imprime mon poster<\/a><br \/>\n\t\t\t\t<a href=\"https:\/\/www.photoweb.fr\/decoration-murale\/tableau\/listing\" target=\"_blank\" rel=\"noopener\" itemprop=\"url\"><br \/>\n\t\t\t\t<img loading=\"lazy\" decoding=\"async\" src=\"https:\/\/www.photoweb.fr\/espaces\/magazine\/wp-content\/uploads\/2017\/06\/Tableau-PVC-photoweb.jpg\" alt=\"Tableau PVC photoweb\" itemprop=\"image\" height=\"600\" width=\"600\" title=\"Tableau PVC photoweb\"  \/><br \/>\n\t\t\t\t<\/a><br \/>\n\t<a target=\"_blank\" href=\"https:\/\/www.photoweb.fr\/decoration-murale\/tableau-photo-pvc\" rel=\"noopener\"><br \/>\nje cr\u00e9e mon tableau<\/a><br \/>\n\t\t\t\t<a href=\"https:\/\/www.photoweb.fr\/decoration-murale\/poster-encadre\" target=\"_blank\" rel=\"noopener\" itemprop=\"url\"><br \/>\n\t\t\t\t<img loading=\"lazy\" decoding=\"async\" src=\"https:\/\/www.photoweb.fr\/espaces\/magazine\/wp-content\/uploads\/2018\/09\/Poster-encadre.png\" alt=\"poster encadre\" itemprop=\"image\" height=\"600\" width=\"600\" title=\"Poster-encadre\"  \/><br \/>\n\t\t\t\t<\/a><br \/>\n\t<a target=\"_blank\" href=\"https:\/\/www.photoweb.fr\/decoration-murale\/tableau-photo-alu\" rel=\"noopener\"><br \/>\nje cr\u00e9e mon poster encadr\u00e9<\/a><\/p>\n","protected":false},"excerpt":{"rendered":"<p>Des tissus aux couleurs douces, des objets color\u00e9s ou encore des mati\u00e8res naturelles&#8230;Les derni\u00e8res tendances en mati\u00e8re de d\u00e9coration ne manqueront pas de vous plaire, tant il y en a pour tous les go\u00fbts.<\/p>\n","protected":false},"author":6,"featured_media":5420,"comment_status":"open","ping_status":"open","sticky":false,"template":"single-standard.php","format":"standard","meta":{"footnotes":""},"categories":[5,96],"tags":[],"class_list":["post-5415","post","type-post","status-publish","format-standard","has-post-thumbnail","hentry","category-carnet-de-tendances","category-deco-murale"],"yoast_head":"<!-- This site is optimized with the Yoast SEO plugin v20.3 - https:\/\/yoast.com\/wordpress\/plugins\/seo\/ -->\n<title>Les inspirations pour la d\u00e9coration murale<\/title>\n<meta name=\"description\" content=\"Des tissus aux couleurs douces, des objets color\u00e9s ou encore des mati\u00e8res naturelles...Les derni\u00e8res tendances en mati\u00e8re de d\u00e9coration ne manqueront pas de vous plaire, tant il y en a pour tous les go\u00fbts.\" \/>\n<meta name=\"robots\" content=\"index, follow, max-snippet:-1, max-image-preview:large, max-video-preview:-1\" \/>\n<link rel=\"canonical\" href=\"https:\/\/www.photoweb.fr\/espaces\/magazine\/decoration-murale\/\" \/>\n<meta property=\"og:locale\" content=\"fr_FR\" \/>\n<meta property=\"og:type\" content=\"article\" \/>\n<meta property=\"og:title\" content=\"Les inspirations pour la d\u00e9coration murale\" \/>\n<meta property=\"og:description\" content=\"Des tissus aux couleurs douces, des objets color\u00e9s ou encore des mati\u00e8res naturelles...Les derni\u00e8res tendances en mati\u00e8re de d\u00e9coration ne manqueront pas de vous plaire, tant il y en a pour tous les go\u00fbts.\" \/>\n<meta property=\"og:url\" content=\"https:\/\/www.photoweb.fr\/espaces\/magazine\/decoration-murale\/\" \/>\n<meta property=\"og:site_name\" content=\"Photoweb, le mag\" \/>\n<meta property=\"article:publisher\" content=\"https:\/\/fr-fr.facebook.com\/Photoweb.fr\/\" \/>\n<meta property=\"article:published_time\" content=\"2017-05-16T13:55:38+00:00\" \/>\n<meta property=\"article:modified_time\" content=\"2022-05-24T14:27:57+00:00\" \/>\n<meta property=\"og:image\" content=\"https:\/\/www.photoweb.fr\/espaces\/magazine\/wp-content\/uploads\/2018\/05\/jungle.png\" \/>\n\t<meta property=\"og:image:width\" content=\"800\" \/>\n\t<meta property=\"og:image:height\" content=\"600\" \/>\n\t<meta property=\"og:image:type\" content=\"image\/png\" \/>\n<meta name=\"author\" content=\"Maud\" \/>\n<meta name=\"twitter:card\" content=\"summary_large_image\" \/>\n<meta name=\"twitter:creator\" content=\"@Photoweb_fr\" \/>\n<meta name=\"twitter:site\" content=\"@Photoweb_fr\" \/>\n<meta name=\"twitter:label1\" content=\"\u00c9crit par\" \/>\n\t<meta name=\"twitter:data1\" content=\"Maud\" \/>\n\t<meta name=\"twitter:label2\" content=\"Dur\u00e9e de lecture estim\u00e9e\" \/>\n\t<meta name=\"twitter:data2\" content=\"2 minutes\" \/>\n<script type=\"application\/ld+json\" class=\"yoast-schema-graph\">{\"@context\":\"https:\/\/schema.org\",\"@graph\":[{\"@type\":\"Article\",\"@id\":\"https:\/\/www.photoweb.fr\/espaces\/magazine\/decoration-murale\/#article\",\"isPartOf\":{\"@id\":\"https:\/\/www.photoweb.fr\/espaces\/magazine\/decoration-murale\/\"},\"author\":{\"name\":\"Maud\",\"@id\":\"https:\/\/www.photoweb.fr\/espaces\/magazine\/#\/schema\/person\/f354e6bd2302e567e1329fa54e90ff15\"},\"headline\":\"Les inspirations pour la d\u00e9coration murale\",\"datePublished\":\"2017-05-16T13:55:38+00:00\",\"dateModified\":\"2022-05-24T14:27:57+00:00\",\"mainEntityOfPage\":{\"@id\":\"https:\/\/www.photoweb.fr\/espaces\/magazine\/decoration-murale\/\"},\"wordCount\":454,\"commentCount\":0,\"publisher\":{\"@id\":\"https:\/\/www.photoweb.fr\/espaces\/magazine\/#organization\"},\"articleSection\":[\"Carnet de tendance\",\"D\u00e9co murale\"],\"inLanguage\":\"fr-FR\",\"potentialAction\":[{\"@type\":\"CommentAction\",\"name\":\"Comment\",\"target\":[\"https:\/\/www.photoweb.fr\/espaces\/magazine\/decoration-murale\/#respond\"]}]},{\"@type\":\"WebPage\",\"@id\":\"https:\/\/www.photoweb.fr\/espaces\/magazine\/decoration-murale\/\",\"url\":\"https:\/\/www.photoweb.fr\/espaces\/magazine\/decoration-murale\/\",\"name\":\"Les inspirations pour la d\u00e9coration murale\",\"isPartOf\":{\"@id\":\"https:\/\/www.photoweb.fr\/espaces\/magazine\/#website\"},\"datePublished\":\"2017-05-16T13:55:38+00:00\",\"dateModified\":\"2022-05-24T14:27:57+00:00\",\"description\":\"Des tissus aux couleurs douces, des objets color\u00e9s ou encore des mati\u00e8res naturelles...Les derni\u00e8res tendances en mati\u00e8re de d\u00e9coration ne manqueront pas de vous plaire, tant il y en a pour tous les go\u00fbts.\",\"breadcrumb\":{\"@id\":\"https:\/\/www.photoweb.fr\/espaces\/magazine\/decoration-murale\/#breadcrumb\"},\"inLanguage\":\"fr-FR\",\"potentialAction\":[{\"@type\":\"ReadAction\",\"target\":[\"https:\/\/www.photoweb.fr\/espaces\/magazine\/decoration-murale\/\"]}]},{\"@type\":\"BreadcrumbList\",\"@id\":\"https:\/\/www.photoweb.fr\/espaces\/magazine\/decoration-murale\/#breadcrumb\",\"itemListElement\":[{\"@type\":\"ListItem\",\"position\":1,\"name\":\"Accueil\",\"item\":\"https:\/\/www.photoweb.fr\/espaces\/magazine\/\"},{\"@type\":\"ListItem\",\"position\":2,\"name\":\"Carnet de tendance\",\"item\":\"https:\/\/www.photoweb.fr\/espaces\/magazine\/carnet-de-tendances\/\"},{\"@type\":\"ListItem\",\"position\":3,\"name\":\"Les inspirations pour la d\u00e9coration murale\"}]},{\"@type\":\"WebSite\",\"@id\":\"https:\/\/www.photoweb.fr\/espaces\/magazine\/#website\",\"url\":\"https:\/\/www.photoweb.fr\/espaces\/magazine\/\",\"name\":\"Photoweb, le mag\",\"description\":\"Le magazine de Photoweb\",\"publisher\":{\"@id\":\"https:\/\/www.photoweb.fr\/espaces\/magazine\/#organization\"},\"potentialAction\":[{\"@type\":\"SearchAction\",\"target\":{\"@type\":\"EntryPoint\",\"urlTemplate\":\"https:\/\/www.photoweb.fr\/espaces\/magazine\/?s={search_term_string}\"},\"query-input\":\"required name=search_term_string\"}],\"inLanguage\":\"fr-FR\"},{\"@type\":\"Organization\",\"@id\":\"https:\/\/www.photoweb.fr\/espaces\/magazine\/#organization\",\"name\":\"Photoweb\",\"url\":\"https:\/\/www.photoweb.fr\/espaces\/magazine\/\",\"logo\":{\"@type\":\"ImageObject\",\"inLanguage\":\"fr-FR\",\"@id\":\"https:\/\/www.photoweb.fr\/espaces\/magazine\/#\/schema\/logo\/image\/\",\"url\":\"https:\/\/www.photoweb.fr\/espaces\/magazine\/wp-content\/uploads\/2021\/02\/Logo-Photoweb.jpg\",\"contentUrl\":\"https:\/\/www.photoweb.fr\/espaces\/magazine\/wp-content\/uploads\/2021\/02\/Logo-Photoweb.jpg\",\"width\":780,\"height\":456,\"caption\":\"Photoweb\"},\"image\":{\"@id\":\"https:\/\/www.photoweb.fr\/espaces\/magazine\/#\/schema\/logo\/image\/\"},\"sameAs\":[\"https:\/\/fr-fr.facebook.com\/Photoweb.fr\/\",\"https:\/\/twitter.com\/Photoweb_fr\",\"https:\/\/www.instagram.com\/photowebfr\/\",\"https:\/\/www.linkedin.com\/company\/347094\/\",\"https:\/\/www.pinterest.fr\/inspirationsphotoweb\/_created\/\",\"https:\/\/www.youtube.com\/channel\/UCtcVmTvkAzKQLVkiwfOm8sg\"]},{\"@type\":\"Person\",\"@id\":\"https:\/\/www.photoweb.fr\/espaces\/magazine\/#\/schema\/person\/f354e6bd2302e567e1329fa54e90ff15\",\"name\":\"Maud\"}]}<\/script>\n<!-- \/ Yoast SEO plugin. -->","yoast_head_json":{"title":"Les inspirations pour la d\u00e9coration murale","description":"Des tissus aux couleurs douces, des objets color\u00e9s ou encore des mati\u00e8res naturelles...Les derni\u00e8res tendances en mati\u00e8re de d\u00e9coration ne manqueront pas de vous plaire, tant il y en a pour tous les go\u00fbts.","robots":{"index":"index","follow":"follow","max-snippet":"max-snippet:-1","max-image-preview":"max-image-preview:large","max-video-preview":"max-video-preview:-1"},"canonical":"https:\/\/www.photoweb.fr\/espaces\/magazine\/decoration-murale\/","og_locale":"fr_FR","og_type":"article","og_title":"Les inspirations pour la d\u00e9coration murale","og_description":"Des tissus aux couleurs douces, des objets color\u00e9s ou encore des mati\u00e8res naturelles...Les derni\u00e8res tendances en mati\u00e8re de d\u00e9coration ne manqueront pas de vous plaire, tant il y en a pour tous les go\u00fbts.","og_url":"https:\/\/www.photoweb.fr\/espaces\/magazine\/decoration-murale\/","og_site_name":"Photoweb, le mag","article_publisher":"https:\/\/fr-fr.facebook.com\/Photoweb.fr\/","article_published_time":"2017-05-16T13:55:38+00:00","article_modified_time":"2022-05-24T14:27:57+00:00","og_image":[{"width":800,"height":600,"url":"https:\/\/www.photoweb.fr\/espaces\/magazine\/wp-content\/uploads\/2018\/05\/jungle.png","type":"image\/png"}],"author":"Maud","twitter_card":"summary_large_image","twitter_creator":"@Photoweb_fr","twitter_site":"@Photoweb_fr","twitter_misc":{"\u00c9crit par":"Maud","Dur\u00e9e de lecture estim\u00e9e":"2 minutes"},"schema":{"@context":"https:\/\/schema.org","@graph":[{"@type":"Article","@id":"https:\/\/www.photoweb.fr\/espaces\/magazine\/decoration-murale\/#article","isPartOf":{"@id":"https:\/\/www.photoweb.fr\/espaces\/magazine\/decoration-murale\/"},"author":{"name":"Maud","@id":"https:\/\/www.photoweb.fr\/espaces\/magazine\/#\/schema\/person\/f354e6bd2302e567e1329fa54e90ff15"},"headline":"Les inspirations pour la d\u00e9coration murale","datePublished":"2017-05-16T13:55:38+00:00","dateModified":"2022-05-24T14:27:57+00:00","mainEntityOfPage":{"@id":"https:\/\/www.photoweb.fr\/espaces\/magazine\/decoration-murale\/"},"wordCount":454,"commentCount":0,"publisher":{"@id":"https:\/\/www.photoweb.fr\/espaces\/magazine\/#organization"},"articleSection":["Carnet de tendance","D\u00e9co murale"],"inLanguage":"fr-FR","potentialAction":[{"@type":"CommentAction","name":"Comment","target":["https:\/\/www.photoweb.fr\/espaces\/magazine\/decoration-murale\/#respond"]}]},{"@type":"WebPage","@id":"https:\/\/www.photoweb.fr\/espaces\/magazine\/decoration-murale\/","url":"https:\/\/www.photoweb.fr\/espaces\/magazine\/decoration-murale\/","name":"Les inspirations pour la d\u00e9coration murale","isPartOf":{"@id":"https:\/\/www.photoweb.fr\/espaces\/magazine\/#website"},"datePublished":"2017-05-16T13:55:38+00:00","dateModified":"2022-05-24T14:27:57+00:00","description":"Des tissus aux couleurs douces, des objets color\u00e9s ou encore des mati\u00e8res naturelles...Les derni\u00e8res tendances en mati\u00e8re de d\u00e9coration ne manqueront pas de vous plaire, tant il y en a pour tous les go\u00fbts.","breadcrumb":{"@id":"https:\/\/www.photoweb.fr\/espaces\/magazine\/decoration-murale\/#breadcrumb"},"inLanguage":"fr-FR","potentialAction":[{"@type":"ReadAction","target":["https:\/\/www.photoweb.fr\/espaces\/magazine\/decoration-murale\/"]}]},{"@type":"BreadcrumbList","@id":"https:\/\/www.photoweb.fr\/espaces\/magazine\/decoration-murale\/#breadcrumb","itemListElement":[{"@type":"ListItem","position":1,"name":"Accueil","item":"https:\/\/www.photoweb.fr\/espaces\/magazine\/"},{"@type":"ListItem","position":2,"name":"Carnet de tendance","item":"https:\/\/www.photoweb.fr\/espaces\/magazine\/carnet-de-tendances\/"},{"@type":"ListItem","position":3,"name":"Les inspirations pour la d\u00e9coration murale"}]},{"@type":"WebSite","@id":"https:\/\/www.photoweb.fr\/espaces\/magazine\/#website","url":"https:\/\/www.photoweb.fr\/espaces\/magazine\/","name":"Photoweb, le mag","description":"Le magazine de Photoweb","publisher":{"@id":"https:\/\/www.photoweb.fr\/espaces\/magazine\/#organization"},"potentialAction":[{"@type":"SearchAction","target":{"@type":"EntryPoint","urlTemplate":"https:\/\/www.photoweb.fr\/espaces\/magazine\/?s={search_term_string}"},"query-input":"required name=search_term_string"}],"inLanguage":"fr-FR"},{"@type":"Organization","@id":"https:\/\/www.photoweb.fr\/espaces\/magazine\/#organization","name":"Photoweb","url":"https:\/\/www.photoweb.fr\/espaces\/magazine\/","logo":{"@type":"ImageObject","inLanguage":"fr-FR","@id":"https:\/\/www.photoweb.fr\/espaces\/magazine\/#\/schema\/logo\/image\/","url":"https:\/\/www.photoweb.fr\/espaces\/magazine\/wp-content\/uploads\/2021\/02\/Logo-Photoweb.jpg","contentUrl":"https:\/\/www.photoweb.fr\/espaces\/magazine\/wp-content\/uploads\/2021\/02\/Logo-Photoweb.jpg","width":780,"height":456,"caption":"Photoweb"},"image":{"@id":"https:\/\/www.photoweb.fr\/espaces\/magazine\/#\/schema\/logo\/image\/"},"sameAs":["https:\/\/fr-fr.facebook.com\/Photoweb.fr\/","https:\/\/twitter.com\/Photoweb_fr","https:\/\/www.instagram.com\/photowebfr\/","https:\/\/www.linkedin.com\/company\/347094\/","https:\/\/www.pinterest.fr\/inspirationsphotoweb\/_created\/","https:\/\/www.youtube.com\/channel\/UCtcVmTvkAzKQLVkiwfOm8sg"]},{"@type":"Person","@id":"https:\/\/www.photoweb.fr\/espaces\/magazine\/#\/schema\/person\/f354e6bd2302e567e1329fa54e90ff15","name":"Maud"}]}},"acf":[],"_links":{"self":[{"href":"https:\/\/www.photoweb.fr\/espaces\/magazine\/wp-json\/wp\/v2\/posts\/5415","targetHints":{"allow":["GET"]}}],"collection":[{"href":"https:\/\/www.photoweb.fr\/espaces\/magazine\/wp-json\/wp\/v2\/posts"}],"about":[{"href":"https:\/\/www.photoweb.fr\/espaces\/magazine\/wp-json\/wp\/v2\/types\/post"}],"author":[{"embeddable":true,"href":"https:\/\/www.photoweb.fr\/espaces\/magazine\/wp-json\/wp\/v2\/users\/6"}],"replies":[{"embeddable":true,"href":"https:\/\/www.photoweb.fr\/espaces\/magazine\/wp-json\/wp\/v2\/comments?post=5415"}],"version-history":[{"count":1,"href":"https:\/\/www.photoweb.fr\/espaces\/magazine\/wp-json\/wp\/v2\/posts\/5415\/revisions"}],"predecessor-version":[{"id":11176,"href":"https:\/\/www.photoweb.fr\/espaces\/magazine\/wp-json\/wp\/v2\/posts\/5415\/revisions\/11176"}],"wp:featuredmedia":[{"embeddable":true,"href":"https:\/\/www.photoweb.fr\/espaces\/magazine\/wp-json\/wp\/v2\/media\/5420"}],"wp:attachment":[{"href":"https:\/\/www.photoweb.fr\/espaces\/magazine\/wp-json\/wp\/v2\/media?parent=5415"}],"wp:term":[{"taxonomy":"category","embeddable":true,"href":"https:\/\/www.photoweb.fr\/espaces\/magazine\/wp-json\/wp\/v2\/categories?post=5415"},{"taxonomy":"post_tag","embeddable":true,"href":"https:\/\/www.photoweb.fr\/espaces\/magazine\/wp-json\/wp\/v2\/tags?post=5415"}],"curies":[{"name":"wp","href":"https:\/\/api.w.org\/{rel}","templated":true}]}}