{"id":5483,"date":"2017-05-17T14:47:58","date_gmt":"2017-05-17T14:47:58","guid":{"rendered":"https:\/\/www.photoweb.fr\/espaces\/magazine\/magazine\/?p=5483"},"modified":"2020-09-29T14:35:54","modified_gmt":"2020-09-29T14:35:54","slug":"nouveaute-photoweb-le-livre-photo-plat-retro","status":"publish","type":"post","link":"https:\/\/www.photoweb.fr\/espaces\/magazine\/nouveaute-photoweb-le-livre-photo-plat-retro\/","title":{"rendered":"Nouveaut\u00e9 Photoweb : le livre Photo \u00e0 plat R\u00e9tro"},"content":{"rendered":"<p>Des vacances en famille dans un paysage \u00e0 couper le souffle, mettez en sc\u00e8ne vos plus beaux moments dans notre nouveau <a href=\"https:\/\/www.photoweb.fr\/livre-photo\/listing\">livre photo<\/a> \u00e0 plat R\u00e9tro !<\/p>\n<p>Laissez-vous tenter pour faire de ces instants pass\u00e9s une v\u00e9ritable \u0153uvre d\u2019art.<\/p>\n<p>\t\t\t\t<img loading=\"lazy\" decoding=\"async\" src=\"https:\/\/www.photoweb.fr\/espaces\/magazine\/wp-content\/uploads\/2018\/05\/livre-photo-design.png\" alt=\"livre-photo-vintage\" height=\"463\" width=\"708\" title=\"livre-photo-vintage\" \/><\/p>\n<h2>Ses petits secrets<\/h2>\n<p>Id\u00e9al pour vos photos panoramiques gr\u00e2ce \u00e0 son ouverture \u00e0 plat. Replongez enti\u00e8rement dans vos plus beaux moments gr\u00e2ce \u00e0 son ouverture \u00e0 plat, qui repousse les fronti\u00e8res de vos plus belles photos.<\/p>\n<p>\t\t\t\t<img loading=\"lazy\" decoding=\"async\" src=\"https:\/\/www.photoweb.fr\/espaces\/magazine\/wp-content\/uploads\/2018\/05\/toucher-naturel.png\" alt=\"toucher-naturel\" height=\"390\" width=\"390\" title=\"toucher-naturel\" \/><\/p>\n<p>Un papier pour un toucher naturel : le papier cr\u00e9atif. Avec le papier \u00ab Rives Sensation \u00bb votre \u00e2me d\u2019artiste sera s\u00e9duite par son aspect authentique, gr\u00e2ce \u00e0 son grain d\u00e9licat, rappelant le papier \u00e0 dessin.<\/p>\n<p>1.2.3.<br \/>\n<\/br>imprimez&#8239;!<\/p>\n<p>\t\t\t\t<a href=\"https:\/\/www.photoweb.fr\/livre-photo\/retro\/listing\" target=\"_blank\" rel=\"noopener\"><br \/>\n\t\t\t\t<img loading=\"lazy\" decoding=\"async\" src=\"https:\/\/www.photoweb.fr\/espaces\/magazine\/wp-content\/uploads\/2018\/05\/livre-photo-a-plat-retro-paysage-ambiance.jpg\" alt=\"livre-photo-a-plat-retro-paysage-ambiance\" height=\"347\" width=\"526\" title=\"livre-photo-a-plat-retro-paysage-ambiance\" \/><br \/>\n\t\t\t\t<\/a><br \/>\n\t<a href=\"https:\/\/www.photoweb.fr\/livre-photo\/retro\/listing\"><br \/>\ncr\u00e9er mon livre photo r\u00e9tro<\/a><\/p>\n","protected":false},"excerpt":{"rendered":"<p>Des vacances en famille dans un paysage \u00e0 couper le souffle, mettez en sc\u00e8ne vos plus beaux moments dans notre nouveau livre photo \u00e0 plat R\u00e9tro ! Laissez-vous tenter pour faire de ces instants pass\u00e9s une v\u00e9ritable \u0153uvre d\u2019art. Ses petits secrets Id\u00e9al pour vos photos panoramiques gr\u00e2ce \u00e0 son ouverture \u00e0 plat. Replongez enti\u00e8rement&hellip;<\/p>\n","protected":false},"author":6,"featured_media":5484,"comment_status":"open","ping_status":"open","sticky":false,"template":"single-standard.php","format":"standard","meta":{"footnotes":""},"categories":[94],"tags":[],"class_list":["post-5483","post","type-post","status-publish","format-standard","has-post-thumbnail","hentry","category-livre-photo"],"yoast_head":"<!-- This site is optimized with the Yoast SEO plugin v20.3 - https:\/\/yoast.com\/wordpress\/plugins\/seo\/ -->\n<title>Nouveaut\u00e9 Photoweb : le livre Photo \u00e0 plat R\u00e9tro<\/title>\n<meta name=\"description\" content=\"D\u00e9couvrez le nouveau livre photo \u00e0 plat R\u00e9tro : ouverture \u00e0 plat et papier effet \u00ab papier \u00e0 dessins \u00bb, fa\u00eetes durer vos plus beaux moments !\" \/>\n<meta name=\"robots\" content=\"index, follow, max-snippet:-1, max-image-preview:large, max-video-preview:-1\" \/>\n<link rel=\"canonical\" href=\"https:\/\/www.photoweb.fr\/espaces\/magazine\/nouveaute-photoweb-le-livre-photo-plat-retro\/\" \/>\n<meta property=\"og:locale\" content=\"fr_FR\" \/>\n<meta property=\"og:type\" content=\"article\" \/>\n<meta property=\"og:title\" content=\"Nouveaut\u00e9 Photoweb : le livre Photo \u00e0 plat R\u00e9tro\" \/>\n<meta property=\"og:description\" content=\"D\u00e9couvrez le nouveau livre photo \u00e0 plat R\u00e9tro : ouverture \u00e0 plat et papier effet \u00ab papier \u00e0 dessins \u00bb, fa\u00eetes durer vos plus beaux moments !\" \/>\n<meta property=\"og:url\" content=\"https:\/\/www.photoweb.fr\/espaces\/magazine\/nouveaute-photoweb-le-livre-photo-plat-retro\/\" \/>\n<meta property=\"og:site_name\" content=\"Photoweb, le mag\" \/>\n<meta property=\"article:publisher\" content=\"https:\/\/fr-fr.facebook.com\/Photoweb.fr\/\" \/>\n<meta property=\"article:published_time\" content=\"2017-05-17T14:47:58+00:00\" \/>\n<meta property=\"article:modified_time\" content=\"2020-09-29T14:35:54+00:00\" \/>\n<meta property=\"og:image\" content=\"https:\/\/www.photoweb.fr\/espaces\/magazine\/wp-content\/uploads\/2018\/05\/lpu-paysage-2.png\" \/>\n\t<meta property=\"og:image:width\" content=\"800\" \/>\n\t<meta property=\"og:image:height\" content=\"600\" \/>\n\t<meta property=\"og:image:type\" content=\"image\/png\" \/>\n<meta name=\"author\" content=\"Maud\" \/>\n<meta name=\"twitter:card\" content=\"summary_large_image\" \/>\n<meta name=\"twitter:creator\" content=\"@Photoweb_fr\" \/>\n<meta name=\"twitter:site\" content=\"@Photoweb_fr\" \/>\n<meta name=\"twitter:label1\" content=\"\u00c9crit par\" \/>\n\t<meta name=\"twitter:data1\" content=\"Maud\" \/>\n\t<meta name=\"twitter:label2\" content=\"Dur\u00e9e de lecture estim\u00e9e\" \/>\n\t<meta name=\"twitter:data2\" content=\"1 minute\" \/>\n<script type=\"application\/ld+json\" class=\"yoast-schema-graph\">{\"@context\":\"https:\/\/schema.org\",\"@graph\":[{\"@type\":\"Article\",\"@id\":\"https:\/\/www.photoweb.fr\/espaces\/magazine\/nouveaute-photoweb-le-livre-photo-plat-retro\/#article\",\"isPartOf\":{\"@id\":\"https:\/\/www.photoweb.fr\/espaces\/magazine\/nouveaute-photoweb-le-livre-photo-plat-retro\/\"},\"author\":{\"name\":\"Maud\",\"@id\":\"https:\/\/www.photoweb.fr\/espaces\/magazine\/#\/schema\/person\/f354e6bd2302e567e1329fa54e90ff15\"},\"headline\":\"Nouveaut\u00e9 Photoweb : le livre Photo \u00e0 plat R\u00e9tro\",\"datePublished\":\"2017-05-17T14:47:58+00:00\",\"dateModified\":\"2020-09-29T14:35:54+00:00\",\"mainEntityOfPage\":{\"@id\":\"https:\/\/www.photoweb.fr\/espaces\/magazine\/nouveaute-photoweb-le-livre-photo-plat-retro\/\"},\"wordCount\":130,\"commentCount\":0,\"publisher\":{\"@id\":\"https:\/\/www.photoweb.fr\/espaces\/magazine\/#organization\"},\"articleSection\":[\"Livre photo\"],\"inLanguage\":\"fr-FR\",\"potentialAction\":[{\"@type\":\"CommentAction\",\"name\":\"Comment\",\"target\":[\"https:\/\/www.photoweb.fr\/espaces\/magazine\/nouveaute-photoweb-le-livre-photo-plat-retro\/#respond\"]}]},{\"@type\":\"WebPage\",\"@id\":\"https:\/\/www.photoweb.fr\/espaces\/magazine\/nouveaute-photoweb-le-livre-photo-plat-retro\/\",\"url\":\"https:\/\/www.photoweb.fr\/espaces\/magazine\/nouveaute-photoweb-le-livre-photo-plat-retro\/\",\"name\":\"Nouveaut\u00e9 Photoweb : le livre Photo \u00e0 plat R\u00e9tro\",\"isPartOf\":{\"@id\":\"https:\/\/www.photoweb.fr\/espaces\/magazine\/#website\"},\"datePublished\":\"2017-05-17T14:47:58+00:00\",\"dateModified\":\"2020-09-29T14:35:54+00:00\",\"description\":\"D\u00e9couvrez le nouveau livre photo \u00e0 plat R\u00e9tro : ouverture \u00e0 plat et papier effet \u00ab papier \u00e0 dessins \u00bb, fa\u00eetes durer vos plus beaux moments !\",\"breadcrumb\":{\"@id\":\"https:\/\/www.photoweb.fr\/espaces\/magazine\/nouveaute-photoweb-le-livre-photo-plat-retro\/#breadcrumb\"},\"inLanguage\":\"fr-FR\",\"potentialAction\":[{\"@type\":\"ReadAction\",\"target\":[\"https:\/\/www.photoweb.fr\/espaces\/magazine\/nouveaute-photoweb-le-livre-photo-plat-retro\/\"]}]},{\"@type\":\"BreadcrumbList\",\"@id\":\"https:\/\/www.photoweb.fr\/espaces\/magazine\/nouveaute-photoweb-le-livre-photo-plat-retro\/#breadcrumb\",\"itemListElement\":[{\"@type\":\"ListItem\",\"position\":1,\"name\":\"Accueil\",\"item\":\"https:\/\/www.photoweb.fr\/espaces\/magazine\/\"},{\"@type\":\"ListItem\",\"position\":2,\"name\":\"Livre photo\",\"item\":\"https:\/\/www.photoweb.fr\/espaces\/magazine\/livre-photo\/\"},{\"@type\":\"ListItem\",\"position\":3,\"name\":\"Nouveaut\u00e9 Photoweb : le livre Photo \u00e0 plat R\u00e9tro\"}]},{\"@type\":\"WebSite\",\"@id\":\"https:\/\/www.photoweb.fr\/espaces\/magazine\/#website\",\"url\":\"https:\/\/www.photoweb.fr\/espaces\/magazine\/\",\"name\":\"Photoweb, le mag\",\"description\":\"Le magazine de Photoweb\",\"publisher\":{\"@id\":\"https:\/\/www.photoweb.fr\/espaces\/magazine\/#organization\"},\"potentialAction\":[{\"@type\":\"SearchAction\",\"target\":{\"@type\":\"EntryPoint\",\"urlTemplate\":\"https:\/\/www.photoweb.fr\/espaces\/magazine\/?s={search_term_string}\"},\"query-input\":\"required name=search_term_string\"}],\"inLanguage\":\"fr-FR\"},{\"@type\":\"Organization\",\"@id\":\"https:\/\/www.photoweb.fr\/espaces\/magazine\/#organization\",\"name\":\"Photoweb\",\"url\":\"https:\/\/www.photoweb.fr\/espaces\/magazine\/\",\"logo\":{\"@type\":\"ImageObject\",\"inLanguage\":\"fr-FR\",\"@id\":\"https:\/\/www.photoweb.fr\/espaces\/magazine\/#\/schema\/logo\/image\/\",\"url\":\"https:\/\/www.photoweb.fr\/espaces\/magazine\/wp-content\/uploads\/2021\/02\/Logo-Photoweb.jpg\",\"contentUrl\":\"https:\/\/www.photoweb.fr\/espaces\/magazine\/wp-content\/uploads\/2021\/02\/Logo-Photoweb.jpg\",\"width\":780,\"height\":456,\"caption\":\"Photoweb\"},\"image\":{\"@id\":\"https:\/\/www.photoweb.fr\/espaces\/magazine\/#\/schema\/logo\/image\/\"},\"sameAs\":[\"https:\/\/fr-fr.facebook.com\/Photoweb.fr\/\",\"https:\/\/twitter.com\/Photoweb_fr\",\"https:\/\/www.instagram.com\/photowebfr\/\",\"https:\/\/www.linkedin.com\/company\/347094\/\",\"https:\/\/www.pinterest.fr\/inspirationsphotoweb\/_created\/\",\"https:\/\/www.youtube.com\/channel\/UCtcVmTvkAzKQLVkiwfOm8sg\"]},{\"@type\":\"Person\",\"@id\":\"https:\/\/www.photoweb.fr\/espaces\/magazine\/#\/schema\/person\/f354e6bd2302e567e1329fa54e90ff15\",\"name\":\"Maud\"}]}<\/script>\n<!-- \/ Yoast SEO plugin. -->","yoast_head_json":{"title":"Nouveaut\u00e9 Photoweb : le livre Photo \u00e0 plat R\u00e9tro","description":"D\u00e9couvrez le nouveau livre photo \u00e0 plat R\u00e9tro : ouverture \u00e0 plat et papier effet \u00ab papier \u00e0 dessins \u00bb, fa\u00eetes durer vos plus beaux moments !","robots":{"index":"index","follow":"follow","max-snippet":"max-snippet:-1","max-image-preview":"max-image-preview:large","max-video-preview":"max-video-preview:-1"},"canonical":"https:\/\/www.photoweb.fr\/espaces\/magazine\/nouveaute-photoweb-le-livre-photo-plat-retro\/","og_locale":"fr_FR","og_type":"article","og_title":"Nouveaut\u00e9 Photoweb : le livre Photo \u00e0 plat R\u00e9tro","og_description":"D\u00e9couvrez le nouveau livre photo \u00e0 plat R\u00e9tro : ouverture \u00e0 plat et papier effet \u00ab papier \u00e0 dessins \u00bb, fa\u00eetes durer vos plus beaux moments !","og_url":"https:\/\/www.photoweb.fr\/espaces\/magazine\/nouveaute-photoweb-le-livre-photo-plat-retro\/","og_site_name":"Photoweb, le mag","article_publisher":"https:\/\/fr-fr.facebook.com\/Photoweb.fr\/","article_published_time":"2017-05-17T14:47:58+00:00","article_modified_time":"2020-09-29T14:35:54+00:00","og_image":[{"width":800,"height":600,"url":"https:\/\/www.photoweb.fr\/espaces\/magazine\/wp-content\/uploads\/2018\/05\/lpu-paysage-2.png","type":"image\/png"}],"author":"Maud","twitter_card":"summary_large_image","twitter_creator":"@Photoweb_fr","twitter_site":"@Photoweb_fr","twitter_misc":{"\u00c9crit par":"Maud","Dur\u00e9e de lecture estim\u00e9e":"1 minute"},"schema":{"@context":"https:\/\/schema.org","@graph":[{"@type":"Article","@id":"https:\/\/www.photoweb.fr\/espaces\/magazine\/nouveaute-photoweb-le-livre-photo-plat-retro\/#article","isPartOf":{"@id":"https:\/\/www.photoweb.fr\/espaces\/magazine\/nouveaute-photoweb-le-livre-photo-plat-retro\/"},"author":{"name":"Maud","@id":"https:\/\/www.photoweb.fr\/espaces\/magazine\/#\/schema\/person\/f354e6bd2302e567e1329fa54e90ff15"},"headline":"Nouveaut\u00e9 Photoweb : le livre Photo \u00e0 plat R\u00e9tro","datePublished":"2017-05-17T14:47:58+00:00","dateModified":"2020-09-29T14:35:54+00:00","mainEntityOfPage":{"@id":"https:\/\/www.photoweb.fr\/espaces\/magazine\/nouveaute-photoweb-le-livre-photo-plat-retro\/"},"wordCount":130,"commentCount":0,"publisher":{"@id":"https:\/\/www.photoweb.fr\/espaces\/magazine\/#organization"},"articleSection":["Livre photo"],"inLanguage":"fr-FR","potentialAction":[{"@type":"CommentAction","name":"Comment","target":["https:\/\/www.photoweb.fr\/espaces\/magazine\/nouveaute-photoweb-le-livre-photo-plat-retro\/#respond"]}]},{"@type":"WebPage","@id":"https:\/\/www.photoweb.fr\/espaces\/magazine\/nouveaute-photoweb-le-livre-photo-plat-retro\/","url":"https:\/\/www.photoweb.fr\/espaces\/magazine\/nouveaute-photoweb-le-livre-photo-plat-retro\/","name":"Nouveaut\u00e9 Photoweb : le livre Photo \u00e0 plat R\u00e9tro","isPartOf":{"@id":"https:\/\/www.photoweb.fr\/espaces\/magazine\/#website"},"datePublished":"2017-05-17T14:47:58+00:00","dateModified":"2020-09-29T14:35:54+00:00","description":"D\u00e9couvrez le nouveau livre photo \u00e0 plat R\u00e9tro : ouverture \u00e0 plat et papier effet \u00ab papier \u00e0 dessins \u00bb, fa\u00eetes durer vos plus beaux moments !","breadcrumb":{"@id":"https:\/\/www.photoweb.fr\/espaces\/magazine\/nouveaute-photoweb-le-livre-photo-plat-retro\/#breadcrumb"},"inLanguage":"fr-FR","potentialAction":[{"@type":"ReadAction","target":["https:\/\/www.photoweb.fr\/espaces\/magazine\/nouveaute-photoweb-le-livre-photo-plat-retro\/"]}]},{"@type":"BreadcrumbList","@id":"https:\/\/www.photoweb.fr\/espaces\/magazine\/nouveaute-photoweb-le-livre-photo-plat-retro\/#breadcrumb","itemListElement":[{"@type":"ListItem","position":1,"name":"Accueil","item":"https:\/\/www.photoweb.fr\/espaces\/magazine\/"},{"@type":"ListItem","position":2,"name":"Livre photo","item":"https:\/\/www.photoweb.fr\/espaces\/magazine\/livre-photo\/"},{"@type":"ListItem","position":3,"name":"Nouveaut\u00e9 Photoweb : le livre Photo \u00e0 plat R\u00e9tro"}]},{"@type":"WebSite","@id":"https:\/\/www.photoweb.fr\/espaces\/magazine\/#website","url":"https:\/\/www.photoweb.fr\/espaces\/magazine\/","name":"Photoweb, le mag","description":"Le magazine de Photoweb","publisher":{"@id":"https:\/\/www.photoweb.fr\/espaces\/magazine\/#organization"},"potentialAction":[{"@type":"SearchAction","target":{"@type":"EntryPoint","urlTemplate":"https:\/\/www.photoweb.fr\/espaces\/magazine\/?s={search_term_string}"},"query-input":"required name=search_term_string"}],"inLanguage":"fr-FR"},{"@type":"Organization","@id":"https:\/\/www.photoweb.fr\/espaces\/magazine\/#organization","name":"Photoweb","url":"https:\/\/www.photoweb.fr\/espaces\/magazine\/","logo":{"@type":"ImageObject","inLanguage":"fr-FR","@id":"https:\/\/www.photoweb.fr\/espaces\/magazine\/#\/schema\/logo\/image\/","url":"https:\/\/www.photoweb.fr\/espaces\/magazine\/wp-content\/uploads\/2021\/02\/Logo-Photoweb.jpg","contentUrl":"https:\/\/www.photoweb.fr\/espaces\/magazine\/wp-content\/uploads\/2021\/02\/Logo-Photoweb.jpg","width":780,"height":456,"caption":"Photoweb"},"image":{"@id":"https:\/\/www.photoweb.fr\/espaces\/magazine\/#\/schema\/logo\/image\/"},"sameAs":["https:\/\/fr-fr.facebook.com\/Photoweb.fr\/","https:\/\/twitter.com\/Photoweb_fr","https:\/\/www.instagram.com\/photowebfr\/","https:\/\/www.linkedin.com\/company\/347094\/","https:\/\/www.pinterest.fr\/inspirationsphotoweb\/_created\/","https:\/\/www.youtube.com\/channel\/UCtcVmTvkAzKQLVkiwfOm8sg"]},{"@type":"Person","@id":"https:\/\/www.photoweb.fr\/espaces\/magazine\/#\/schema\/person\/f354e6bd2302e567e1329fa54e90ff15","name":"Maud"}]}},"acf":[],"_links":{"self":[{"href":"https:\/\/www.photoweb.fr\/espaces\/magazine\/wp-json\/wp\/v2\/posts\/5483","targetHints":{"allow":["GET"]}}],"collection":[{"href":"https:\/\/www.photoweb.fr\/espaces\/magazine\/wp-json\/wp\/v2\/posts"}],"about":[{"href":"https:\/\/www.photoweb.fr\/espaces\/magazine\/wp-json\/wp\/v2\/types\/post"}],"author":[{"embeddable":true,"href":"https:\/\/www.photoweb.fr\/espaces\/magazine\/wp-json\/wp\/v2\/users\/6"}],"replies":[{"embeddable":true,"href":"https:\/\/www.photoweb.fr\/espaces\/magazine\/wp-json\/wp\/v2\/comments?post=5483"}],"version-history":[{"count":0,"href":"https:\/\/www.photoweb.fr\/espaces\/magazine\/wp-json\/wp\/v2\/posts\/5483\/revisions"}],"wp:featuredmedia":[{"embeddable":true,"href":"https:\/\/www.photoweb.fr\/espaces\/magazine\/wp-json\/wp\/v2\/media\/5484"}],"wp:attachment":[{"href":"https:\/\/www.photoweb.fr\/espaces\/magazine\/wp-json\/wp\/v2\/media?parent=5483"}],"wp:term":[{"taxonomy":"category","embeddable":true,"href":"https:\/\/www.photoweb.fr\/espaces\/magazine\/wp-json\/wp\/v2\/categories?post=5483"},{"taxonomy":"post_tag","embeddable":true,"href":"https:\/\/www.photoweb.fr\/espaces\/magazine\/wp-json\/wp\/v2\/tags?post=5483"}],"curies":[{"name":"wp","href":"https:\/\/api.w.org\/{rel}","templated":true}]}}