{"id":5623,"date":"2017-01-02T14:35:02","date_gmt":"2017-01-02T14:35:02","guid":{"rendered":"https:\/\/www.photoweb.fr\/espaces\/magazine\/magazine\/?p=5623"},"modified":"2022-06-08T10:32:50","modified_gmt":"2022-06-08T10:32:50","slug":"livre-photo-vernis-pages","status":"publish","type":"post","link":"https:\/\/www.photoweb.fr\/espaces\/magazine\/livre-photo-vernis-pages\/","title":{"rendered":"Livre photo : vernis sur les pages"},"content":{"rendered":"<p>&nbsp;<\/p>\n<p style=\"text-align: center;\">Une fine couche de vernis brillant est d\u00e9pos\u00e9e sur chaque page de votre livre pour rehausser l\u2019\u00e9clat des couleurs de vos photos. Le grain de l\u2019impression sera liss\u00e9 comme celui d\u2019un tirage sur papier photo ! Le vernis apportera une finition exceptionnelle \u00e0 votre livre et le prot\u00e9gera pour de longues ann\u00e9es !<\/p>\n<p>Option disponible sur tous les livres photo*<\/p>\n<p><img loading=\"lazy\" decoding=\"async\" src=\"https:\/\/www.photoweb.fr\/espaces\/magazine\/wp-content\/uploads\/2018\/05\/image-option-vernis-2.jpg\" alt=\"option vernis livre photo\" width=\"472\" height=\"273\" \/><br \/>\n<img loading=\"lazy\" decoding=\"async\" src=\"https:\/\/www.photoweb.fr\/espaces\/magazine\/wp-content\/uploads\/2018\/05\/image-option-vernis-3.jpg\" alt=\"page vernie livre photo\" width=\"470\" height=\"273\" \/><\/p>\n<p>1.2.3.<br \/>\nimprimez\u202f!<\/p>\n<p><a href=\"https:\/\/www.photoweb.fr\/livre-photo\/listing\" target=\"_blank\" rel=\"noopener\"><br \/>\n<img loading=\"lazy\" decoding=\"async\" src=\"https:\/\/www.photoweb.fr\/espaces\/magazine\/wp-content\/uploads\/2017\/06\/Livre-photo-prestige-paysage-photoweb.jpg\" alt=\"Livre photo format prestige paysage photoweb\" width=\"600\" height=\"600\" \/><br \/>\n<\/a><br \/>\n<a href=\"https:\/\/www.photoweb.fr\/livre-photo\/listing\"><br \/>\ncr\u00e9er mon livre photo<\/a><\/p>\n","protected":false},"excerpt":{"rendered":"<p>&nbsp; Une fine couche de vernis brillant est d\u00e9pos\u00e9e sur chaque page de votre livre pour rehausser l\u2019\u00e9clat des couleurs de vos photos. Le grain de l\u2019impression sera liss\u00e9 comme celui d\u2019un tirage sur papier photo ! Le vernis apportera une finition exceptionnelle \u00e0 votre livre et le prot\u00e9gera pour de longues ann\u00e9es ! Option&hellip;<\/p>\n","protected":false},"author":6,"featured_media":5626,"comment_status":"open","ping_status":"open","sticky":false,"template":"single-standard.php","format":"standard","meta":{"footnotes":""},"categories":[94],"tags":[],"class_list":["post-5623","post","type-post","status-publish","format-standard","has-post-thumbnail","hentry","category-livre-photo"],"yoast_head":"<!-- This site is optimized with the Yoast SEO plugin v20.3 - https:\/\/yoast.com\/wordpress\/plugins\/seo\/ -->\n<title>Livre photo : vernis sur les pages<\/title>\n<meta name=\"description\" content=\"&nbsp; Une fine couche de vernis brillant est d\u00e9pos\u00e9e sur chaque page de votre livre pour rehausser l\u2019\u00e9clat des couleurs de vos photos. Le grain de\" \/>\n<meta name=\"robots\" content=\"index, follow, max-snippet:-1, max-image-preview:large, max-video-preview:-1\" \/>\n<link rel=\"canonical\" href=\"https:\/\/www.photoweb.fr\/espaces\/magazine\/livre-photo-vernis-pages\/\" \/>\n<meta property=\"og:locale\" content=\"fr_FR\" \/>\n<meta property=\"og:type\" content=\"article\" \/>\n<meta property=\"og:title\" content=\"Livre photo : vernis sur les pages\" \/>\n<meta property=\"og:description\" content=\"&nbsp; Une fine couche de vernis brillant est d\u00e9pos\u00e9e sur chaque page de votre livre pour rehausser l\u2019\u00e9clat des couleurs de vos photos. Le grain de\" \/>\n<meta property=\"og:url\" content=\"https:\/\/www.photoweb.fr\/espaces\/magazine\/livre-photo-vernis-pages\/\" \/>\n<meta property=\"og:site_name\" content=\"Photoweb, le mag\" \/>\n<meta property=\"article:publisher\" content=\"https:\/\/fr-fr.facebook.com\/Photoweb.fr\/\" \/>\n<meta property=\"article:published_time\" content=\"2017-01-02T14:35:02+00:00\" \/>\n<meta property=\"article:modified_time\" content=\"2022-06-08T10:32:50+00:00\" \/>\n<meta property=\"og:image\" content=\"https:\/\/www.photoweb.fr\/espaces\/magazine\/wp-content\/uploads\/2018\/05\/vernis-livre-photo2.png\" \/>\n\t<meta property=\"og:image:width\" content=\"800\" \/>\n\t<meta property=\"og:image:height\" content=\"600\" \/>\n\t<meta property=\"og:image:type\" content=\"image\/png\" \/>\n<meta name=\"author\" content=\"Maud\" \/>\n<meta name=\"twitter:card\" content=\"summary_large_image\" \/>\n<meta name=\"twitter:creator\" content=\"@Photoweb_fr\" \/>\n<meta name=\"twitter:site\" content=\"@Photoweb_fr\" \/>\n<meta name=\"twitter:label1\" content=\"\u00c9crit par\" \/>\n\t<meta name=\"twitter:data1\" content=\"Maud\" \/>\n<script type=\"application\/ld+json\" class=\"yoast-schema-graph\">{\"@context\":\"https:\/\/schema.org\",\"@graph\":[{\"@type\":\"Article\",\"@id\":\"https:\/\/www.photoweb.fr\/espaces\/magazine\/livre-photo-vernis-pages\/#article\",\"isPartOf\":{\"@id\":\"https:\/\/www.photoweb.fr\/espaces\/magazine\/livre-photo-vernis-pages\/\"},\"author\":{\"name\":\"Maud\",\"@id\":\"https:\/\/www.photoweb.fr\/espaces\/magazine\/#\/schema\/person\/f354e6bd2302e567e1329fa54e90ff15\"},\"headline\":\"Livre photo : vernis sur les pages\",\"datePublished\":\"2017-01-02T14:35:02+00:00\",\"dateModified\":\"2022-06-08T10:32:50+00:00\",\"mainEntityOfPage\":{\"@id\":\"https:\/\/www.photoweb.fr\/espaces\/magazine\/livre-photo-vernis-pages\/\"},\"wordCount\":77,\"commentCount\":2,\"publisher\":{\"@id\":\"https:\/\/www.photoweb.fr\/espaces\/magazine\/#organization\"},\"articleSection\":[\"Livre photo\"],\"inLanguage\":\"fr-FR\",\"potentialAction\":[{\"@type\":\"CommentAction\",\"name\":\"Comment\",\"target\":[\"https:\/\/www.photoweb.fr\/espaces\/magazine\/livre-photo-vernis-pages\/#respond\"]}]},{\"@type\":\"WebPage\",\"@id\":\"https:\/\/www.photoweb.fr\/espaces\/magazine\/livre-photo-vernis-pages\/\",\"url\":\"https:\/\/www.photoweb.fr\/espaces\/magazine\/livre-photo-vernis-pages\/\",\"name\":\"Livre photo : vernis sur les pages\",\"isPartOf\":{\"@id\":\"https:\/\/www.photoweb.fr\/espaces\/magazine\/#website\"},\"datePublished\":\"2017-01-02T14:35:02+00:00\",\"dateModified\":\"2022-06-08T10:32:50+00:00\",\"description\":\"&nbsp; Une fine couche de vernis brillant est d\u00e9pos\u00e9e sur chaque page de votre livre pour rehausser l\u2019\u00e9clat des couleurs de vos photos. Le grain de\",\"breadcrumb\":{\"@id\":\"https:\/\/www.photoweb.fr\/espaces\/magazine\/livre-photo-vernis-pages\/#breadcrumb\"},\"inLanguage\":\"fr-FR\",\"potentialAction\":[{\"@type\":\"ReadAction\",\"target\":[\"https:\/\/www.photoweb.fr\/espaces\/magazine\/livre-photo-vernis-pages\/\"]}]},{\"@type\":\"BreadcrumbList\",\"@id\":\"https:\/\/www.photoweb.fr\/espaces\/magazine\/livre-photo-vernis-pages\/#breadcrumb\",\"itemListElement\":[{\"@type\":\"ListItem\",\"position\":1,\"name\":\"Accueil\",\"item\":\"https:\/\/www.photoweb.fr\/espaces\/magazine\/\"},{\"@type\":\"ListItem\",\"position\":2,\"name\":\"Livre photo\",\"item\":\"https:\/\/www.photoweb.fr\/espaces\/magazine\/livre-photo\/\"},{\"@type\":\"ListItem\",\"position\":3,\"name\":\"Livre photo : vernis sur les pages\"}]},{\"@type\":\"WebSite\",\"@id\":\"https:\/\/www.photoweb.fr\/espaces\/magazine\/#website\",\"url\":\"https:\/\/www.photoweb.fr\/espaces\/magazine\/\",\"name\":\"Photoweb, le mag\",\"description\":\"Le magazine de Photoweb\",\"publisher\":{\"@id\":\"https:\/\/www.photoweb.fr\/espaces\/magazine\/#organization\"},\"potentialAction\":[{\"@type\":\"SearchAction\",\"target\":{\"@type\":\"EntryPoint\",\"urlTemplate\":\"https:\/\/www.photoweb.fr\/espaces\/magazine\/?s={search_term_string}\"},\"query-input\":\"required name=search_term_string\"}],\"inLanguage\":\"fr-FR\"},{\"@type\":\"Organization\",\"@id\":\"https:\/\/www.photoweb.fr\/espaces\/magazine\/#organization\",\"name\":\"Photoweb\",\"url\":\"https:\/\/www.photoweb.fr\/espaces\/magazine\/\",\"logo\":{\"@type\":\"ImageObject\",\"inLanguage\":\"fr-FR\",\"@id\":\"https:\/\/www.photoweb.fr\/espaces\/magazine\/#\/schema\/logo\/image\/\",\"url\":\"https:\/\/www.photoweb.fr\/espaces\/magazine\/wp-content\/uploads\/2021\/02\/Logo-Photoweb.jpg\",\"contentUrl\":\"https:\/\/www.photoweb.fr\/espaces\/magazine\/wp-content\/uploads\/2021\/02\/Logo-Photoweb.jpg\",\"width\":780,\"height\":456,\"caption\":\"Photoweb\"},\"image\":{\"@id\":\"https:\/\/www.photoweb.fr\/espaces\/magazine\/#\/schema\/logo\/image\/\"},\"sameAs\":[\"https:\/\/fr-fr.facebook.com\/Photoweb.fr\/\",\"https:\/\/twitter.com\/Photoweb_fr\",\"https:\/\/www.instagram.com\/photowebfr\/\",\"https:\/\/www.linkedin.com\/company\/347094\/\",\"https:\/\/www.pinterest.fr\/inspirationsphotoweb\/_created\/\",\"https:\/\/www.youtube.com\/channel\/UCtcVmTvkAzKQLVkiwfOm8sg\"]},{\"@type\":\"Person\",\"@id\":\"https:\/\/www.photoweb.fr\/espaces\/magazine\/#\/schema\/person\/f354e6bd2302e567e1329fa54e90ff15\",\"name\":\"Maud\"}]}<\/script>\n<!-- \/ Yoast SEO plugin. -->","yoast_head_json":{"title":"Livre photo : vernis sur les pages","description":"&nbsp; Une fine couche de vernis brillant est d\u00e9pos\u00e9e sur chaque page de votre livre pour rehausser l\u2019\u00e9clat des couleurs de vos photos. Le grain de","robots":{"index":"index","follow":"follow","max-snippet":"max-snippet:-1","max-image-preview":"max-image-preview:large","max-video-preview":"max-video-preview:-1"},"canonical":"https:\/\/www.photoweb.fr\/espaces\/magazine\/livre-photo-vernis-pages\/","og_locale":"fr_FR","og_type":"article","og_title":"Livre photo : vernis sur les pages","og_description":"&nbsp; Une fine couche de vernis brillant est d\u00e9pos\u00e9e sur chaque page de votre livre pour rehausser l\u2019\u00e9clat des couleurs de vos photos. Le grain de","og_url":"https:\/\/www.photoweb.fr\/espaces\/magazine\/livre-photo-vernis-pages\/","og_site_name":"Photoweb, le mag","article_publisher":"https:\/\/fr-fr.facebook.com\/Photoweb.fr\/","article_published_time":"2017-01-02T14:35:02+00:00","article_modified_time":"2022-06-08T10:32:50+00:00","og_image":[{"width":800,"height":600,"url":"https:\/\/www.photoweb.fr\/espaces\/magazine\/wp-content\/uploads\/2018\/05\/vernis-livre-photo2.png","type":"image\/png"}],"author":"Maud","twitter_card":"summary_large_image","twitter_creator":"@Photoweb_fr","twitter_site":"@Photoweb_fr","twitter_misc":{"\u00c9crit par":"Maud"},"schema":{"@context":"https:\/\/schema.org","@graph":[{"@type":"Article","@id":"https:\/\/www.photoweb.fr\/espaces\/magazine\/livre-photo-vernis-pages\/#article","isPartOf":{"@id":"https:\/\/www.photoweb.fr\/espaces\/magazine\/livre-photo-vernis-pages\/"},"author":{"name":"Maud","@id":"https:\/\/www.photoweb.fr\/espaces\/magazine\/#\/schema\/person\/f354e6bd2302e567e1329fa54e90ff15"},"headline":"Livre photo : vernis sur les pages","datePublished":"2017-01-02T14:35:02+00:00","dateModified":"2022-06-08T10:32:50+00:00","mainEntityOfPage":{"@id":"https:\/\/www.photoweb.fr\/espaces\/magazine\/livre-photo-vernis-pages\/"},"wordCount":77,"commentCount":2,"publisher":{"@id":"https:\/\/www.photoweb.fr\/espaces\/magazine\/#organization"},"articleSection":["Livre photo"],"inLanguage":"fr-FR","potentialAction":[{"@type":"CommentAction","name":"Comment","target":["https:\/\/www.photoweb.fr\/espaces\/magazine\/livre-photo-vernis-pages\/#respond"]}]},{"@type":"WebPage","@id":"https:\/\/www.photoweb.fr\/espaces\/magazine\/livre-photo-vernis-pages\/","url":"https:\/\/www.photoweb.fr\/espaces\/magazine\/livre-photo-vernis-pages\/","name":"Livre photo : vernis sur les pages","isPartOf":{"@id":"https:\/\/www.photoweb.fr\/espaces\/magazine\/#website"},"datePublished":"2017-01-02T14:35:02+00:00","dateModified":"2022-06-08T10:32:50+00:00","description":"&nbsp; Une fine couche de vernis brillant est d\u00e9pos\u00e9e sur chaque page de votre livre pour rehausser l\u2019\u00e9clat des couleurs de vos photos. Le grain de","breadcrumb":{"@id":"https:\/\/www.photoweb.fr\/espaces\/magazine\/livre-photo-vernis-pages\/#breadcrumb"},"inLanguage":"fr-FR","potentialAction":[{"@type":"ReadAction","target":["https:\/\/www.photoweb.fr\/espaces\/magazine\/livre-photo-vernis-pages\/"]}]},{"@type":"BreadcrumbList","@id":"https:\/\/www.photoweb.fr\/espaces\/magazine\/livre-photo-vernis-pages\/#breadcrumb","itemListElement":[{"@type":"ListItem","position":1,"name":"Accueil","item":"https:\/\/www.photoweb.fr\/espaces\/magazine\/"},{"@type":"ListItem","position":2,"name":"Livre photo","item":"https:\/\/www.photoweb.fr\/espaces\/magazine\/livre-photo\/"},{"@type":"ListItem","position":3,"name":"Livre photo : vernis sur les pages"}]},{"@type":"WebSite","@id":"https:\/\/www.photoweb.fr\/espaces\/magazine\/#website","url":"https:\/\/www.photoweb.fr\/espaces\/magazine\/","name":"Photoweb, le mag","description":"Le magazine de Photoweb","publisher":{"@id":"https:\/\/www.photoweb.fr\/espaces\/magazine\/#organization"},"potentialAction":[{"@type":"SearchAction","target":{"@type":"EntryPoint","urlTemplate":"https:\/\/www.photoweb.fr\/espaces\/magazine\/?s={search_term_string}"},"query-input":"required name=search_term_string"}],"inLanguage":"fr-FR"},{"@type":"Organization","@id":"https:\/\/www.photoweb.fr\/espaces\/magazine\/#organization","name":"Photoweb","url":"https:\/\/www.photoweb.fr\/espaces\/magazine\/","logo":{"@type":"ImageObject","inLanguage":"fr-FR","@id":"https:\/\/www.photoweb.fr\/espaces\/magazine\/#\/schema\/logo\/image\/","url":"https:\/\/www.photoweb.fr\/espaces\/magazine\/wp-content\/uploads\/2021\/02\/Logo-Photoweb.jpg","contentUrl":"https:\/\/www.photoweb.fr\/espaces\/magazine\/wp-content\/uploads\/2021\/02\/Logo-Photoweb.jpg","width":780,"height":456,"caption":"Photoweb"},"image":{"@id":"https:\/\/www.photoweb.fr\/espaces\/magazine\/#\/schema\/logo\/image\/"},"sameAs":["https:\/\/fr-fr.facebook.com\/Photoweb.fr\/","https:\/\/twitter.com\/Photoweb_fr","https:\/\/www.instagram.com\/photowebfr\/","https:\/\/www.linkedin.com\/company\/347094\/","https:\/\/www.pinterest.fr\/inspirationsphotoweb\/_created\/","https:\/\/www.youtube.com\/channel\/UCtcVmTvkAzKQLVkiwfOm8sg"]},{"@type":"Person","@id":"https:\/\/www.photoweb.fr\/espaces\/magazine\/#\/schema\/person\/f354e6bd2302e567e1329fa54e90ff15","name":"Maud"}]}},"acf":[],"_links":{"self":[{"href":"https:\/\/www.photoweb.fr\/espaces\/magazine\/wp-json\/wp\/v2\/posts\/5623","targetHints":{"allow":["GET"]}}],"collection":[{"href":"https:\/\/www.photoweb.fr\/espaces\/magazine\/wp-json\/wp\/v2\/posts"}],"about":[{"href":"https:\/\/www.photoweb.fr\/espaces\/magazine\/wp-json\/wp\/v2\/types\/post"}],"author":[{"embeddable":true,"href":"https:\/\/www.photoweb.fr\/espaces\/magazine\/wp-json\/wp\/v2\/users\/6"}],"replies":[{"embeddable":true,"href":"https:\/\/www.photoweb.fr\/espaces\/magazine\/wp-json\/wp\/v2\/comments?post=5623"}],"version-history":[{"count":2,"href":"https:\/\/www.photoweb.fr\/espaces\/magazine\/wp-json\/wp\/v2\/posts\/5623\/revisions"}],"predecessor-version":[{"id":11350,"href":"https:\/\/www.photoweb.fr\/espaces\/magazine\/wp-json\/wp\/v2\/posts\/5623\/revisions\/11350"}],"wp:featuredmedia":[{"embeddable":true,"href":"https:\/\/www.photoweb.fr\/espaces\/magazine\/wp-json\/wp\/v2\/media\/5626"}],"wp:attachment":[{"href":"https:\/\/www.photoweb.fr\/espaces\/magazine\/wp-json\/wp\/v2\/media?parent=5623"}],"wp:term":[{"taxonomy":"category","embeddable":true,"href":"https:\/\/www.photoweb.fr\/espaces\/magazine\/wp-json\/wp\/v2\/categories?post=5623"},{"taxonomy":"post_tag","embeddable":true,"href":"https:\/\/www.photoweb.fr\/espaces\/magazine\/wp-json\/wp\/v2\/tags?post=5623"}],"curies":[{"name":"wp","href":"https:\/\/api.w.org\/{rel}","templated":true}]}}