{"id":5644,"date":"2018-04-12T09:48:20","date_gmt":"2018-04-12T09:48:20","guid":{"rendered":"https:\/\/www.photoweb.fr\/espaces\/magazine\/magazine\/?p=5644"},"modified":"2024-08-28T12:16:02","modified_gmt":"2024-08-28T10:16:02","slug":"faire-part-moins-cher","status":"publish","type":"post","link":"https:\/\/www.photoweb.fr\/espaces\/magazine\/faire-part-moins-cher\/","title":{"rendered":"Faire part moins cher : faire part de naissance, de mariage"},"content":{"rendered":"\n\n\t<p>Et si on vous disait qu&rsquo;avec Photoweb, vous pouvez acheter votre <strong>faire part moins cher<\/strong> ? On ne dit pas non sur quelques \u00e9conomies, surtout quand il s&rsquo;agit d&rsquo;organiser un \u00e9v\u00e9nement majeur. Cr\u00e9er son faire part personnalis\u00e9 n&rsquo;a jamais \u00e9t\u00e9 aussi tentant !<\/p>\n\t<h2>Un faire part moins cher 100% personnalisable<\/h2>\n<p>Cr\u00e9ez un faire part moins cher ne veut pas dire r\u00e9aliser des cartes classiques et simplistes. Il est en effet aujourd&rsquo;hui possible de confectionner des petites merveilles \u00e0 moindre co\u00fbt ! Notre logiciel 100% en ligne vous permet de d\u00e9ployer votre cr\u00e9ativit\u00e9, afin d&rsquo;imprimer par exemple un <a href=\"https:\/\/www.photoweb.fr\/produits\/faire-part\/naissance\">faire part de naissance<\/a> ou <a href=\"https:\/\/www.photoweb.fr\/produits\/faire-part\/mariage\">faire part de mariage<\/a> \u00e0 votre image !<\/p>\n<p>Vous retrouverez diverses fonctionnalit\u00e9s et possibilit\u00e9s, pour un <a href=\"https:\/\/www.photoweb.fr\/produits\/faire-part\/mariage\">faire part<\/a> personnalis\u00e9 dont le rapport qualit\u00e9 prix vous para\u00eetra \u00e9vident : fonds, textes, illustrations, mises en page&#8230; Jouez avec les effets vous permettra d&rsquo;obtenir un r\u00e9sultat \u00e9tonnant.<\/p>\n<p>Petite note aux plus cr\u00e9atifs : si partir d&rsquo;un mod\u00e8le de faire part ne vous para\u00eet pas opportun, vous pouvez sans probl\u00e8me choisir de commencer de z\u00e9ro votre cr\u00e9ation. Partir d&rsquo;un faire part vierge et tout \u00e0 fait possible, \u00e0 vous ensuite de lib\u00e9rer votre imagination !<\/p>\n<h2>Votre faire part moins cher pour chaque occasion<\/h2>\n<p>Cr\u00e9er votre faire part signifie vouloir envoyer une invitation, des remerciements ou toute sorte d&rsquo;informations relatives \u00e0 un \u00e9v\u00e9nement. C&rsquo;est l&rsquo;occasion d&rsquo;envoyer un petit mot sympa, autrement dit une intention aupr\u00e8s de vos proches. Anniversaires, naissance, bapt\u00eame, mariage, d\u00e9c\u00e8s, toutes les occasions sont bonnes pour envoyer un faire part original et personnalis\u00e9. Et en plus vous payerez votre faire part moins cher avec Photoweb, plus rien ne vous retient.<\/p>\n<p>Quels sont vos projets ? Qu&rsquo;envisagez-vous de cr\u00e9er ? Un faire part de naissance pour la venue au monde de votre loulou(te) ? Un faire part de mariage, pour annoncer les futurs mari\u00e9s et ainsi convier votre entourage au plus bel \u00e9v\u00e9nement de votre vie ? Une carte d&rsquo;invitation pour un anniversaire ? Un faire part de bapt\u00eame pour la c\u00e9r\u00e9monie religieuse de votre b\u00e9b\u00e9 ? D\u00eetes-nous tout !<\/p>\n<h2>Faire part moins cher : faites des \u00e9conomies<\/h2>\n<p>Enfin, en achetant votre faire part moins cher, vous faites des \u00e9conomies. Et comme on dit, il n&rsquo;y a pas de petites \u00e9conomies, surtout dans le cadre d&rsquo;\u00e9v\u00e9nements majeurs. En effet, les occasions de type mariage, bapt\u00eame, naissance, demandent un certain niveau de budget, alors il peut \u00eatre utile de r\u00e9duire la facture, pour \u00e9conomiser ou d\u00e9penser ailleurs !<\/p>\n<p>Vous retrouverez nos faires part moins cher d\u00e8s 0,63\u20ac, sachant que l&rsquo;enveloppe vous est offerte. A ce prix-l\u00e0, on serez pr\u00eat \u00e0 inviter tout le voisinage !<\/p>\n<p>&nbsp;<\/p>\n\t1.2.3.\nimprimez&#8239;!\n\t\t\t\t<a href=\"https:\/\/www.photoweb.fr\/produits\/faire-part\" target=\"_blank\" rel=\"noopener\" itemprop=\"url\">\n\t\t\t\t<img loading=\"lazy\" decoding=\"async\" src=\"https:\/\/www.photoweb.fr\/espaces\/magazine\/wp-content\/uploads\/2017\/11\/carte-faire-part-photoweb.jpg\" alt=\"carte de voeux 2019\" itemprop=\"image\" height=\"600\" width=\"600\" title=\"carte-faire-part-photoweb\" onerror=\"this.style.display='none'\"  \/>\n\t\t\t\t<\/a>\n\t<a href=\"https:\/\/www.photoweb.fr\/produits\/faire-part\">\ncr\u00e9er mon faire-part<\/a>\n\n","protected":false},"excerpt":{"rendered":"<p>\u00ab Il n\u2019y a pas de petites \u00e9conomies \u00bb. C\u2019est bien vrai. C\u2019est pourquoi chez Photoweb, nous vous proposons des produits au prix juste, afin que les produits photo dits \u00ab sur mesure \u00bb soit accessible \u00e0 tous. Il est donc possible de cr\u00e9er un faire part moins cher, quelle que soit l\u2019occasion choisie : un anniversaire, un bapt\u00eame, un mariage, une naissance, un d\u00e9c\u00e8s\u2026 Qu\u2019avez-vous en t\u00eate ? Un faire part de naissance pour la venue au monde de votre loulou(te) ? Un faire part de mariage, pour annoncer les futurs mari\u00e9s et ainsi convier votre entourage au plus bel \u00e9v\u00e9nement de votre vie ? Une carte d\u2019invitation pour un anniversaire ? Un faire part de bapt\u00eame pour la c\u00e9r\u00e9monie religieuse de votre b\u00e9b\u00e9 ? Quelque soit la raison, personnalisez vos cartes de jolis ornements, pour un faire part moins cher unique et personnalis\u00e9. Jouez sur les fonds, ajoutez du texte, des photos\u2026 Et surtout, amusez-vous ! Laissez libre court \u00e0 votre imagination, d\u00e9marrez de z\u00e9ro ou via un mod\u00e8le de faire part\u2026 Tout est possible, \u00e0 vous ensuite de voir ce qui vous convient le mieux.<\/p>\n","protected":false},"author":21,"featured_media":5645,"comment_status":"open","ping_status":"open","sticky":false,"template":"single-standard.php","format":"standard","meta":{"footnotes":""},"categories":[31],"tags":[],"class_list":["post-5644","post","type-post","status-publish","format-standard","has-post-thumbnail","hentry","category-instants-de-vie"],"yoast_head":"<!-- This site is optimized with the Yoast SEO plugin v20.3 - https:\/\/yoast.com\/wordpress\/plugins\/seo\/ -->\n<title>Faire part moins cher : faire part de naissance, de mariage<\/title>\n<meta name=\"description\" content=\"Payer votre faire part moins cher, c\u2019est possible. Cr\u00e9ez votre faire part de naissance, faire part de mariage et tout autre carte sur Photoweb ! En savoir +\" \/>\n<meta name=\"robots\" content=\"index, follow, max-snippet:-1, max-image-preview:large, max-video-preview:-1\" \/>\n<link rel=\"canonical\" href=\"https:\/\/www.photoweb.fr\/espaces\/magazine\/faire-part-moins-cher\/\" \/>\n<meta property=\"og:locale\" content=\"fr_FR\" \/>\n<meta property=\"og:type\" content=\"article\" \/>\n<meta property=\"og:title\" content=\"Faire part moins cher : faire part de naissance, de mariage\" \/>\n<meta property=\"og:description\" content=\"Payer votre faire part moins cher, c\u2019est possible. Cr\u00e9ez votre faire part de naissance, faire part de mariage et tout autre carte sur Photoweb ! En savoir +\" \/>\n<meta property=\"og:url\" content=\"https:\/\/www.photoweb.fr\/espaces\/magazine\/faire-part-moins-cher\/\" \/>\n<meta property=\"og:site_name\" content=\"Photoweb, le mag\" \/>\n<meta property=\"article:publisher\" content=\"https:\/\/fr-fr.facebook.com\/Photoweb.fr\/\" \/>\n<meta property=\"article:published_time\" content=\"2018-04-12T09:48:20+00:00\" \/>\n<meta property=\"article:modified_time\" content=\"2024-08-28T10:16:02+00:00\" \/>\n<meta property=\"og:image\" content=\"https:\/\/www.photoweb.fr\/espaces\/magazine\/wp-content\/uploads\/2018\/05\/faire-part-moins-cher.jpg\" \/>\n\t<meta property=\"og:image:width\" content=\"800\" \/>\n\t<meta property=\"og:image:height\" content=\"600\" \/>\n\t<meta property=\"og:image:type\" content=\"image\/jpeg\" \/>\n<meta name=\"author\" content=\"melanie\" \/>\n<meta name=\"twitter:card\" content=\"summary_large_image\" \/>\n<meta name=\"twitter:creator\" content=\"@Photoweb_fr\" \/>\n<meta name=\"twitter:site\" content=\"@Photoweb_fr\" \/>\n<meta name=\"twitter:label1\" content=\"\u00c9crit par\" \/>\n\t<meta name=\"twitter:data1\" content=\"melanie\" \/>\n\t<meta name=\"twitter:label2\" content=\"Dur\u00e9e de lecture estim\u00e9e\" \/>\n\t<meta name=\"twitter:data2\" content=\"2 minutes\" \/>\n<script type=\"application\/ld+json\" class=\"yoast-schema-graph\">{\"@context\":\"https:\/\/schema.org\",\"@graph\":[{\"@type\":\"Article\",\"@id\":\"https:\/\/www.photoweb.fr\/espaces\/magazine\/faire-part-moins-cher\/#article\",\"isPartOf\":{\"@id\":\"https:\/\/www.photoweb.fr\/espaces\/magazine\/faire-part-moins-cher\/\"},\"author\":{\"name\":\"melanie\",\"@id\":\"https:\/\/www.photoweb.fr\/espaces\/magazine\/#\/schema\/person\/111451a615bb7cbe790bf8b1d6b24391\"},\"headline\":\"Faire part moins cher : faire part de naissance, de mariage\",\"datePublished\":\"2018-04-12T09:48:20+00:00\",\"dateModified\":\"2024-08-28T10:16:02+00:00\",\"mainEntityOfPage\":{\"@id\":\"https:\/\/www.photoweb.fr\/espaces\/magazine\/faire-part-moins-cher\/\"},\"wordCount\":463,\"commentCount\":0,\"publisher\":{\"@id\":\"https:\/\/www.photoweb.fr\/espaces\/magazine\/#organization\"},\"articleSection\":[\"Instants de vie\"],\"inLanguage\":\"fr-FR\",\"potentialAction\":[{\"@type\":\"CommentAction\",\"name\":\"Comment\",\"target\":[\"https:\/\/www.photoweb.fr\/espaces\/magazine\/faire-part-moins-cher\/#respond\"]}]},{\"@type\":\"WebPage\",\"@id\":\"https:\/\/www.photoweb.fr\/espaces\/magazine\/faire-part-moins-cher\/\",\"url\":\"https:\/\/www.photoweb.fr\/espaces\/magazine\/faire-part-moins-cher\/\",\"name\":\"Faire part moins cher : faire part de naissance, de mariage\",\"isPartOf\":{\"@id\":\"https:\/\/www.photoweb.fr\/espaces\/magazine\/#website\"},\"datePublished\":\"2018-04-12T09:48:20+00:00\",\"dateModified\":\"2024-08-28T10:16:02+00:00\",\"description\":\"Payer votre faire part moins cher, c\u2019est possible. Cr\u00e9ez votre faire part de naissance, faire part de mariage et tout autre carte sur Photoweb ! En savoir +\",\"breadcrumb\":{\"@id\":\"https:\/\/www.photoweb.fr\/espaces\/magazine\/faire-part-moins-cher\/#breadcrumb\"},\"inLanguage\":\"fr-FR\",\"potentialAction\":[{\"@type\":\"ReadAction\",\"target\":[\"https:\/\/www.photoweb.fr\/espaces\/magazine\/faire-part-moins-cher\/\"]}]},{\"@type\":\"BreadcrumbList\",\"@id\":\"https:\/\/www.photoweb.fr\/espaces\/magazine\/faire-part-moins-cher\/#breadcrumb\",\"itemListElement\":[{\"@type\":\"ListItem\",\"position\":1,\"name\":\"Accueil\",\"item\":\"https:\/\/www.photoweb.fr\/espaces\/magazine\/\"},{\"@type\":\"ListItem\",\"position\":2,\"name\":\"Instants de vie\",\"item\":\"https:\/\/www.photoweb.fr\/espaces\/magazine\/instants-de-vie\/\"},{\"@type\":\"ListItem\",\"position\":3,\"name\":\"Faire part moins cher : faire part de naissance, de mariage\"}]},{\"@type\":\"WebSite\",\"@id\":\"https:\/\/www.photoweb.fr\/espaces\/magazine\/#website\",\"url\":\"https:\/\/www.photoweb.fr\/espaces\/magazine\/\",\"name\":\"Photoweb, le mag\",\"description\":\"Le magazine de Photoweb\",\"publisher\":{\"@id\":\"https:\/\/www.photoweb.fr\/espaces\/magazine\/#organization\"},\"potentialAction\":[{\"@type\":\"SearchAction\",\"target\":{\"@type\":\"EntryPoint\",\"urlTemplate\":\"https:\/\/www.photoweb.fr\/espaces\/magazine\/?s={search_term_string}\"},\"query-input\":\"required name=search_term_string\"}],\"inLanguage\":\"fr-FR\"},{\"@type\":\"Organization\",\"@id\":\"https:\/\/www.photoweb.fr\/espaces\/magazine\/#organization\",\"name\":\"Photoweb\",\"url\":\"https:\/\/www.photoweb.fr\/espaces\/magazine\/\",\"logo\":{\"@type\":\"ImageObject\",\"inLanguage\":\"fr-FR\",\"@id\":\"https:\/\/www.photoweb.fr\/espaces\/magazine\/#\/schema\/logo\/image\/\",\"url\":\"https:\/\/www.photoweb.fr\/espaces\/magazine\/wp-content\/uploads\/2021\/02\/Logo-Photoweb.jpg\",\"contentUrl\":\"https:\/\/www.photoweb.fr\/espaces\/magazine\/wp-content\/uploads\/2021\/02\/Logo-Photoweb.jpg\",\"width\":780,\"height\":456,\"caption\":\"Photoweb\"},\"image\":{\"@id\":\"https:\/\/www.photoweb.fr\/espaces\/magazine\/#\/schema\/logo\/image\/\"},\"sameAs\":[\"https:\/\/fr-fr.facebook.com\/Photoweb.fr\/\",\"https:\/\/twitter.com\/Photoweb_fr\",\"https:\/\/www.instagram.com\/photowebfr\/\",\"https:\/\/www.linkedin.com\/company\/347094\/\",\"https:\/\/www.pinterest.fr\/inspirationsphotoweb\/_created\/\",\"https:\/\/www.youtube.com\/channel\/UCtcVmTvkAzKQLVkiwfOm8sg\"]},{\"@type\":\"Person\",\"@id\":\"https:\/\/www.photoweb.fr\/espaces\/magazine\/#\/schema\/person\/111451a615bb7cbe790bf8b1d6b24391\",\"name\":\"melanie\"}]}<\/script>\n<!-- \/ Yoast SEO plugin. -->","yoast_head_json":{"title":"Faire part moins cher : faire part de naissance, de mariage","description":"Payer votre faire part moins cher, c\u2019est possible. Cr\u00e9ez votre faire part de naissance, faire part de mariage et tout autre carte sur Photoweb ! En savoir +","robots":{"index":"index","follow":"follow","max-snippet":"max-snippet:-1","max-image-preview":"max-image-preview:large","max-video-preview":"max-video-preview:-1"},"canonical":"https:\/\/www.photoweb.fr\/espaces\/magazine\/faire-part-moins-cher\/","og_locale":"fr_FR","og_type":"article","og_title":"Faire part moins cher : faire part de naissance, de mariage","og_description":"Payer votre faire part moins cher, c\u2019est possible. Cr\u00e9ez votre faire part de naissance, faire part de mariage et tout autre carte sur Photoweb ! En savoir +","og_url":"https:\/\/www.photoweb.fr\/espaces\/magazine\/faire-part-moins-cher\/","og_site_name":"Photoweb, le mag","article_publisher":"https:\/\/fr-fr.facebook.com\/Photoweb.fr\/","article_published_time":"2018-04-12T09:48:20+00:00","article_modified_time":"2024-08-28T10:16:02+00:00","og_image":[{"width":800,"height":600,"url":"https:\/\/www.photoweb.fr\/espaces\/magazine\/wp-content\/uploads\/2018\/05\/faire-part-moins-cher.jpg","type":"image\/jpeg"}],"author":"melanie","twitter_card":"summary_large_image","twitter_creator":"@Photoweb_fr","twitter_site":"@Photoweb_fr","twitter_misc":{"\u00c9crit par":"melanie","Dur\u00e9e de lecture estim\u00e9e":"2 minutes"},"schema":{"@context":"https:\/\/schema.org","@graph":[{"@type":"Article","@id":"https:\/\/www.photoweb.fr\/espaces\/magazine\/faire-part-moins-cher\/#article","isPartOf":{"@id":"https:\/\/www.photoweb.fr\/espaces\/magazine\/faire-part-moins-cher\/"},"author":{"name":"melanie","@id":"https:\/\/www.photoweb.fr\/espaces\/magazine\/#\/schema\/person\/111451a615bb7cbe790bf8b1d6b24391"},"headline":"Faire part moins cher : faire part de naissance, de mariage","datePublished":"2018-04-12T09:48:20+00:00","dateModified":"2024-08-28T10:16:02+00:00","mainEntityOfPage":{"@id":"https:\/\/www.photoweb.fr\/espaces\/magazine\/faire-part-moins-cher\/"},"wordCount":463,"commentCount":0,"publisher":{"@id":"https:\/\/www.photoweb.fr\/espaces\/magazine\/#organization"},"articleSection":["Instants de vie"],"inLanguage":"fr-FR","potentialAction":[{"@type":"CommentAction","name":"Comment","target":["https:\/\/www.photoweb.fr\/espaces\/magazine\/faire-part-moins-cher\/#respond"]}]},{"@type":"WebPage","@id":"https:\/\/www.photoweb.fr\/espaces\/magazine\/faire-part-moins-cher\/","url":"https:\/\/www.photoweb.fr\/espaces\/magazine\/faire-part-moins-cher\/","name":"Faire part moins cher : faire part de naissance, de mariage","isPartOf":{"@id":"https:\/\/www.photoweb.fr\/espaces\/magazine\/#website"},"datePublished":"2018-04-12T09:48:20+00:00","dateModified":"2024-08-28T10:16:02+00:00","description":"Payer votre faire part moins cher, c\u2019est possible. Cr\u00e9ez votre faire part de naissance, faire part de mariage et tout autre carte sur Photoweb ! En savoir +","breadcrumb":{"@id":"https:\/\/www.photoweb.fr\/espaces\/magazine\/faire-part-moins-cher\/#breadcrumb"},"inLanguage":"fr-FR","potentialAction":[{"@type":"ReadAction","target":["https:\/\/www.photoweb.fr\/espaces\/magazine\/faire-part-moins-cher\/"]}]},{"@type":"BreadcrumbList","@id":"https:\/\/www.photoweb.fr\/espaces\/magazine\/faire-part-moins-cher\/#breadcrumb","itemListElement":[{"@type":"ListItem","position":1,"name":"Accueil","item":"https:\/\/www.photoweb.fr\/espaces\/magazine\/"},{"@type":"ListItem","position":2,"name":"Instants de vie","item":"https:\/\/www.photoweb.fr\/espaces\/magazine\/instants-de-vie\/"},{"@type":"ListItem","position":3,"name":"Faire part moins cher : faire part de naissance, de mariage"}]},{"@type":"WebSite","@id":"https:\/\/www.photoweb.fr\/espaces\/magazine\/#website","url":"https:\/\/www.photoweb.fr\/espaces\/magazine\/","name":"Photoweb, le mag","description":"Le magazine de Photoweb","publisher":{"@id":"https:\/\/www.photoweb.fr\/espaces\/magazine\/#organization"},"potentialAction":[{"@type":"SearchAction","target":{"@type":"EntryPoint","urlTemplate":"https:\/\/www.photoweb.fr\/espaces\/magazine\/?s={search_term_string}"},"query-input":"required name=search_term_string"}],"inLanguage":"fr-FR"},{"@type":"Organization","@id":"https:\/\/www.photoweb.fr\/espaces\/magazine\/#organization","name":"Photoweb","url":"https:\/\/www.photoweb.fr\/espaces\/magazine\/","logo":{"@type":"ImageObject","inLanguage":"fr-FR","@id":"https:\/\/www.photoweb.fr\/espaces\/magazine\/#\/schema\/logo\/image\/","url":"https:\/\/www.photoweb.fr\/espaces\/magazine\/wp-content\/uploads\/2021\/02\/Logo-Photoweb.jpg","contentUrl":"https:\/\/www.photoweb.fr\/espaces\/magazine\/wp-content\/uploads\/2021\/02\/Logo-Photoweb.jpg","width":780,"height":456,"caption":"Photoweb"},"image":{"@id":"https:\/\/www.photoweb.fr\/espaces\/magazine\/#\/schema\/logo\/image\/"},"sameAs":["https:\/\/fr-fr.facebook.com\/Photoweb.fr\/","https:\/\/twitter.com\/Photoweb_fr","https:\/\/www.instagram.com\/photowebfr\/","https:\/\/www.linkedin.com\/company\/347094\/","https:\/\/www.pinterest.fr\/inspirationsphotoweb\/_created\/","https:\/\/www.youtube.com\/channel\/UCtcVmTvkAzKQLVkiwfOm8sg"]},{"@type":"Person","@id":"https:\/\/www.photoweb.fr\/espaces\/magazine\/#\/schema\/person\/111451a615bb7cbe790bf8b1d6b24391","name":"melanie"}]}},"acf":[],"_links":{"self":[{"href":"https:\/\/www.photoweb.fr\/espaces\/magazine\/wp-json\/wp\/v2\/posts\/5644","targetHints":{"allow":["GET"]}}],"collection":[{"href":"https:\/\/www.photoweb.fr\/espaces\/magazine\/wp-json\/wp\/v2\/posts"}],"about":[{"href":"https:\/\/www.photoweb.fr\/espaces\/magazine\/wp-json\/wp\/v2\/types\/post"}],"author":[{"embeddable":true,"href":"https:\/\/www.photoweb.fr\/espaces\/magazine\/wp-json\/wp\/v2\/users\/21"}],"replies":[{"embeddable":true,"href":"https:\/\/www.photoweb.fr\/espaces\/magazine\/wp-json\/wp\/v2\/comments?post=5644"}],"version-history":[{"count":1,"href":"https:\/\/www.photoweb.fr\/espaces\/magazine\/wp-json\/wp\/v2\/posts\/5644\/revisions"}],"predecessor-version":[{"id":13393,"href":"https:\/\/www.photoweb.fr\/espaces\/magazine\/wp-json\/wp\/v2\/posts\/5644\/revisions\/13393"}],"wp:featuredmedia":[{"embeddable":true,"href":"https:\/\/www.photoweb.fr\/espaces\/magazine\/wp-json\/wp\/v2\/media\/5645"}],"wp:attachment":[{"href":"https:\/\/www.photoweb.fr\/espaces\/magazine\/wp-json\/wp\/v2\/media?parent=5644"}],"wp:term":[{"taxonomy":"category","embeddable":true,"href":"https:\/\/www.photoweb.fr\/espaces\/magazine\/wp-json\/wp\/v2\/categories?post=5644"},{"taxonomy":"post_tag","embeddable":true,"href":"https:\/\/www.photoweb.fr\/espaces\/magazine\/wp-json\/wp\/v2\/tags?post=5644"}],"curies":[{"name":"wp","href":"https:\/\/api.w.org\/{rel}","templated":true}]}}