{"id":5755,"date":"2018-06-08T14:02:11","date_gmt":"2018-06-08T14:02:11","guid":{"rendered":"https:\/\/www.photoweb.fr\/espaces\/magazine\/magazine\/?p=5755"},"modified":"2022-05-24T14:21:41","modified_gmt":"2022-05-24T14:21:41","slug":"theme-livre-photo-voyage","status":"publish","type":"post","link":"https:\/\/www.photoweb.fr\/espaces\/magazine\/theme-livre-photo-voyage\/","title":{"rendered":"Coupe du monde 2018 : th\u00e8me de livre photo !"},"content":{"rendered":"<p><em>4 ans apr\u00e8s, La Coupe du Monde revient sur nos \u00e9crans ! Les meilleures \u00e9quipes du monde vont s\u2019affronter au cours de plusieurs matchs de football en Russie du 14 Juin au 15 Juillet !<\/em><\/p>\n<h2><strong><u>Photoweb avec Les Bleus ! <\/u><\/strong><\/h2>\n<p>Chez Photoweb, nous supportons bien \u00e9videmment LES BLEUS ! Mais peut-\u00eatre que parmi nos lecteurs se cachent des supporters de diff\u00e9rentes \u00e9quipes \ud83d\ude42 C\u2019est sans surprise que le d\u00e9but de l\u2019\u00e9t\u00e9 va \u00eatre rythm\u00e9 par des soir\u00e9es \u00ab\u00a0barbecue\u00a0\u00bb avec votre famille ou entre amis pour regarder des matchs et cela jusqu\u2019\u00e0 la finale !<\/p>\n<p>Nous sommes \u00e9galement persuad\u00e9s que certains d\u2019entre vous ont pr\u00e9vu de se rendre en Russie pour vivre en live cette<strong> 21\u00e8me \u00e9dition de la Coupe du Monde<\/strong> !<\/p>\n<p>Chez nous, il n\u2019est pas question de jalousie, pour cela, nos graphistes vous rappellent <strong>quelques th\u00e8mes<\/strong> qu\u2019ils ont imagin\u00e9s pour animer vos <a href=\"https:\/\/www.photoweb.fr\/livre-photo\/listing\">livres photo<\/a> remplient de merveilleux souvenirs.<\/p>\n<p>C\u2019est \u00e9galement l\u2019occasion de faire le plein de souvenirs en immortalisant <strong>vos prochaines soir\u00e9es tr\u00e8s sportives<\/strong> pour les conserver dans un <a href=\"https:\/\/www.photoweb.fr\/livre-photo\/listing\">livre photo<\/a>. Pour mettre vos convives dans l\u2019ambiance, pr\u00e9parez un plat culinaire \u00e0 l\u2019honneur des deux \u00e9quipes du jour, d\u00e9corez votre maison avec des drapeaux, maquillez vos invit\u00e9s en fonction de l\u2019\u00e9quipe qu\u2019ils supportent\u2026 Vous avez de quoi passer une excellente soir\u00e9e avec nos petites id\u00e9es.<\/p>\n<p><img loading=\"lazy\" decoding=\"async\" title=\"theme photoweb livre photo\" src=\"https:\/\/www.photoweb.fr\/espaces\/magazine\/wp-content\/uploads\/2018\/06\/theme-photoweb-livre-photo.jpg\" alt=\"theme photoweb livre photo\" width=\"800\" height=\"600\" \/><\/p>\n<h2><strong><u>Quel th\u00e8me choisir pour soutenir mon \u00e9quipe ? <\/u><\/strong><\/h2>\n<p>Nous vous avons s\u00e9lectionn\u00e9 <strong>plusieurs th\u00e8mes d\u00e9clinables<\/strong> sur tous nos livres photo. Voici quelques id\u00e9es pour illustrer vos \u00e9v\u00e9nements en fonction des diff\u00e9rents pays participant \u00e0 la Coupe du Monde 2018.<\/p>\n<ul>\n<li>Supporters de <strong>la Cor\u00e9e du Sud et le Japon <\/strong>: il s\u2019agit du th\u00e8me \u00ab Asie \u00bb, \u00ab Ika\u00efa \u00bb ou bien \u00ab Yoko \u00bb.<\/li>\n<li>Pour nos<strong> supporters des Bleus :<\/strong> vous pourrez toujours choisir le th\u00e8me \u00ab Paris Je T\u2019aime \u00bb.<\/li>\n<li>N\u2019oublions pas nos voisins rivaux, <strong>l\u2019Espagne,<\/strong> optez pour le th\u00e8me \u00ab Espa\u00f1a \u00bb.<\/li>\n<li>Si vous avez le rythme dans la peau, vous allez forc\u00e9ment soutenir <strong>les pays de l\u2019Am\u00e9rique du Sud !<\/strong> Pour le Br\u00e9sil, l\u2019Argentine, l\u2019Uruguay, la Colombie ou Le P\u00e9rou, choisissez le th\u00e8me \u00ab Am\u00e9rique Latine \u00bb.<\/li>\n<\/ul>\n<ul>\n<li>Pour <strong>nos supporters de l\u2019Egypte<\/strong>, craquez pour le th\u00e8me \u00ab Orient \u00bb !<\/li>\n<li>Sans h\u00e9sitation, si vous soutenez <strong>le Maroc ou la Tunisie<\/strong>, vous pourrez choisir le th\u00e8me \u00ab Parfum d\u2019Orient \u00bb.<\/li>\n<li>Donnez de la couleur \u00e0 votre livre photo en soutenant <strong>le Nigeria<\/strong><strong> et le S\u00e9n\u00e9gal<\/strong> avec le th\u00e8me \u00ab Africa \u00bb.<\/li>\n<li>Il y a des <strong>supporters Britanniques<\/strong> par ici ? Choisissez le th\u00e8me \u00ab So British \u00bb !<\/li>\n<li>C\u2019est \u00e0 des milliers de kilom\u00e8tres de la France mais on n\u2019oublie pas <strong>l\u2019Australie<\/strong> avec le th\u00e8me \u00ab L\u2019air du large \u00bb.<\/li>\n<li>Pour les amoureux de <strong>la Croatie et la Serbie<\/strong>, vous pourrez profiter du th\u00e8me \u00ab Carnet de route \u00bb.<\/li>\n<li>Un dernier pour la route, partez soutenir <strong>le Mexique, le Costa Rica et Panama<\/strong> avec le th\u00e8me \u00ab Aventure \u00bb !<\/li>\n<\/ul>\n<p>&nbsp;<\/p>\n<p>Cette liste pourra \u00e9galement tout \u00e0 fait correspondre \u00e0 de futurs voyages programm\u00e9s ! Alors gardez cet article dans un coin de votre bureau ! \ud83d\ude42<\/p>\n<p>&nbsp;<\/p>\n<p>Et surtout, n\u2019oubliez pas d\u2019immortaliser chaque instant\u2026<\/p>\n<p><img loading=\"lazy\" decoding=\"async\" title=\"livre photo theme asie\" src=\"https:\/\/www.photoweb.fr\/espaces\/magazine\/wp-content\/uploads\/2018\/06\/livre-photo-theme-asie.jpg\" alt=\"livre photo theme asie\" width=\"800\" height=\"600\" \/><\/p>\n<p>1.2.3.<br \/>\nimprimez\u202f!<\/p>\n<p><a href=\"https:\/\/www.photoweb.fr\/livre-photo\/listing\" target=\"_blank\" rel=\"noopener\"><br \/>\n<img loading=\"lazy\" decoding=\"async\" title=\"Livre photo format prestige paysage photoweb\" src=\"https:\/\/www.photoweb.fr\/espaces\/magazine\/wp-content\/uploads\/2017\/06\/Livre-photo-prestige-paysage-photoweb.jpg\" alt=\"Livre photo format prestige paysage photoweb\" width=\"600\" height=\"600\" \/><br \/>\n<\/a><br \/>\n<a href=\"https:\/\/www.photoweb.fr\/livre-photo\/listing\"><br \/>\ncr\u00e9er mon livre photo<\/a><\/p>\n","protected":false},"excerpt":{"rendered":"<p>4 ans apr\u00e8s, La Coupe du Monde revient sur nos \u00e9crans ! Les meilleures \u00e9quipes du monde vont s\u2019affronter au cours de plusieurs matchs de football en Russie du 14 Juin au 15 Juillet !<\/p>\n","protected":false},"author":21,"featured_media":5760,"comment_status":"open","ping_status":"open","sticky":false,"template":"single-standard.php","format":"standard","meta":{"footnotes":""},"categories":[23],"tags":[52,70],"class_list":["post-5755","post","type-post","status-publish","format-standard","has-post-thumbnail","hentry","category-escapade","tag-cadeau-photo","tag-livre-photo-personnalise"],"yoast_head":"<!-- This site is optimized with the Yoast SEO plugin v20.3 - https:\/\/yoast.com\/wordpress\/plugins\/seo\/ -->\n<title>Coupe du monde 2018 : th\u00e8me de livre photo !<\/title>\n<meta name=\"description\" content=\"A l&#039;occasion de la Coupe du monde 2018, Photoweb en profite pour vous d\u00e9voiler tous les th\u00e8mes &quot;voyage&quot; de la gamme : livre photo !\" \/>\n<meta name=\"robots\" content=\"index, follow, max-snippet:-1, max-image-preview:large, max-video-preview:-1\" \/>\n<link rel=\"canonical\" href=\"https:\/\/www.photoweb.fr\/espaces\/magazine\/theme-livre-photo-voyage\/\" \/>\n<meta property=\"og:locale\" content=\"fr_FR\" \/>\n<meta property=\"og:type\" content=\"article\" \/>\n<meta property=\"og:title\" content=\"Coupe du monde 2018 : th\u00e8me de livre photo !\" \/>\n<meta property=\"og:description\" content=\"A l&#039;occasion de la Coupe du monde 2018, Photoweb en profite pour vous d\u00e9voiler tous les th\u00e8mes &quot;voyage&quot; de la gamme : livre photo !\" \/>\n<meta property=\"og:url\" content=\"https:\/\/www.photoweb.fr\/espaces\/magazine\/theme-livre-photo-voyage\/\" \/>\n<meta property=\"og:site_name\" content=\"Photoweb, le mag\" \/>\n<meta property=\"article:publisher\" content=\"https:\/\/fr-fr.facebook.com\/Photoweb.fr\/\" \/>\n<meta property=\"article:published_time\" content=\"2018-06-08T14:02:11+00:00\" \/>\n<meta property=\"article:modified_time\" content=\"2022-05-24T14:21:41+00:00\" \/>\n<meta property=\"og:image\" content=\"https:\/\/www.photoweb.fr\/espaces\/magazine\/wp-content\/uploads\/2018\/06\/supporter-photoweb-france.jpg\" \/>\n\t<meta property=\"og:image:width\" content=\"800\" \/>\n\t<meta property=\"og:image:height\" content=\"600\" \/>\n\t<meta property=\"og:image:type\" content=\"image\/jpeg\" \/>\n<meta name=\"author\" content=\"melanie\" \/>\n<meta name=\"twitter:card\" content=\"summary_large_image\" \/>\n<meta name=\"twitter:creator\" content=\"@Photoweb_fr\" \/>\n<meta name=\"twitter:site\" content=\"@Photoweb_fr\" \/>\n<meta name=\"twitter:label1\" content=\"\u00c9crit par\" \/>\n\t<meta name=\"twitter:data1\" content=\"melanie\" \/>\n\t<meta name=\"twitter:label2\" content=\"Dur\u00e9e de lecture estim\u00e9e\" \/>\n\t<meta name=\"twitter:data2\" content=\"3 minutes\" \/>\n<script type=\"application\/ld+json\" class=\"yoast-schema-graph\">{\"@context\":\"https:\/\/schema.org\",\"@graph\":[{\"@type\":\"Article\",\"@id\":\"https:\/\/www.photoweb.fr\/espaces\/magazine\/theme-livre-photo-voyage\/#article\",\"isPartOf\":{\"@id\":\"https:\/\/www.photoweb.fr\/espaces\/magazine\/theme-livre-photo-voyage\/\"},\"author\":{\"name\":\"melanie\",\"@id\":\"https:\/\/www.photoweb.fr\/espaces\/magazine\/#\/schema\/person\/111451a615bb7cbe790bf8b1d6b24391\"},\"headline\":\"Coupe du monde 2018 : th\u00e8me de livre photo !\",\"datePublished\":\"2018-06-08T14:02:11+00:00\",\"dateModified\":\"2022-05-24T14:21:41+00:00\",\"mainEntityOfPage\":{\"@id\":\"https:\/\/www.photoweb.fr\/espaces\/magazine\/theme-livre-photo-voyage\/\"},\"wordCount\":548,\"commentCount\":0,\"publisher\":{\"@id\":\"https:\/\/www.photoweb.fr\/espaces\/magazine\/#organization\"},\"keywords\":[\"cadeau photo\",\"livre photo personnalis\u00e9\"],\"articleSection\":[\"Escapade\"],\"inLanguage\":\"fr-FR\",\"potentialAction\":[{\"@type\":\"CommentAction\",\"name\":\"Comment\",\"target\":[\"https:\/\/www.photoweb.fr\/espaces\/magazine\/theme-livre-photo-voyage\/#respond\"]}]},{\"@type\":\"WebPage\",\"@id\":\"https:\/\/www.photoweb.fr\/espaces\/magazine\/theme-livre-photo-voyage\/\",\"url\":\"https:\/\/www.photoweb.fr\/espaces\/magazine\/theme-livre-photo-voyage\/\",\"name\":\"Coupe du monde 2018 : th\u00e8me de livre photo !\",\"isPartOf\":{\"@id\":\"https:\/\/www.photoweb.fr\/espaces\/magazine\/#website\"},\"datePublished\":\"2018-06-08T14:02:11+00:00\",\"dateModified\":\"2022-05-24T14:21:41+00:00\",\"description\":\"A l'occasion de la Coupe du monde 2018, Photoweb en profite pour vous d\u00e9voiler tous les th\u00e8mes \\\"voyage\\\" de la gamme : livre photo !\",\"breadcrumb\":{\"@id\":\"https:\/\/www.photoweb.fr\/espaces\/magazine\/theme-livre-photo-voyage\/#breadcrumb\"},\"inLanguage\":\"fr-FR\",\"potentialAction\":[{\"@type\":\"ReadAction\",\"target\":[\"https:\/\/www.photoweb.fr\/espaces\/magazine\/theme-livre-photo-voyage\/\"]}]},{\"@type\":\"BreadcrumbList\",\"@id\":\"https:\/\/www.photoweb.fr\/espaces\/magazine\/theme-livre-photo-voyage\/#breadcrumb\",\"itemListElement\":[{\"@type\":\"ListItem\",\"position\":1,\"name\":\"Accueil\",\"item\":\"https:\/\/www.photoweb.fr\/espaces\/magazine\/\"},{\"@type\":\"ListItem\",\"position\":2,\"name\":\"Escapade\",\"item\":\"https:\/\/www.photoweb.fr\/espaces\/magazine\/escapade\/\"},{\"@type\":\"ListItem\",\"position\":3,\"name\":\"Coupe du monde 2018 : th\u00e8me de livre photo !\"}]},{\"@type\":\"WebSite\",\"@id\":\"https:\/\/www.photoweb.fr\/espaces\/magazine\/#website\",\"url\":\"https:\/\/www.photoweb.fr\/espaces\/magazine\/\",\"name\":\"Photoweb, le mag\",\"description\":\"Le magazine de Photoweb\",\"publisher\":{\"@id\":\"https:\/\/www.photoweb.fr\/espaces\/magazine\/#organization\"},\"potentialAction\":[{\"@type\":\"SearchAction\",\"target\":{\"@type\":\"EntryPoint\",\"urlTemplate\":\"https:\/\/www.photoweb.fr\/espaces\/magazine\/?s={search_term_string}\"},\"query-input\":\"required name=search_term_string\"}],\"inLanguage\":\"fr-FR\"},{\"@type\":\"Organization\",\"@id\":\"https:\/\/www.photoweb.fr\/espaces\/magazine\/#organization\",\"name\":\"Photoweb\",\"url\":\"https:\/\/www.photoweb.fr\/espaces\/magazine\/\",\"logo\":{\"@type\":\"ImageObject\",\"inLanguage\":\"fr-FR\",\"@id\":\"https:\/\/www.photoweb.fr\/espaces\/magazine\/#\/schema\/logo\/image\/\",\"url\":\"https:\/\/www.photoweb.fr\/espaces\/magazine\/wp-content\/uploads\/2021\/02\/Logo-Photoweb.jpg\",\"contentUrl\":\"https:\/\/www.photoweb.fr\/espaces\/magazine\/wp-content\/uploads\/2021\/02\/Logo-Photoweb.jpg\",\"width\":780,\"height\":456,\"caption\":\"Photoweb\"},\"image\":{\"@id\":\"https:\/\/www.photoweb.fr\/espaces\/magazine\/#\/schema\/logo\/image\/\"},\"sameAs\":[\"https:\/\/fr-fr.facebook.com\/Photoweb.fr\/\",\"https:\/\/twitter.com\/Photoweb_fr\",\"https:\/\/www.instagram.com\/photowebfr\/\",\"https:\/\/www.linkedin.com\/company\/347094\/\",\"https:\/\/www.pinterest.fr\/inspirationsphotoweb\/_created\/\",\"https:\/\/www.youtube.com\/channel\/UCtcVmTvkAzKQLVkiwfOm8sg\"]},{\"@type\":\"Person\",\"@id\":\"https:\/\/www.photoweb.fr\/espaces\/magazine\/#\/schema\/person\/111451a615bb7cbe790bf8b1d6b24391\",\"name\":\"melanie\"}]}<\/script>\n<!-- \/ Yoast SEO plugin. -->","yoast_head_json":{"title":"Coupe du monde 2018 : th\u00e8me de livre photo !","description":"A l'occasion de la Coupe du monde 2018, Photoweb en profite pour vous d\u00e9voiler tous les th\u00e8mes \"voyage\" de la gamme : livre photo !","robots":{"index":"index","follow":"follow","max-snippet":"max-snippet:-1","max-image-preview":"max-image-preview:large","max-video-preview":"max-video-preview:-1"},"canonical":"https:\/\/www.photoweb.fr\/espaces\/magazine\/theme-livre-photo-voyage\/","og_locale":"fr_FR","og_type":"article","og_title":"Coupe du monde 2018 : th\u00e8me de livre photo !","og_description":"A l'occasion de la Coupe du monde 2018, Photoweb en profite pour vous d\u00e9voiler tous les th\u00e8mes \"voyage\" de la gamme : livre photo !","og_url":"https:\/\/www.photoweb.fr\/espaces\/magazine\/theme-livre-photo-voyage\/","og_site_name":"Photoweb, le mag","article_publisher":"https:\/\/fr-fr.facebook.com\/Photoweb.fr\/","article_published_time":"2018-06-08T14:02:11+00:00","article_modified_time":"2022-05-24T14:21:41+00:00","og_image":[{"width":800,"height":600,"url":"https:\/\/www.photoweb.fr\/espaces\/magazine\/wp-content\/uploads\/2018\/06\/supporter-photoweb-france.jpg","type":"image\/jpeg"}],"author":"melanie","twitter_card":"summary_large_image","twitter_creator":"@Photoweb_fr","twitter_site":"@Photoweb_fr","twitter_misc":{"\u00c9crit par":"melanie","Dur\u00e9e de lecture estim\u00e9e":"3 minutes"},"schema":{"@context":"https:\/\/schema.org","@graph":[{"@type":"Article","@id":"https:\/\/www.photoweb.fr\/espaces\/magazine\/theme-livre-photo-voyage\/#article","isPartOf":{"@id":"https:\/\/www.photoweb.fr\/espaces\/magazine\/theme-livre-photo-voyage\/"},"author":{"name":"melanie","@id":"https:\/\/www.photoweb.fr\/espaces\/magazine\/#\/schema\/person\/111451a615bb7cbe790bf8b1d6b24391"},"headline":"Coupe du monde 2018 : th\u00e8me de livre photo !","datePublished":"2018-06-08T14:02:11+00:00","dateModified":"2022-05-24T14:21:41+00:00","mainEntityOfPage":{"@id":"https:\/\/www.photoweb.fr\/espaces\/magazine\/theme-livre-photo-voyage\/"},"wordCount":548,"commentCount":0,"publisher":{"@id":"https:\/\/www.photoweb.fr\/espaces\/magazine\/#organization"},"keywords":["cadeau photo","livre photo personnalis\u00e9"],"articleSection":["Escapade"],"inLanguage":"fr-FR","potentialAction":[{"@type":"CommentAction","name":"Comment","target":["https:\/\/www.photoweb.fr\/espaces\/magazine\/theme-livre-photo-voyage\/#respond"]}]},{"@type":"WebPage","@id":"https:\/\/www.photoweb.fr\/espaces\/magazine\/theme-livre-photo-voyage\/","url":"https:\/\/www.photoweb.fr\/espaces\/magazine\/theme-livre-photo-voyage\/","name":"Coupe du monde 2018 : th\u00e8me de livre photo !","isPartOf":{"@id":"https:\/\/www.photoweb.fr\/espaces\/magazine\/#website"},"datePublished":"2018-06-08T14:02:11+00:00","dateModified":"2022-05-24T14:21:41+00:00","description":"A l'occasion de la Coupe du monde 2018, Photoweb en profite pour vous d\u00e9voiler tous les th\u00e8mes \"voyage\" de la gamme : livre photo !","breadcrumb":{"@id":"https:\/\/www.photoweb.fr\/espaces\/magazine\/theme-livre-photo-voyage\/#breadcrumb"},"inLanguage":"fr-FR","potentialAction":[{"@type":"ReadAction","target":["https:\/\/www.photoweb.fr\/espaces\/magazine\/theme-livre-photo-voyage\/"]}]},{"@type":"BreadcrumbList","@id":"https:\/\/www.photoweb.fr\/espaces\/magazine\/theme-livre-photo-voyage\/#breadcrumb","itemListElement":[{"@type":"ListItem","position":1,"name":"Accueil","item":"https:\/\/www.photoweb.fr\/espaces\/magazine\/"},{"@type":"ListItem","position":2,"name":"Escapade","item":"https:\/\/www.photoweb.fr\/espaces\/magazine\/escapade\/"},{"@type":"ListItem","position":3,"name":"Coupe du monde 2018 : th\u00e8me de livre photo !"}]},{"@type":"WebSite","@id":"https:\/\/www.photoweb.fr\/espaces\/magazine\/#website","url":"https:\/\/www.photoweb.fr\/espaces\/magazine\/","name":"Photoweb, le mag","description":"Le magazine de Photoweb","publisher":{"@id":"https:\/\/www.photoweb.fr\/espaces\/magazine\/#organization"},"potentialAction":[{"@type":"SearchAction","target":{"@type":"EntryPoint","urlTemplate":"https:\/\/www.photoweb.fr\/espaces\/magazine\/?s={search_term_string}"},"query-input":"required name=search_term_string"}],"inLanguage":"fr-FR"},{"@type":"Organization","@id":"https:\/\/www.photoweb.fr\/espaces\/magazine\/#organization","name":"Photoweb","url":"https:\/\/www.photoweb.fr\/espaces\/magazine\/","logo":{"@type":"ImageObject","inLanguage":"fr-FR","@id":"https:\/\/www.photoweb.fr\/espaces\/magazine\/#\/schema\/logo\/image\/","url":"https:\/\/www.photoweb.fr\/espaces\/magazine\/wp-content\/uploads\/2021\/02\/Logo-Photoweb.jpg","contentUrl":"https:\/\/www.photoweb.fr\/espaces\/magazine\/wp-content\/uploads\/2021\/02\/Logo-Photoweb.jpg","width":780,"height":456,"caption":"Photoweb"},"image":{"@id":"https:\/\/www.photoweb.fr\/espaces\/magazine\/#\/schema\/logo\/image\/"},"sameAs":["https:\/\/fr-fr.facebook.com\/Photoweb.fr\/","https:\/\/twitter.com\/Photoweb_fr","https:\/\/www.instagram.com\/photowebfr\/","https:\/\/www.linkedin.com\/company\/347094\/","https:\/\/www.pinterest.fr\/inspirationsphotoweb\/_created\/","https:\/\/www.youtube.com\/channel\/UCtcVmTvkAzKQLVkiwfOm8sg"]},{"@type":"Person","@id":"https:\/\/www.photoweb.fr\/espaces\/magazine\/#\/schema\/person\/111451a615bb7cbe790bf8b1d6b24391","name":"melanie"}]}},"acf":[],"_links":{"self":[{"href":"https:\/\/www.photoweb.fr\/espaces\/magazine\/wp-json\/wp\/v2\/posts\/5755","targetHints":{"allow":["GET"]}}],"collection":[{"href":"https:\/\/www.photoweb.fr\/espaces\/magazine\/wp-json\/wp\/v2\/posts"}],"about":[{"href":"https:\/\/www.photoweb.fr\/espaces\/magazine\/wp-json\/wp\/v2\/types\/post"}],"author":[{"embeddable":true,"href":"https:\/\/www.photoweb.fr\/espaces\/magazine\/wp-json\/wp\/v2\/users\/21"}],"replies":[{"embeddable":true,"href":"https:\/\/www.photoweb.fr\/espaces\/magazine\/wp-json\/wp\/v2\/comments?post=5755"}],"version-history":[{"count":1,"href":"https:\/\/www.photoweb.fr\/espaces\/magazine\/wp-json\/wp\/v2\/posts\/5755\/revisions"}],"predecessor-version":[{"id":11207,"href":"https:\/\/www.photoweb.fr\/espaces\/magazine\/wp-json\/wp\/v2\/posts\/5755\/revisions\/11207"}],"wp:featuredmedia":[{"embeddable":true,"href":"https:\/\/www.photoweb.fr\/espaces\/magazine\/wp-json\/wp\/v2\/media\/5760"}],"wp:attachment":[{"href":"https:\/\/www.photoweb.fr\/espaces\/magazine\/wp-json\/wp\/v2\/media?parent=5755"}],"wp:term":[{"taxonomy":"category","embeddable":true,"href":"https:\/\/www.photoweb.fr\/espaces\/magazine\/wp-json\/wp\/v2\/categories?post=5755"},{"taxonomy":"post_tag","embeddable":true,"href":"https:\/\/www.photoweb.fr\/espaces\/magazine\/wp-json\/wp\/v2\/tags?post=5755"}],"curies":[{"name":"wp","href":"https:\/\/api.w.org\/{rel}","templated":true}]}}