{"id":6617,"date":"2018-07-11T15:30:27","date_gmt":"2018-07-11T15:30:27","guid":{"rendered":"https:\/\/www.photoweb.fr\/espaces\/magazine\/magazine\/?p=6617"},"modified":"2020-11-19T10:23:04","modified_gmt":"2020-11-19T10:23:04","slug":"calendrier-de-lavent-diy-toutes-les-idees","status":"publish","type":"post","link":"https:\/\/www.photoweb.fr\/espaces\/magazine\/calendrier-de-lavent-diy-toutes-les-idees\/","title":{"rendered":"Calendrier de l&rsquo;Avent DIY : toutes les id\u00e9es !"},"content":{"rendered":"<p>Les f\u00eates de No\u00ebl sont bient\u00f4t l\u00e0. \u00c0 tel point qu&rsquo;on entendrait presque les grelots accroch\u00e9s aux bois des rennes du P\u00e8re No\u00ebl ! Et quand cette p\u00e9riode de l&rsquo;ann\u00e9e d\u00e9barque, il convient de s&rsquo;y pr\u00e9parer. Et de se montrer patient. Pour cela, rien de mieux que le <a href=\"https:\/\/www.photoweb.fr\/calendrier-photo\/avent\">calendrier de l&rsquo;Avent personnalis\u00e9<\/a> ! Un objet ludique, pratique et amusant, que vous pouvez en plus r\u00e9aliser vous-m\u00eame. Un <strong>DIY calendrier de l&rsquo;avent<\/strong> ? C&rsquo;est parti !<\/p>\n<h2><b>Le calendrier de l&rsquo;Avent DIY pour des f\u00eates cr\u00e9atives<\/b><\/h2>\n<p>Vous avez de l&rsquo;imagination, des id\u00e9es plein la t\u00eate et vous aimez les loisirs cr\u00e9atifs ? Lancez-vous ! Fabriquer son calendrier DIY est un v\u00e9ritable plaisir. Parmi les incontournables, pourquoi ne pas opter pour le calendrier de l&rsquo;Avent en kraft ? Pour cela, fabriquez 24 petits cubes en papier kraft et laissez s&rsquo;exprimer toutes vos envies de d\u00e9coration. Avec des couleurs vives ou plus sobres, votre calendrier sera le plus beau ! Il est aussi possible de fabriquer un tr\u00e8s audacieux calendrier de l&rsquo;Avent avec des boites de conserve vides. Une option totalement \u00e9cologique vu qu&rsquo;elle permet de recycler des emballages us\u00e9s pour cr\u00e9er un tout nouvel objet. L\u00e0 encore, seule votre imagination vous permettra d&rsquo;obtenir un magnifique calendrier de l&rsquo;Avent.<\/p>\n<h2><b>Le calendrier de l&rsquo;Avent DIY : tout est permis ! <\/b><\/h2>\n<p>Parmi les autres possibilit\u00e9s, on peut aussi mentionner la guirlande calendrier de l&rsquo;Avent. Prenez une guirlande de no\u00ebl ou une cordelette que vous enfilerez dans divers petits emballages cadeaux que vous aurez confectionn\u00e9s et qui contiendront des chocolats, de petits pr\u00e9sents ou des mots doux \u00e0 ouvrir tous les jours avant No\u00ebl. Cela ne co\u00fbte pas grand-chose, c&rsquo;est esth\u00e9tique et cela permet d&rsquo;offrir \u00e0 ses proches de petits attentions avant No\u00ebl et ainsi de permettre \u00e0 la magie des f\u00eates d&rsquo;investir le foyer progressivement.<\/p>\n<p><img loading=\"lazy\" decoding=\"async\" title=\"Calendrier-avent-gateau-diy\" src=\"https:\/\/www.photoweb.fr\/espaces\/magazine\/wp-content\/uploads\/2018\/10\/Calendrier-avent-gateau-diy.jpg\" alt=\"Calendrier-avent-gateau-diy\" width=\"800\" height=\"600\" \/><\/p>\n<h2><b>Le calendrier de l&rsquo;Avent DIY pour les plus gourmands <\/b><\/h2>\n<p>Encore plus simple et beaucoup plus savoureux : le calendrier de l&rsquo;Avent DIY en chocolat ! Pour cela, prenez une boite de chocolats achet\u00e9e dans le commerce et dessinez des chiffres sur tous les chocolats, de 1 \u00e0 24, avec une poche \u00e0 douille par exemple. D\u00e9licieux ! L&rsquo;avantage \u00e9tant qu&rsquo;on peut vraiment opter pour les chocolats que l&rsquo;on pr\u00e9f\u00e8re ou encore choisir des bonbons ou toute autre friandise.<\/p>\n<h2><b>Le calendrier de l&rsquo;Avent photo DIY<\/b><\/h2>\n<p>Enfin, si vous n&rsquo;\u00eates pas tr\u00e8s bricoleur dans l&rsquo;\u00e2me ou que le temps vous manque, nous avons aussi la solution ! Le calendrier de l&rsquo;Avent photo enti\u00e8rement personnalisable ! Un magnifique calendrier que vous pouvez r\u00e9aliser en quelques clics, en choisissant des photos \u00e0 d\u00e9voiler tous les matins. Des photos cach\u00e9es sous de petites fen\u00eatres d\u00e9cor\u00e9es et pr\u00e9d\u00e9coup\u00e9es pour une surprise chaque jour. Une option tr\u00e8s ludique \u00e9galement qui permet d&rsquo;afficher sur son calendrier de l&rsquo;Avent des photos de famille ou encore des images issues de ses films et s\u00e9ries pr\u00e9f\u00e9r\u00e9s ou encore des photos de ses artistes favoris.<\/p>\n<p>1.2.3.<br \/>\nimprimez\u202f!<\/p>\n<p><a href=\"https:\/\/www.photoweb.fr\/calendrier-photo\/avent\" target=\"_blank\" rel=\"noopener\"><br \/>\n<img loading=\"lazy\" decoding=\"async\" title=\"calendrier-avent-ski-party\" src=\"https:\/\/www.photoweb.fr\/espaces\/magazine\/wp-content\/uploads\/2018\/11\/calendrier-avent-2020-mag.jpg\" alt=\"calendrier-avent-ski-party\" width=\"600\" height=\"600\" \/><br \/>\n<\/a><br \/>\n<a href=\"https:\/\/www.photoweb.fr\/calendrier-photo\/avent\"><br \/>\ncr\u00e9er mon calendrier de l&rsquo;avent personnalis\u00e9<\/a><\/p>\n","protected":false},"excerpt":{"rendered":"<p>Calendrier de l&rsquo;avent DIY : toutes les id\u00e9es ! <\/p>\n<p>Les f\u00eates de No\u00ebl sont bient\u00f4t l\u00e0. \u00c0 tel point qu&rsquo;on entendrait presque les grelots accroch\u00e9s aux bois des rennes du P\u00e8re No\u00ebl ! Et quand cette p\u00e9riode de l&rsquo;ann\u00e9e d\u00e9barque, il convient de s&rsquo;y pr\u00e9parer. Et de se montrer patient. Pour cela, rien de mieux que le calendrier de l&rsquo;Avent ! Un objet ludique, pratique et amusant, que vous pouvez en plus r\u00e9aliser vous-m\u00eame. Un calendrier DIY ? C&rsquo;est parti ! <\/p>\n<p>Le calendrier de l&rsquo;Avent DIY pour des f\u00eates cr\u00e9atives<br \/>\nVous avez de l&rsquo;imagination, des id\u00e9es plein la t\u00eate et vous aimez les loisirs cr\u00e9atifs ? Lancez-vous ! Fabriquer son calendrier DIY est un v\u00e9ritable plaisir. Parmi les incontournables, pourquoi ne pas opter pour le calendrier de l&rsquo;Avent en kraft ? Pour cela, fabriquez 24 petits cubes en papier kraft et laissez s&rsquo;exprimer toutes vos envies de d\u00e9coration. Avec des couleurs vives ou plus sobres, votre calendrier sera le plus beau ! Il est aussi possible de fabriquer un tr\u00e8s audacieux calendrier de l&rsquo;Avent avec des boites de conserve vides. Une option totalement \u00e9cologique vu qu&rsquo;elle permet de recycler des emballages us\u00e9s pour cr\u00e9er un tout nouvel objet. L\u00e0 encore, seule votre imagination vous permettra d&rsquo;obtenir un magnifique calendrier de l&rsquo;Avent. <\/p>\n","protected":false},"author":21,"featured_media":6618,"comment_status":"open","ping_status":"open","sticky":false,"template":"single-standard.php","format":"standard","meta":{"footnotes":""},"categories":[18],"tags":[],"class_list":["post-6617","post","type-post","status-publish","format-standard","has-post-thumbnail","hentry","category-conseils-expets"],"yoast_head":"<!-- This site is optimized with the Yoast SEO plugin v20.3 - https:\/\/yoast.com\/wordpress\/plugins\/seo\/ -->\n<title>Calendrier de l&#039;Avent DIY : toutes les id\u00e9es !<\/title>\n<meta name=\"description\" content=\"D\u00e9couvrez tous nos conseils pour fabriquer le plus merveilleux calendrier de l&#039;Avent DIY...\" \/>\n<meta name=\"robots\" content=\"index, follow, max-snippet:-1, max-image-preview:large, max-video-preview:-1\" \/>\n<link rel=\"canonical\" href=\"https:\/\/www.photoweb.fr\/espaces\/magazine\/calendrier-de-lavent-diy-toutes-les-idees\/\" \/>\n<meta property=\"og:locale\" content=\"fr_FR\" \/>\n<meta property=\"og:type\" content=\"article\" \/>\n<meta property=\"og:title\" content=\"Calendrier de l&#039;Avent DIY : toutes les id\u00e9es !\" \/>\n<meta property=\"og:description\" content=\"D\u00e9couvrez tous nos conseils pour fabriquer le plus merveilleux calendrier de l&#039;Avent DIY...\" \/>\n<meta property=\"og:url\" content=\"https:\/\/www.photoweb.fr\/espaces\/magazine\/calendrier-de-lavent-diy-toutes-les-idees\/\" \/>\n<meta property=\"og:site_name\" content=\"Photoweb, le mag\" \/>\n<meta property=\"article:publisher\" content=\"https:\/\/fr-fr.facebook.com\/Photoweb.fr\/\" \/>\n<meta property=\"article:published_time\" content=\"2018-07-11T15:30:27+00:00\" \/>\n<meta property=\"article:modified_time\" content=\"2020-11-19T10:23:04+00:00\" \/>\n<meta property=\"og:image\" content=\"https:\/\/www.photoweb.fr\/espaces\/magazine\/wp-content\/uploads\/2018\/10\/calendrier-diy-avent.jpg\" \/>\n\t<meta property=\"og:image:width\" content=\"800\" \/>\n\t<meta property=\"og:image:height\" content=\"600\" \/>\n\t<meta property=\"og:image:type\" content=\"image\/jpeg\" \/>\n<meta name=\"author\" content=\"melanie\" \/>\n<meta name=\"twitter:card\" content=\"summary_large_image\" \/>\n<meta name=\"twitter:creator\" content=\"@Photoweb_fr\" \/>\n<meta name=\"twitter:site\" content=\"@Photoweb_fr\" \/>\n<meta name=\"twitter:label1\" content=\"\u00c9crit par\" \/>\n\t<meta name=\"twitter:data1\" content=\"melanie\" \/>\n\t<meta name=\"twitter:label2\" content=\"Dur\u00e9e de lecture estim\u00e9e\" \/>\n\t<meta name=\"twitter:data2\" content=\"3 minutes\" \/>\n<script type=\"application\/ld+json\" class=\"yoast-schema-graph\">{\"@context\":\"https:\/\/schema.org\",\"@graph\":[{\"@type\":\"Article\",\"@id\":\"https:\/\/www.photoweb.fr\/espaces\/magazine\/calendrier-de-lavent-diy-toutes-les-idees\/#article\",\"isPartOf\":{\"@id\":\"https:\/\/www.photoweb.fr\/espaces\/magazine\/calendrier-de-lavent-diy-toutes-les-idees\/\"},\"author\":{\"name\":\"melanie\",\"@id\":\"https:\/\/www.photoweb.fr\/espaces\/magazine\/#\/schema\/person\/111451a615bb7cbe790bf8b1d6b24391\"},\"headline\":\"Calendrier de l&rsquo;Avent DIY : toutes les id\u00e9es !\",\"datePublished\":\"2018-07-11T15:30:27+00:00\",\"dateModified\":\"2020-11-19T10:23:04+00:00\",\"mainEntityOfPage\":{\"@id\":\"https:\/\/www.photoweb.fr\/espaces\/magazine\/calendrier-de-lavent-diy-toutes-les-idees\/\"},\"wordCount\":526,\"commentCount\":0,\"publisher\":{\"@id\":\"https:\/\/www.photoweb.fr\/espaces\/magazine\/#organization\"},\"articleSection\":[\"Conseils experts\"],\"inLanguage\":\"fr-FR\",\"potentialAction\":[{\"@type\":\"CommentAction\",\"name\":\"Comment\",\"target\":[\"https:\/\/www.photoweb.fr\/espaces\/magazine\/calendrier-de-lavent-diy-toutes-les-idees\/#respond\"]}]},{\"@type\":\"WebPage\",\"@id\":\"https:\/\/www.photoweb.fr\/espaces\/magazine\/calendrier-de-lavent-diy-toutes-les-idees\/\",\"url\":\"https:\/\/www.photoweb.fr\/espaces\/magazine\/calendrier-de-lavent-diy-toutes-les-idees\/\",\"name\":\"Calendrier de l'Avent DIY : toutes les id\u00e9es !\",\"isPartOf\":{\"@id\":\"https:\/\/www.photoweb.fr\/espaces\/magazine\/#website\"},\"datePublished\":\"2018-07-11T15:30:27+00:00\",\"dateModified\":\"2020-11-19T10:23:04+00:00\",\"description\":\"D\u00e9couvrez tous nos conseils pour fabriquer le plus merveilleux calendrier de l'Avent DIY...\",\"breadcrumb\":{\"@id\":\"https:\/\/www.photoweb.fr\/espaces\/magazine\/calendrier-de-lavent-diy-toutes-les-idees\/#breadcrumb\"},\"inLanguage\":\"fr-FR\",\"potentialAction\":[{\"@type\":\"ReadAction\",\"target\":[\"https:\/\/www.photoweb.fr\/espaces\/magazine\/calendrier-de-lavent-diy-toutes-les-idees\/\"]}]},{\"@type\":\"BreadcrumbList\",\"@id\":\"https:\/\/www.photoweb.fr\/espaces\/magazine\/calendrier-de-lavent-diy-toutes-les-idees\/#breadcrumb\",\"itemListElement\":[{\"@type\":\"ListItem\",\"position\":1,\"name\":\"Accueil\",\"item\":\"https:\/\/www.photoweb.fr\/espaces\/magazine\/\"},{\"@type\":\"ListItem\",\"position\":2,\"name\":\"Conseils experts\",\"item\":\"https:\/\/www.photoweb.fr\/espaces\/magazine\/conseils-expets\/\"},{\"@type\":\"ListItem\",\"position\":3,\"name\":\"Calendrier de l&rsquo;Avent DIY : toutes les id\u00e9es !\"}]},{\"@type\":\"WebSite\",\"@id\":\"https:\/\/www.photoweb.fr\/espaces\/magazine\/#website\",\"url\":\"https:\/\/www.photoweb.fr\/espaces\/magazine\/\",\"name\":\"Photoweb, le mag\",\"description\":\"Le magazine de Photoweb\",\"publisher\":{\"@id\":\"https:\/\/www.photoweb.fr\/espaces\/magazine\/#organization\"},\"potentialAction\":[{\"@type\":\"SearchAction\",\"target\":{\"@type\":\"EntryPoint\",\"urlTemplate\":\"https:\/\/www.photoweb.fr\/espaces\/magazine\/?s={search_term_string}\"},\"query-input\":\"required name=search_term_string\"}],\"inLanguage\":\"fr-FR\"},{\"@type\":\"Organization\",\"@id\":\"https:\/\/www.photoweb.fr\/espaces\/magazine\/#organization\",\"name\":\"Photoweb\",\"url\":\"https:\/\/www.photoweb.fr\/espaces\/magazine\/\",\"logo\":{\"@type\":\"ImageObject\",\"inLanguage\":\"fr-FR\",\"@id\":\"https:\/\/www.photoweb.fr\/espaces\/magazine\/#\/schema\/logo\/image\/\",\"url\":\"https:\/\/www.photoweb.fr\/espaces\/magazine\/wp-content\/uploads\/2021\/02\/Logo-Photoweb.jpg\",\"contentUrl\":\"https:\/\/www.photoweb.fr\/espaces\/magazine\/wp-content\/uploads\/2021\/02\/Logo-Photoweb.jpg\",\"width\":780,\"height\":456,\"caption\":\"Photoweb\"},\"image\":{\"@id\":\"https:\/\/www.photoweb.fr\/espaces\/magazine\/#\/schema\/logo\/image\/\"},\"sameAs\":[\"https:\/\/fr-fr.facebook.com\/Photoweb.fr\/\",\"https:\/\/twitter.com\/Photoweb_fr\",\"https:\/\/www.instagram.com\/photowebfr\/\",\"https:\/\/www.linkedin.com\/company\/347094\/\",\"https:\/\/www.pinterest.fr\/inspirationsphotoweb\/_created\/\",\"https:\/\/www.youtube.com\/channel\/UCtcVmTvkAzKQLVkiwfOm8sg\"]},{\"@type\":\"Person\",\"@id\":\"https:\/\/www.photoweb.fr\/espaces\/magazine\/#\/schema\/person\/111451a615bb7cbe790bf8b1d6b24391\",\"name\":\"melanie\"}]}<\/script>\n<!-- \/ Yoast SEO plugin. -->","yoast_head_json":{"title":"Calendrier de l'Avent DIY : toutes les id\u00e9es !","description":"D\u00e9couvrez tous nos conseils pour fabriquer le plus merveilleux calendrier de l'Avent DIY...","robots":{"index":"index","follow":"follow","max-snippet":"max-snippet:-1","max-image-preview":"max-image-preview:large","max-video-preview":"max-video-preview:-1"},"canonical":"https:\/\/www.photoweb.fr\/espaces\/magazine\/calendrier-de-lavent-diy-toutes-les-idees\/","og_locale":"fr_FR","og_type":"article","og_title":"Calendrier de l'Avent DIY : toutes les id\u00e9es !","og_description":"D\u00e9couvrez tous nos conseils pour fabriquer le plus merveilleux calendrier de l'Avent DIY...","og_url":"https:\/\/www.photoweb.fr\/espaces\/magazine\/calendrier-de-lavent-diy-toutes-les-idees\/","og_site_name":"Photoweb, le mag","article_publisher":"https:\/\/fr-fr.facebook.com\/Photoweb.fr\/","article_published_time":"2018-07-11T15:30:27+00:00","article_modified_time":"2020-11-19T10:23:04+00:00","og_image":[{"width":800,"height":600,"url":"https:\/\/www.photoweb.fr\/espaces\/magazine\/wp-content\/uploads\/2018\/10\/calendrier-diy-avent.jpg","type":"image\/jpeg"}],"author":"melanie","twitter_card":"summary_large_image","twitter_creator":"@Photoweb_fr","twitter_site":"@Photoweb_fr","twitter_misc":{"\u00c9crit par":"melanie","Dur\u00e9e de lecture estim\u00e9e":"3 minutes"},"schema":{"@context":"https:\/\/schema.org","@graph":[{"@type":"Article","@id":"https:\/\/www.photoweb.fr\/espaces\/magazine\/calendrier-de-lavent-diy-toutes-les-idees\/#article","isPartOf":{"@id":"https:\/\/www.photoweb.fr\/espaces\/magazine\/calendrier-de-lavent-diy-toutes-les-idees\/"},"author":{"name":"melanie","@id":"https:\/\/www.photoweb.fr\/espaces\/magazine\/#\/schema\/person\/111451a615bb7cbe790bf8b1d6b24391"},"headline":"Calendrier de l&rsquo;Avent DIY : toutes les id\u00e9es !","datePublished":"2018-07-11T15:30:27+00:00","dateModified":"2020-11-19T10:23:04+00:00","mainEntityOfPage":{"@id":"https:\/\/www.photoweb.fr\/espaces\/magazine\/calendrier-de-lavent-diy-toutes-les-idees\/"},"wordCount":526,"commentCount":0,"publisher":{"@id":"https:\/\/www.photoweb.fr\/espaces\/magazine\/#organization"},"articleSection":["Conseils experts"],"inLanguage":"fr-FR","potentialAction":[{"@type":"CommentAction","name":"Comment","target":["https:\/\/www.photoweb.fr\/espaces\/magazine\/calendrier-de-lavent-diy-toutes-les-idees\/#respond"]}]},{"@type":"WebPage","@id":"https:\/\/www.photoweb.fr\/espaces\/magazine\/calendrier-de-lavent-diy-toutes-les-idees\/","url":"https:\/\/www.photoweb.fr\/espaces\/magazine\/calendrier-de-lavent-diy-toutes-les-idees\/","name":"Calendrier de l'Avent DIY : toutes les id\u00e9es !","isPartOf":{"@id":"https:\/\/www.photoweb.fr\/espaces\/magazine\/#website"},"datePublished":"2018-07-11T15:30:27+00:00","dateModified":"2020-11-19T10:23:04+00:00","description":"D\u00e9couvrez tous nos conseils pour fabriquer le plus merveilleux calendrier de l'Avent DIY...","breadcrumb":{"@id":"https:\/\/www.photoweb.fr\/espaces\/magazine\/calendrier-de-lavent-diy-toutes-les-idees\/#breadcrumb"},"inLanguage":"fr-FR","potentialAction":[{"@type":"ReadAction","target":["https:\/\/www.photoweb.fr\/espaces\/magazine\/calendrier-de-lavent-diy-toutes-les-idees\/"]}]},{"@type":"BreadcrumbList","@id":"https:\/\/www.photoweb.fr\/espaces\/magazine\/calendrier-de-lavent-diy-toutes-les-idees\/#breadcrumb","itemListElement":[{"@type":"ListItem","position":1,"name":"Accueil","item":"https:\/\/www.photoweb.fr\/espaces\/magazine\/"},{"@type":"ListItem","position":2,"name":"Conseils experts","item":"https:\/\/www.photoweb.fr\/espaces\/magazine\/conseils-expets\/"},{"@type":"ListItem","position":3,"name":"Calendrier de l&rsquo;Avent DIY : toutes les id\u00e9es !"}]},{"@type":"WebSite","@id":"https:\/\/www.photoweb.fr\/espaces\/magazine\/#website","url":"https:\/\/www.photoweb.fr\/espaces\/magazine\/","name":"Photoweb, le mag","description":"Le magazine de Photoweb","publisher":{"@id":"https:\/\/www.photoweb.fr\/espaces\/magazine\/#organization"},"potentialAction":[{"@type":"SearchAction","target":{"@type":"EntryPoint","urlTemplate":"https:\/\/www.photoweb.fr\/espaces\/magazine\/?s={search_term_string}"},"query-input":"required name=search_term_string"}],"inLanguage":"fr-FR"},{"@type":"Organization","@id":"https:\/\/www.photoweb.fr\/espaces\/magazine\/#organization","name":"Photoweb","url":"https:\/\/www.photoweb.fr\/espaces\/magazine\/","logo":{"@type":"ImageObject","inLanguage":"fr-FR","@id":"https:\/\/www.photoweb.fr\/espaces\/magazine\/#\/schema\/logo\/image\/","url":"https:\/\/www.photoweb.fr\/espaces\/magazine\/wp-content\/uploads\/2021\/02\/Logo-Photoweb.jpg","contentUrl":"https:\/\/www.photoweb.fr\/espaces\/magazine\/wp-content\/uploads\/2021\/02\/Logo-Photoweb.jpg","width":780,"height":456,"caption":"Photoweb"},"image":{"@id":"https:\/\/www.photoweb.fr\/espaces\/magazine\/#\/schema\/logo\/image\/"},"sameAs":["https:\/\/fr-fr.facebook.com\/Photoweb.fr\/","https:\/\/twitter.com\/Photoweb_fr","https:\/\/www.instagram.com\/photowebfr\/","https:\/\/www.linkedin.com\/company\/347094\/","https:\/\/www.pinterest.fr\/inspirationsphotoweb\/_created\/","https:\/\/www.youtube.com\/channel\/UCtcVmTvkAzKQLVkiwfOm8sg"]},{"@type":"Person","@id":"https:\/\/www.photoweb.fr\/espaces\/magazine\/#\/schema\/person\/111451a615bb7cbe790bf8b1d6b24391","name":"melanie"}]}},"acf":[],"_links":{"self":[{"href":"https:\/\/www.photoweb.fr\/espaces\/magazine\/wp-json\/wp\/v2\/posts\/6617","targetHints":{"allow":["GET"]}}],"collection":[{"href":"https:\/\/www.photoweb.fr\/espaces\/magazine\/wp-json\/wp\/v2\/posts"}],"about":[{"href":"https:\/\/www.photoweb.fr\/espaces\/magazine\/wp-json\/wp\/v2\/types\/post"}],"author":[{"embeddable":true,"href":"https:\/\/www.photoweb.fr\/espaces\/magazine\/wp-json\/wp\/v2\/users\/21"}],"replies":[{"embeddable":true,"href":"https:\/\/www.photoweb.fr\/espaces\/magazine\/wp-json\/wp\/v2\/comments?post=6617"}],"version-history":[{"count":0,"href":"https:\/\/www.photoweb.fr\/espaces\/magazine\/wp-json\/wp\/v2\/posts\/6617\/revisions"}],"wp:featuredmedia":[{"embeddable":true,"href":"https:\/\/www.photoweb.fr\/espaces\/magazine\/wp-json\/wp\/v2\/media\/6618"}],"wp:attachment":[{"href":"https:\/\/www.photoweb.fr\/espaces\/magazine\/wp-json\/wp\/v2\/media?parent=6617"}],"wp:term":[{"taxonomy":"category","embeddable":true,"href":"https:\/\/www.photoweb.fr\/espaces\/magazine\/wp-json\/wp\/v2\/categories?post=6617"},{"taxonomy":"post_tag","embeddable":true,"href":"https:\/\/www.photoweb.fr\/espaces\/magazine\/wp-json\/wp\/v2\/tags?post=6617"}],"curies":[{"name":"wp","href":"https:\/\/api.w.org\/{rel}","templated":true}]}}