{"id":7285,"date":"2018-12-05T14:45:31","date_gmt":"2018-12-05T14:45:31","guid":{"rendered":"https:\/\/www.photoweb.fr\/espaces\/magazine\/magazine\/?p=7285"},"modified":"2022-11-04T13:21:11","modified_gmt":"2022-11-04T13:21:11","slug":"pochette-personnalisee-pour-voyager","status":"publish","type":"post","link":"https:\/\/www.photoweb.fr\/espaces\/magazine\/pochette-personnalisee-pour-voyager\/","title":{"rendered":"Pochette personnalis\u00e9e : votre pochette en tissu pour voyager"},"content":{"rendered":"\n\n\t<p>Lorsqu&rsquo;on part en voyage, que ce soit ne serait-ce que pour quelques jours ou plusieurs semaines, nous avons besoin d&#8217;emporter avec nous quelques effets personnels utiles : maquillage, produits de beaut\u00e9 ou de rasage, petits accessoires divers&#8230; Nous vous pr\u00e9sentons aujourd&rsquo;hui une mani\u00e8re sympa de ranger tous ces effets personnels au travers de la <strong>pochette personnalis\u00e9e<\/strong>. C&rsquo;est parti !<\/p>\n\t<h2>La pochette personnalis\u00e9e pour vos escapades<\/h2>\n<p>Vous partez souvent en week-end ? Plut\u00f4t que d&rsquo;avoir la petite pochette de rangement basique achet\u00e9e en grande surface, que d\u00eetes-vous de cr\u00e9er vous-m\u00eame votre style \u00e0 l&rsquo;aide de la pochette \u00e0 personnaliser en ligne ? Nous le disons toujours, vos plus belles photos sont synonymes de souvenirs, de joie et de partages avec votre entourage. Il serait donc dommage de ne pas profiter de vos plus beaux clich\u00e9s au quotidien. C&rsquo;est en cela que la <a href=\"https:\/\/www.photoweb.fr\/deco-maison\/pochette\">pochette<\/a> tissu personnalisable est \u00e0 croquer.<\/p>\n<p>Mixte, elle peut s&rsquo;adapter \u00e0 tous les genres. Nos nombreux mod\u00e8les de pochettes vous permettront de cr\u00e9er, pour chacun, l&rsquo;objet qui lui correspond. En plus, diff\u00e9rentes tailles vous sont propos\u00e9es pour coller \u00e0 tous les besoins (20&#215;15 cm &amp; 27&#215;19 cm). Elle trouvera donc sa place dans toutes les valises, sac-\u00e0-dos ou autres&#8230;<\/p>\n<p>Pour les plus cr\u00e9atifs, vous pourrez cr\u00e9er la pochette en partant de 0, c&rsquo;est-\u00e0-dire depuis un objet vierge, d\u00e9nu\u00e9 de motif &amp; couleur. A vous d&rsquo;\u00e9veiller votre cr\u00e9ativit\u00e9 ! Ajoutez alors photos, textes, illustrations \u00e0 volont\u00e9&#8230; m\u00eame le ZIP est personnalisable !<\/p>\n<p><img loading=\"lazy\" decoding=\"async\" title=\"pochette personnalis\u00e9e\" src=\"https:\/\/www.photoweb.fr\/espaces\/magazine\/wp-content\/uploads\/2018\/12\/pochette-personnalisee-2.jpg\" alt=\"pochette personnalis\u00e9e\" width=\"800\" height=\"600\" \/><\/p>\n<h2>La pochette personnalis\u00e9e pour la vie de tous les jours<\/h2>\n<p>Id\u00e9ale dans un sac \u00e0 mains, la pochette personnalis\u00e9e est \u00e9galement reconnue comme \u00e9tant un accessoire indispensable du quotidien. De petite taille, votre pochette personnalisable se rangera en un clin d&rsquo;\u0153il au fond de votre sac. Rangez-y votre mascara, votre rouge \u00e0 l\u00e8vres ou encore vos petites cr\u00e8mes pour \u00eatre bien accompagn\u00e9e tout au long de votre journ\u00e9e de travail (et m\u00eame le week-end !).<\/p>\n<p>Note : la pochette personnalis\u00e9e peut aussi s&rsquo;improviser porte-monnaie ! Et pourquoi pas apr\u00e8s tout ? Elle peut \u00e9galement, en format 27&#215;19 cm, \u00eatre votre alli\u00e9e pour b\u00e9b\u00e9 : une couche, une t\u00e9tine, un bavoir des lingettes et le tour est jou\u00e9 !<\/p>\n<h2>A offrir sans mod\u00e9ration<\/h2>\n<p>A l&rsquo;occasion d&rsquo;un anniversaire, d&rsquo;une f\u00eate (ex. f\u00eate des m\u00e8res), de No\u00ebl ou encore de la Saint-Valentin, la pochette personnalis\u00e9e surprendra vos proches tant elle sera unique et \u00e0 leur image.<\/p>\n<p>Retrouvez dans la boutique Photoweb notre s\u00e9lection de mod\u00e8les de <a href=\"https:\/\/www.photoweb.fr\/deco-maison\/pochette\">pochettes<\/a> personnalis\u00e9es pas ch\u00e8res. Car oui, il est bon de faire plaisir \u00e0 petits prix ! Notre logiciel de cr\u00e9ation vous guidera \u00e0 travers les \u00e9tapes de confection, et vous recevrez directement l&rsquo;objet personnalis\u00e9 chez vous.<\/p>\n<p>Alors, on se lance quand ?<\/p>\n\t1.2.3.\nimprimez&#8239;!\n\t\t\t\t<a href=\"https:\/\/www.photoweb.fr\/deco-maison\/pochette\" target=\"_blank\" rel=\"noopener\" itemprop=\"url\">\n\t\t\t\t<img loading=\"lazy\" decoding=\"async\" src=\"https:\/\/www.photoweb.fr\/espaces\/magazine\/wp-content\/uploads\/2018\/10\/pochette-20-15.jpg\" alt=\"pochette\" itemprop=\"image\" height=\"600\" width=\"600\" title=\"pochette-20-15\" onerror=\"this.style.display='none'\"  \/>\n\t\t\t\t<\/a>\n\t<a target=\"_blank\" href=\"https:\/\/www.photoweb.fr\/deco-maison\/pochette\" rel=\"noopener\">\nCr\u00e9er votre pochette<\/a>\n\n","protected":false},"excerpt":{"rendered":"<p>Lorsqu\u2019on part en voyage, que ce soit ne serait-ce que pour quelques jours ou plusieurs semaines, nous avons besoin d\u2019emporter avec nous quelques effets personnels utiles : maquillage, produits de beaut\u00e9 ou de rasage, petits accessoires divers\u2026 Nous vous pr\u00e9sentons aujourd\u2019hui une mani\u00e8re sympa de ranger tous ces effets personnels au travers de la pochette personnalis\u00e9e. C\u2019est parti !<\/p>\n","protected":false},"author":21,"featured_media":7286,"comment_status":"open","ping_status":"open","sticky":false,"template":"single-standard.php","format":"standard","meta":{"footnotes":""},"categories":[23],"tags":[],"class_list":["post-7285","post","type-post","status-publish","format-standard","has-post-thumbnail","hentry","category-escapade"],"yoast_head":"<!-- This site is optimized with the Yoast SEO plugin v20.3 - https:\/\/yoast.com\/wordpress\/plugins\/seo\/ -->\n<title>Pochette personnalis\u00e9e : votre pochette en tissu pour voyager<\/title>\n<meta name=\"description\" content=\"A la recherche d\u2019une pochette pour ranger tous vos effets personnels de type maquillage, produits de beaut\u00e9, autres ? D\u00e9couvrez la pochette personnalis\u00e9e !\" \/>\n<meta name=\"robots\" content=\"index, follow, max-snippet:-1, max-image-preview:large, max-video-preview:-1\" \/>\n<link rel=\"canonical\" href=\"https:\/\/www.photoweb.fr\/espaces\/magazine\/pochette-personnalisee-pour-voyager\/\" \/>\n<meta property=\"og:locale\" content=\"fr_FR\" \/>\n<meta property=\"og:type\" content=\"article\" \/>\n<meta property=\"og:title\" content=\"Pochette personnalis\u00e9e : votre pochette en tissu pour voyager\" \/>\n<meta property=\"og:description\" content=\"A la recherche d\u2019une pochette pour ranger tous vos effets personnels de type maquillage, produits de beaut\u00e9, autres ? D\u00e9couvrez la pochette personnalis\u00e9e !\" \/>\n<meta property=\"og:url\" content=\"https:\/\/www.photoweb.fr\/espaces\/magazine\/pochette-personnalisee-pour-voyager\/\" \/>\n<meta property=\"og:site_name\" content=\"Photoweb, le mag\" \/>\n<meta property=\"article:publisher\" content=\"https:\/\/fr-fr.facebook.com\/Photoweb.fr\/\" \/>\n<meta property=\"article:published_time\" content=\"2018-12-05T14:45:31+00:00\" \/>\n<meta property=\"article:modified_time\" content=\"2022-11-04T13:21:11+00:00\" \/>\n<meta property=\"og:image\" content=\"https:\/\/www.photoweb.fr\/espaces\/magazine\/wp-content\/uploads\/2018\/12\/pochette-personnalisee.jpg\" \/>\n\t<meta property=\"og:image:width\" content=\"800\" \/>\n\t<meta property=\"og:image:height\" content=\"600\" \/>\n\t<meta property=\"og:image:type\" content=\"image\/jpeg\" \/>\n<meta name=\"author\" content=\"melanie\" \/>\n<meta name=\"twitter:card\" content=\"summary_large_image\" \/>\n<meta name=\"twitter:creator\" content=\"@Photoweb_fr\" \/>\n<meta name=\"twitter:site\" content=\"@Photoweb_fr\" \/>\n<meta name=\"twitter:label1\" content=\"\u00c9crit par\" \/>\n\t<meta name=\"twitter:data1\" content=\"melanie\" \/>\n\t<meta name=\"twitter:label2\" content=\"Dur\u00e9e de lecture estim\u00e9e\" \/>\n\t<meta name=\"twitter:data2\" content=\"2 minutes\" \/>\n<script type=\"application\/ld+json\" class=\"yoast-schema-graph\">{\"@context\":\"https:\/\/schema.org\",\"@graph\":[{\"@type\":\"Article\",\"@id\":\"https:\/\/www.photoweb.fr\/espaces\/magazine\/pochette-personnalisee-pour-voyager\/#article\",\"isPartOf\":{\"@id\":\"https:\/\/www.photoweb.fr\/espaces\/magazine\/pochette-personnalisee-pour-voyager\/\"},\"author\":{\"name\":\"melanie\",\"@id\":\"https:\/\/www.photoweb.fr\/espaces\/magazine\/#\/schema\/person\/111451a615bb7cbe790bf8b1d6b24391\"},\"headline\":\"Pochette personnalis\u00e9e : votre pochette en tissu pour voyager\",\"datePublished\":\"2018-12-05T14:45:31+00:00\",\"dateModified\":\"2022-11-04T13:21:11+00:00\",\"mainEntityOfPage\":{\"@id\":\"https:\/\/www.photoweb.fr\/espaces\/magazine\/pochette-personnalisee-pour-voyager\/\"},\"wordCount\":482,\"commentCount\":0,\"publisher\":{\"@id\":\"https:\/\/www.photoweb.fr\/espaces\/magazine\/#organization\"},\"articleSection\":[\"Escapade\"],\"inLanguage\":\"fr-FR\",\"potentialAction\":[{\"@type\":\"CommentAction\",\"name\":\"Comment\",\"target\":[\"https:\/\/www.photoweb.fr\/espaces\/magazine\/pochette-personnalisee-pour-voyager\/#respond\"]}]},{\"@type\":\"WebPage\",\"@id\":\"https:\/\/www.photoweb.fr\/espaces\/magazine\/pochette-personnalisee-pour-voyager\/\",\"url\":\"https:\/\/www.photoweb.fr\/espaces\/magazine\/pochette-personnalisee-pour-voyager\/\",\"name\":\"Pochette personnalis\u00e9e : votre pochette en tissu pour voyager\",\"isPartOf\":{\"@id\":\"https:\/\/www.photoweb.fr\/espaces\/magazine\/#website\"},\"datePublished\":\"2018-12-05T14:45:31+00:00\",\"dateModified\":\"2022-11-04T13:21:11+00:00\",\"description\":\"A la recherche d\u2019une pochette pour ranger tous vos effets personnels de type maquillage, produits de beaut\u00e9, autres ? D\u00e9couvrez la pochette personnalis\u00e9e !\",\"breadcrumb\":{\"@id\":\"https:\/\/www.photoweb.fr\/espaces\/magazine\/pochette-personnalisee-pour-voyager\/#breadcrumb\"},\"inLanguage\":\"fr-FR\",\"potentialAction\":[{\"@type\":\"ReadAction\",\"target\":[\"https:\/\/www.photoweb.fr\/espaces\/magazine\/pochette-personnalisee-pour-voyager\/\"]}]},{\"@type\":\"BreadcrumbList\",\"@id\":\"https:\/\/www.photoweb.fr\/espaces\/magazine\/pochette-personnalisee-pour-voyager\/#breadcrumb\",\"itemListElement\":[{\"@type\":\"ListItem\",\"position\":1,\"name\":\"Accueil\",\"item\":\"https:\/\/www.photoweb.fr\/espaces\/magazine\/\"},{\"@type\":\"ListItem\",\"position\":2,\"name\":\"Escapade\",\"item\":\"https:\/\/www.photoweb.fr\/espaces\/magazine\/escapade\/\"},{\"@type\":\"ListItem\",\"position\":3,\"name\":\"Pochette personnalis\u00e9e : votre pochette en tissu pour voyager\"}]},{\"@type\":\"WebSite\",\"@id\":\"https:\/\/www.photoweb.fr\/espaces\/magazine\/#website\",\"url\":\"https:\/\/www.photoweb.fr\/espaces\/magazine\/\",\"name\":\"Photoweb, le mag\",\"description\":\"Le magazine de Photoweb\",\"publisher\":{\"@id\":\"https:\/\/www.photoweb.fr\/espaces\/magazine\/#organization\"},\"potentialAction\":[{\"@type\":\"SearchAction\",\"target\":{\"@type\":\"EntryPoint\",\"urlTemplate\":\"https:\/\/www.photoweb.fr\/espaces\/magazine\/?s={search_term_string}\"},\"query-input\":\"required name=search_term_string\"}],\"inLanguage\":\"fr-FR\"},{\"@type\":\"Organization\",\"@id\":\"https:\/\/www.photoweb.fr\/espaces\/magazine\/#organization\",\"name\":\"Photoweb\",\"url\":\"https:\/\/www.photoweb.fr\/espaces\/magazine\/\",\"logo\":{\"@type\":\"ImageObject\",\"inLanguage\":\"fr-FR\",\"@id\":\"https:\/\/www.photoweb.fr\/espaces\/magazine\/#\/schema\/logo\/image\/\",\"url\":\"https:\/\/www.photoweb.fr\/espaces\/magazine\/wp-content\/uploads\/2021\/02\/Logo-Photoweb.jpg\",\"contentUrl\":\"https:\/\/www.photoweb.fr\/espaces\/magazine\/wp-content\/uploads\/2021\/02\/Logo-Photoweb.jpg\",\"width\":780,\"height\":456,\"caption\":\"Photoweb\"},\"image\":{\"@id\":\"https:\/\/www.photoweb.fr\/espaces\/magazine\/#\/schema\/logo\/image\/\"},\"sameAs\":[\"https:\/\/fr-fr.facebook.com\/Photoweb.fr\/\",\"https:\/\/twitter.com\/Photoweb_fr\",\"https:\/\/www.instagram.com\/photowebfr\/\",\"https:\/\/www.linkedin.com\/company\/347094\/\",\"https:\/\/www.pinterest.fr\/inspirationsphotoweb\/_created\/\",\"https:\/\/www.youtube.com\/channel\/UCtcVmTvkAzKQLVkiwfOm8sg\"]},{\"@type\":\"Person\",\"@id\":\"https:\/\/www.photoweb.fr\/espaces\/magazine\/#\/schema\/person\/111451a615bb7cbe790bf8b1d6b24391\",\"name\":\"melanie\"}]}<\/script>\n<!-- \/ Yoast SEO plugin. -->","yoast_head_json":{"title":"Pochette personnalis\u00e9e : votre pochette en tissu pour voyager","description":"A la recherche d\u2019une pochette pour ranger tous vos effets personnels de type maquillage, produits de beaut\u00e9, autres ? D\u00e9couvrez la pochette personnalis\u00e9e !","robots":{"index":"index","follow":"follow","max-snippet":"max-snippet:-1","max-image-preview":"max-image-preview:large","max-video-preview":"max-video-preview:-1"},"canonical":"https:\/\/www.photoweb.fr\/espaces\/magazine\/pochette-personnalisee-pour-voyager\/","og_locale":"fr_FR","og_type":"article","og_title":"Pochette personnalis\u00e9e : votre pochette en tissu pour voyager","og_description":"A la recherche d\u2019une pochette pour ranger tous vos effets personnels de type maquillage, produits de beaut\u00e9, autres ? D\u00e9couvrez la pochette personnalis\u00e9e !","og_url":"https:\/\/www.photoweb.fr\/espaces\/magazine\/pochette-personnalisee-pour-voyager\/","og_site_name":"Photoweb, le mag","article_publisher":"https:\/\/fr-fr.facebook.com\/Photoweb.fr\/","article_published_time":"2018-12-05T14:45:31+00:00","article_modified_time":"2022-11-04T13:21:11+00:00","og_image":[{"width":800,"height":600,"url":"https:\/\/www.photoweb.fr\/espaces\/magazine\/wp-content\/uploads\/2018\/12\/pochette-personnalisee.jpg","type":"image\/jpeg"}],"author":"melanie","twitter_card":"summary_large_image","twitter_creator":"@Photoweb_fr","twitter_site":"@Photoweb_fr","twitter_misc":{"\u00c9crit par":"melanie","Dur\u00e9e de lecture estim\u00e9e":"2 minutes"},"schema":{"@context":"https:\/\/schema.org","@graph":[{"@type":"Article","@id":"https:\/\/www.photoweb.fr\/espaces\/magazine\/pochette-personnalisee-pour-voyager\/#article","isPartOf":{"@id":"https:\/\/www.photoweb.fr\/espaces\/magazine\/pochette-personnalisee-pour-voyager\/"},"author":{"name":"melanie","@id":"https:\/\/www.photoweb.fr\/espaces\/magazine\/#\/schema\/person\/111451a615bb7cbe790bf8b1d6b24391"},"headline":"Pochette personnalis\u00e9e : votre pochette en tissu pour voyager","datePublished":"2018-12-05T14:45:31+00:00","dateModified":"2022-11-04T13:21:11+00:00","mainEntityOfPage":{"@id":"https:\/\/www.photoweb.fr\/espaces\/magazine\/pochette-personnalisee-pour-voyager\/"},"wordCount":482,"commentCount":0,"publisher":{"@id":"https:\/\/www.photoweb.fr\/espaces\/magazine\/#organization"},"articleSection":["Escapade"],"inLanguage":"fr-FR","potentialAction":[{"@type":"CommentAction","name":"Comment","target":["https:\/\/www.photoweb.fr\/espaces\/magazine\/pochette-personnalisee-pour-voyager\/#respond"]}]},{"@type":"WebPage","@id":"https:\/\/www.photoweb.fr\/espaces\/magazine\/pochette-personnalisee-pour-voyager\/","url":"https:\/\/www.photoweb.fr\/espaces\/magazine\/pochette-personnalisee-pour-voyager\/","name":"Pochette personnalis\u00e9e : votre pochette en tissu pour voyager","isPartOf":{"@id":"https:\/\/www.photoweb.fr\/espaces\/magazine\/#website"},"datePublished":"2018-12-05T14:45:31+00:00","dateModified":"2022-11-04T13:21:11+00:00","description":"A la recherche d\u2019une pochette pour ranger tous vos effets personnels de type maquillage, produits de beaut\u00e9, autres ? D\u00e9couvrez la pochette personnalis\u00e9e !","breadcrumb":{"@id":"https:\/\/www.photoweb.fr\/espaces\/magazine\/pochette-personnalisee-pour-voyager\/#breadcrumb"},"inLanguage":"fr-FR","potentialAction":[{"@type":"ReadAction","target":["https:\/\/www.photoweb.fr\/espaces\/magazine\/pochette-personnalisee-pour-voyager\/"]}]},{"@type":"BreadcrumbList","@id":"https:\/\/www.photoweb.fr\/espaces\/magazine\/pochette-personnalisee-pour-voyager\/#breadcrumb","itemListElement":[{"@type":"ListItem","position":1,"name":"Accueil","item":"https:\/\/www.photoweb.fr\/espaces\/magazine\/"},{"@type":"ListItem","position":2,"name":"Escapade","item":"https:\/\/www.photoweb.fr\/espaces\/magazine\/escapade\/"},{"@type":"ListItem","position":3,"name":"Pochette personnalis\u00e9e : votre pochette en tissu pour voyager"}]},{"@type":"WebSite","@id":"https:\/\/www.photoweb.fr\/espaces\/magazine\/#website","url":"https:\/\/www.photoweb.fr\/espaces\/magazine\/","name":"Photoweb, le mag","description":"Le magazine de Photoweb","publisher":{"@id":"https:\/\/www.photoweb.fr\/espaces\/magazine\/#organization"},"potentialAction":[{"@type":"SearchAction","target":{"@type":"EntryPoint","urlTemplate":"https:\/\/www.photoweb.fr\/espaces\/magazine\/?s={search_term_string}"},"query-input":"required name=search_term_string"}],"inLanguage":"fr-FR"},{"@type":"Organization","@id":"https:\/\/www.photoweb.fr\/espaces\/magazine\/#organization","name":"Photoweb","url":"https:\/\/www.photoweb.fr\/espaces\/magazine\/","logo":{"@type":"ImageObject","inLanguage":"fr-FR","@id":"https:\/\/www.photoweb.fr\/espaces\/magazine\/#\/schema\/logo\/image\/","url":"https:\/\/www.photoweb.fr\/espaces\/magazine\/wp-content\/uploads\/2021\/02\/Logo-Photoweb.jpg","contentUrl":"https:\/\/www.photoweb.fr\/espaces\/magazine\/wp-content\/uploads\/2021\/02\/Logo-Photoweb.jpg","width":780,"height":456,"caption":"Photoweb"},"image":{"@id":"https:\/\/www.photoweb.fr\/espaces\/magazine\/#\/schema\/logo\/image\/"},"sameAs":["https:\/\/fr-fr.facebook.com\/Photoweb.fr\/","https:\/\/twitter.com\/Photoweb_fr","https:\/\/www.instagram.com\/photowebfr\/","https:\/\/www.linkedin.com\/company\/347094\/","https:\/\/www.pinterest.fr\/inspirationsphotoweb\/_created\/","https:\/\/www.youtube.com\/channel\/UCtcVmTvkAzKQLVkiwfOm8sg"]},{"@type":"Person","@id":"https:\/\/www.photoweb.fr\/espaces\/magazine\/#\/schema\/person\/111451a615bb7cbe790bf8b1d6b24391","name":"melanie"}]}},"acf":[],"_links":{"self":[{"href":"https:\/\/www.photoweb.fr\/espaces\/magazine\/wp-json\/wp\/v2\/posts\/7285","targetHints":{"allow":["GET"]}}],"collection":[{"href":"https:\/\/www.photoweb.fr\/espaces\/magazine\/wp-json\/wp\/v2\/posts"}],"about":[{"href":"https:\/\/www.photoweb.fr\/espaces\/magazine\/wp-json\/wp\/v2\/types\/post"}],"author":[{"embeddable":true,"href":"https:\/\/www.photoweb.fr\/espaces\/magazine\/wp-json\/wp\/v2\/users\/21"}],"replies":[{"embeddable":true,"href":"https:\/\/www.photoweb.fr\/espaces\/magazine\/wp-json\/wp\/v2\/comments?post=7285"}],"version-history":[{"count":2,"href":"https:\/\/www.photoweb.fr\/espaces\/magazine\/wp-json\/wp\/v2\/posts\/7285\/revisions"}],"predecessor-version":[{"id":11858,"href":"https:\/\/www.photoweb.fr\/espaces\/magazine\/wp-json\/wp\/v2\/posts\/7285\/revisions\/11858"}],"wp:featuredmedia":[{"embeddable":true,"href":"https:\/\/www.photoweb.fr\/espaces\/magazine\/wp-json\/wp\/v2\/media\/7286"}],"wp:attachment":[{"href":"https:\/\/www.photoweb.fr\/espaces\/magazine\/wp-json\/wp\/v2\/media?parent=7285"}],"wp:term":[{"taxonomy":"category","embeddable":true,"href":"https:\/\/www.photoweb.fr\/espaces\/magazine\/wp-json\/wp\/v2\/categories?post=7285"},{"taxonomy":"post_tag","embeddable":true,"href":"https:\/\/www.photoweb.fr\/espaces\/magazine\/wp-json\/wp\/v2\/tags?post=7285"}],"curies":[{"name":"wp","href":"https:\/\/api.w.org\/{rel}","templated":true}]}}