{"id":7417,"date":"2018-11-26T10:35:54","date_gmt":"2018-11-26T10:35:54","guid":{"rendered":"https:\/\/www.photoweb.fr\/espaces\/magazine\/magazine\/?p=7417"},"modified":"2022-06-22T14:18:17","modified_gmt":"2022-06-22T14:18:17","slug":"triptyque-photo-personnalise","status":"publish","type":"post","link":"https:\/\/www.photoweb.fr\/espaces\/magazine\/triptyque-photo-personnalise\/","title":{"rendered":"Triptyque photo : vos cr\u00e9ations en trois volets personnalis\u00e9s"},"content":{"rendered":"\n<p>A la recherche d\u2019id\u00e9es pour d\u00e9corer votre int\u00e9rieur ? Pour sublimer vos plus belles photos, d\u00e9couvrez aujourd\u2019hui le <strong>triptyque photo<\/strong> personnalis\u00e9, une ambiance \u00ab p\u00eale-m\u00eale \u00bb originale et authentique !<\/p>\n<h2>Qu\u2019est-ce qu\u2019un triptyque photo ?<\/h2>\n<p>Il existe trois types de triptyques photo vous permettant de valoriser vos plus belles images :<\/p>\n<p>1# Le premier consiste \u00e0 diviser votre photo pr\u00e9f\u00e9r\u00e9e en 3 volets, ni plus ni moins. La photo est enti\u00e8re.<\/p>\n<p>2# Le deuxi\u00e8me triptyque photo divise une seule et unique photo en 3 volets, mais chaque tableau triptyque met en exergue une partie de la photo (sous forme de zoom par exemple, cf. photo principale de l\u2019article). La photo n\u2019est pas forc\u00e9ment enti\u00e8re, on peut apercevoir que certaines parties.<\/p>\n<p>3# La troisi\u00e8me id\u00e9e est un triptyque o\u00f9 chaque volet contient une photo diff\u00e9rente, de m\u00eame th\u00e9matique ou non. C\u2019est ce que l\u2019on verra l\u2019exemple des photos r\u00e9tros (contexte diff\u00e9rent) ou des cerfs plus bas (m\u00eame th\u00e8me).<\/p>\n<h2>Triptyque photo &amp; r\u00e9tro<\/h2>\n<p>Vous \u00eates fan de la d\u00e9co vintage ? Cette petite id\u00e9e vous plaira \u00e0 coup s\u00fbr ! Retrouvez dans la boutique Photoweb nos bo\u00eetes \u00e0 photos \u00e0 l\u2019ambiance vintage ou r\u00e9tro. Fa\u00e7on r\u00e9tro, ces tirages photo originaux pourront faire l\u2019objet de belles d\u00e9corations.<\/p>\n<p>Coupl\u00e9es \u00e0 un cadre, il est possible de r\u00e9aliser de jolis triptyques photo pour pas cher. En effet, nos boites \u00e0 photos sont disponibles \u00e0 partir de 9,90\u20ac, de quoi d\u00e9corer son int\u00e9rieur \u00e0 volont\u00e9.<\/p>\n<p><u>Note :<\/u> pour r\u00e9aliser cette id\u00e9e, si vous souhaitez encadrer vos photos r\u00e9tro, il faudra vous procurer vous-m\u00eame votre cadre photo dans une boutique sp\u00e9cialis\u00e9e.<\/p>\n<p><em>Source : https:\/\/www.pinterest.fr\/pin\/308496643217314757\/<\/em><\/p>\n<p>\t\t\t\t<img loading=\"lazy\" decoding=\"async\" src=\"https:\/\/www.photoweb.fr\/espaces\/magazine\/wp-content\/uploads\/2018\/11\/triptyque-photo-2.jpg\" alt=\"triptyque photo\" height=\"600\" width=\"800\" title=\"triptyque photo\" \/><\/p>\n<h2>R\u00e9aliser un triptyque photo avec le poster photo encadr\u00e9<\/h2>\n<p>Avec le poster encadr\u00e9, regardez l\u2019effet que vous pouvez donner \u00e0 votre salon, une chambre, un couloir, une entr\u00e9e\u2026 Disponibles en diff\u00e9rentes tailles et formats, ce support vous permettra de r\u00e9aliser de superbes triptyques photo en un clin d\u2019\u0153il !<\/p>\n<p>Remarque : il est tout \u00e0 fait possible de s\u2019inspirer de cette id\u00e9e en choisissant d\u2019autres supports comme l\u2019<a href=\"https:\/\/www.photoweb.fr\/decoration-murale\/photo-sur-toile\">impression sur toile<\/a> triptyque, le <a href=\"https:\/\/www.photoweb.fr\/decoration-murale\/tableau-photo-pvc\">porte photo mural<\/a> PVC, alu ou <a href=\"https:\/\/www.photoweb.fr\/decoration-murale\/tableau-photo-plexi\">tableau mural<\/a> plexi.<\/p>\n<p><em>Source : https:\/\/www.pinterest.fr\/pin\/439382507393042706\/<\/em><\/p>\n<p>\t\t\t\t<img loading=\"lazy\" decoding=\"async\" src=\"https:\/\/www.photoweb.fr\/espaces\/magazine\/wp-content\/uploads\/2018\/11\/triptyque-photo-3.jpg\" alt=\"triptyque photo\" height=\"600\" width=\"800\" title=\"triptyque photo\" \/><\/p>\n<h2>Un peu d\u2019histoire sur le triptyque photo<\/h2>\n<p>Historiquement, le triptyque est une peinture ou une sculpture compos\u00e9e d\u2019un panneau central et de deux volets mobiles pouvant se rabattre. Il s\u2019agit d\u2019une \u0153uvre que l\u2019on rencontrait beaucoup dans les \u00e9glises au XII\u00e8me et XIII\u00e8me si\u00e8cles.<\/p>\n<p>Depuis quelques ann\u00e9es, la photographie s\u2019est accapar\u00e9e le concept pour mettre en avant des photos \u00e0 th\u00e9matiques diverses et vari\u00e9es. De l\u00e0 est n\u00e9 le triptyque photo, une mani\u00e8re originale et surprenante de sublimer vos plus belles photos dans tous vos int\u00e9rieurs.<\/p>\n","protected":false},"excerpt":{"rendered":"<p>D\u00e9couvrez dans cet article quelques id\u00e9es de triptyques photo, dans le but de vous inspirer pour la refonte de votre d\u00e9co d\u2019int\u00e9rieure ! Nos produits peuvent totalement s\u2019adapter \u00e0 ce concept, s\u2019ils sont bien choisis et bien confectionn\u00e9s. On vous informe sur ce qu\u2019est un triptyque photo et comment obtenir une d\u00e9co personnalis\u00e9e facilement. Plusieurs types de triptyques vous aideront \u00e0 choisir celui qu\u2019il vous faut. Sublimez d\u00e8s aujourd\u2019hui vos plus belles photos au moyen d\u2019un support personnalis\u00e9, et imprimez vos plus beaux souvenirs pour qu\u2019ils vous suivent au quotidien. Notre logiciel de cr\u00e9ation vous offrira de bien nombreuses possibilit\u00e9s cr\u00e9atives, afin que votre \u00e2me d\u2019artiste sorte en plein jour. En plus, une d\u00e9co triptyque ne co\u00fbte pas plus cher ! Au contraire, avec nos astuces, vous pouvez faire la diff\u00e9rence pour moins de 10\u20ac. Alors, \u00eates-vous tent\u00e9 pour l\u2019aventure du cadre photo triptyque ou tableau triptyque ? Lisez ces quelques lignes et \u00e0 vous la d\u00e9co unique !<\/p>\n","protected":false},"author":21,"featured_media":7419,"comment_status":"open","ping_status":"open","sticky":false,"template":"single-standard.php","format":"standard","meta":{"footnotes":""},"categories":[5],"tags":[99],"class_list":["post-7417","post","type-post","status-publish","format-standard","has-post-thumbnail","hentry","category-carnet-de-tendances","tag-montage-photo-en-ligne"],"yoast_head":"<!-- This site is optimized with the Yoast SEO plugin v20.3 - https:\/\/yoast.com\/wordpress\/plugins\/seo\/ -->\n<title>Triptyque photo : vos cr\u00e9ations en trois volets personnalis\u00e9s<\/title>\n<meta name=\"description\" content=\"D\u00e9couvrez dans cet article quelques id\u00e9es de triptyques photo, pour r\u00e9aliser de superbes cr\u00e9ations et ainsi d\u00e9corer votre int\u00e9rieur de fa\u00e7on personnalis\u00e9e !\" \/>\n<meta name=\"robots\" content=\"index, follow, max-snippet:-1, max-image-preview:large, max-video-preview:-1\" \/>\n<link rel=\"canonical\" href=\"https:\/\/www.photoweb.fr\/espaces\/magazine\/triptyque-photo-personnalise\/\" \/>\n<meta property=\"og:locale\" content=\"fr_FR\" \/>\n<meta property=\"og:type\" content=\"article\" \/>\n<meta property=\"og:title\" content=\"Triptyque photo : vos cr\u00e9ations en trois volets personnalis\u00e9s\" \/>\n<meta property=\"og:description\" content=\"D\u00e9couvrez dans cet article quelques id\u00e9es de triptyques photo, pour r\u00e9aliser de superbes cr\u00e9ations et ainsi d\u00e9corer votre int\u00e9rieur de fa\u00e7on personnalis\u00e9e !\" \/>\n<meta property=\"og:url\" content=\"https:\/\/www.photoweb.fr\/espaces\/magazine\/triptyque-photo-personnalise\/\" \/>\n<meta property=\"og:site_name\" content=\"Photoweb, le mag\" \/>\n<meta property=\"article:publisher\" content=\"https:\/\/fr-fr.facebook.com\/Photoweb.fr\/\" \/>\n<meta property=\"article:published_time\" content=\"2018-11-26T10:35:54+00:00\" \/>\n<meta property=\"article:modified_time\" content=\"2022-06-22T14:18:17+00:00\" \/>\n<meta property=\"og:image\" content=\"https:\/\/www.photoweb.fr\/espaces\/magazine\/wp-content\/uploads\/2018\/12\/triptyque-photo.jpg\" \/>\n\t<meta property=\"og:image:width\" content=\"800\" \/>\n\t<meta property=\"og:image:height\" content=\"600\" \/>\n\t<meta property=\"og:image:type\" content=\"image\/jpeg\" \/>\n<meta name=\"author\" content=\"melanie\" \/>\n<meta name=\"twitter:card\" content=\"summary_large_image\" \/>\n<meta name=\"twitter:creator\" content=\"@Photoweb_fr\" \/>\n<meta name=\"twitter:site\" content=\"@Photoweb_fr\" \/>\n<meta name=\"twitter:label1\" content=\"\u00c9crit par\" \/>\n\t<meta name=\"twitter:data1\" content=\"melanie\" \/>\n\t<meta name=\"twitter:label2\" content=\"Dur\u00e9e de lecture estim\u00e9e\" \/>\n\t<meta name=\"twitter:data2\" content=\"2 minutes\" \/>\n<script type=\"application\/ld+json\" class=\"yoast-schema-graph\">{\"@context\":\"https:\/\/schema.org\",\"@graph\":[{\"@type\":\"Article\",\"@id\":\"https:\/\/www.photoweb.fr\/espaces\/magazine\/triptyque-photo-personnalise\/#article\",\"isPartOf\":{\"@id\":\"https:\/\/www.photoweb.fr\/espaces\/magazine\/triptyque-photo-personnalise\/\"},\"author\":{\"name\":\"melanie\",\"@id\":\"https:\/\/www.photoweb.fr\/espaces\/magazine\/#\/schema\/person\/111451a615bb7cbe790bf8b1d6b24391\"},\"headline\":\"Triptyque photo : vos cr\u00e9ations en trois volets personnalis\u00e9s\",\"datePublished\":\"2018-11-26T10:35:54+00:00\",\"dateModified\":\"2022-06-22T14:18:17+00:00\",\"mainEntityOfPage\":{\"@id\":\"https:\/\/www.photoweb.fr\/espaces\/magazine\/triptyque-photo-personnalise\/\"},\"wordCount\":503,\"commentCount\":0,\"publisher\":{\"@id\":\"https:\/\/www.photoweb.fr\/espaces\/magazine\/#organization\"},\"keywords\":[\"Montage photo en ligne\"],\"articleSection\":[\"Carnet de tendance\"],\"inLanguage\":\"fr-FR\",\"potentialAction\":[{\"@type\":\"CommentAction\",\"name\":\"Comment\",\"target\":[\"https:\/\/www.photoweb.fr\/espaces\/magazine\/triptyque-photo-personnalise\/#respond\"]}]},{\"@type\":\"WebPage\",\"@id\":\"https:\/\/www.photoweb.fr\/espaces\/magazine\/triptyque-photo-personnalise\/\",\"url\":\"https:\/\/www.photoweb.fr\/espaces\/magazine\/triptyque-photo-personnalise\/\",\"name\":\"Triptyque photo : vos cr\u00e9ations en trois volets personnalis\u00e9s\",\"isPartOf\":{\"@id\":\"https:\/\/www.photoweb.fr\/espaces\/magazine\/#website\"},\"datePublished\":\"2018-11-26T10:35:54+00:00\",\"dateModified\":\"2022-06-22T14:18:17+00:00\",\"description\":\"D\u00e9couvrez dans cet article quelques id\u00e9es de triptyques photo, pour r\u00e9aliser de superbes cr\u00e9ations et ainsi d\u00e9corer votre int\u00e9rieur de fa\u00e7on personnalis\u00e9e !\",\"breadcrumb\":{\"@id\":\"https:\/\/www.photoweb.fr\/espaces\/magazine\/triptyque-photo-personnalise\/#breadcrumb\"},\"inLanguage\":\"fr-FR\",\"potentialAction\":[{\"@type\":\"ReadAction\",\"target\":[\"https:\/\/www.photoweb.fr\/espaces\/magazine\/triptyque-photo-personnalise\/\"]}]},{\"@type\":\"BreadcrumbList\",\"@id\":\"https:\/\/www.photoweb.fr\/espaces\/magazine\/triptyque-photo-personnalise\/#breadcrumb\",\"itemListElement\":[{\"@type\":\"ListItem\",\"position\":1,\"name\":\"Accueil\",\"item\":\"https:\/\/www.photoweb.fr\/espaces\/magazine\/\"},{\"@type\":\"ListItem\",\"position\":2,\"name\":\"Carnet de tendance\",\"item\":\"https:\/\/www.photoweb.fr\/espaces\/magazine\/carnet-de-tendances\/\"},{\"@type\":\"ListItem\",\"position\":3,\"name\":\"Triptyque photo : vos cr\u00e9ations en trois volets personnalis\u00e9s\"}]},{\"@type\":\"WebSite\",\"@id\":\"https:\/\/www.photoweb.fr\/espaces\/magazine\/#website\",\"url\":\"https:\/\/www.photoweb.fr\/espaces\/magazine\/\",\"name\":\"Photoweb, le mag\",\"description\":\"Le magazine de Photoweb\",\"publisher\":{\"@id\":\"https:\/\/www.photoweb.fr\/espaces\/magazine\/#organization\"},\"potentialAction\":[{\"@type\":\"SearchAction\",\"target\":{\"@type\":\"EntryPoint\",\"urlTemplate\":\"https:\/\/www.photoweb.fr\/espaces\/magazine\/?s={search_term_string}\"},\"query-input\":\"required name=search_term_string\"}],\"inLanguage\":\"fr-FR\"},{\"@type\":\"Organization\",\"@id\":\"https:\/\/www.photoweb.fr\/espaces\/magazine\/#organization\",\"name\":\"Photoweb\",\"url\":\"https:\/\/www.photoweb.fr\/espaces\/magazine\/\",\"logo\":{\"@type\":\"ImageObject\",\"inLanguage\":\"fr-FR\",\"@id\":\"https:\/\/www.photoweb.fr\/espaces\/magazine\/#\/schema\/logo\/image\/\",\"url\":\"https:\/\/www.photoweb.fr\/espaces\/magazine\/wp-content\/uploads\/2021\/02\/Logo-Photoweb.jpg\",\"contentUrl\":\"https:\/\/www.photoweb.fr\/espaces\/magazine\/wp-content\/uploads\/2021\/02\/Logo-Photoweb.jpg\",\"width\":780,\"height\":456,\"caption\":\"Photoweb\"},\"image\":{\"@id\":\"https:\/\/www.photoweb.fr\/espaces\/magazine\/#\/schema\/logo\/image\/\"},\"sameAs\":[\"https:\/\/fr-fr.facebook.com\/Photoweb.fr\/\",\"https:\/\/twitter.com\/Photoweb_fr\",\"https:\/\/www.instagram.com\/photowebfr\/\",\"https:\/\/www.linkedin.com\/company\/347094\/\",\"https:\/\/www.pinterest.fr\/inspirationsphotoweb\/_created\/\",\"https:\/\/www.youtube.com\/channel\/UCtcVmTvkAzKQLVkiwfOm8sg\"]},{\"@type\":\"Person\",\"@id\":\"https:\/\/www.photoweb.fr\/espaces\/magazine\/#\/schema\/person\/111451a615bb7cbe790bf8b1d6b24391\",\"name\":\"melanie\"}]}<\/script>\n<!-- \/ Yoast SEO plugin. -->","yoast_head_json":{"title":"Triptyque photo : vos cr\u00e9ations en trois volets personnalis\u00e9s","description":"D\u00e9couvrez dans cet article quelques id\u00e9es de triptyques photo, pour r\u00e9aliser de superbes cr\u00e9ations et ainsi d\u00e9corer votre int\u00e9rieur de fa\u00e7on personnalis\u00e9e !","robots":{"index":"index","follow":"follow","max-snippet":"max-snippet:-1","max-image-preview":"max-image-preview:large","max-video-preview":"max-video-preview:-1"},"canonical":"https:\/\/www.photoweb.fr\/espaces\/magazine\/triptyque-photo-personnalise\/","og_locale":"fr_FR","og_type":"article","og_title":"Triptyque photo : vos cr\u00e9ations en trois volets personnalis\u00e9s","og_description":"D\u00e9couvrez dans cet article quelques id\u00e9es de triptyques photo, pour r\u00e9aliser de superbes cr\u00e9ations et ainsi d\u00e9corer votre int\u00e9rieur de fa\u00e7on personnalis\u00e9e !","og_url":"https:\/\/www.photoweb.fr\/espaces\/magazine\/triptyque-photo-personnalise\/","og_site_name":"Photoweb, le mag","article_publisher":"https:\/\/fr-fr.facebook.com\/Photoweb.fr\/","article_published_time":"2018-11-26T10:35:54+00:00","article_modified_time":"2022-06-22T14:18:17+00:00","og_image":[{"width":800,"height":600,"url":"https:\/\/www.photoweb.fr\/espaces\/magazine\/wp-content\/uploads\/2018\/12\/triptyque-photo.jpg","type":"image\/jpeg"}],"author":"melanie","twitter_card":"summary_large_image","twitter_creator":"@Photoweb_fr","twitter_site":"@Photoweb_fr","twitter_misc":{"\u00c9crit par":"melanie","Dur\u00e9e de lecture estim\u00e9e":"2 minutes"},"schema":{"@context":"https:\/\/schema.org","@graph":[{"@type":"Article","@id":"https:\/\/www.photoweb.fr\/espaces\/magazine\/triptyque-photo-personnalise\/#article","isPartOf":{"@id":"https:\/\/www.photoweb.fr\/espaces\/magazine\/triptyque-photo-personnalise\/"},"author":{"name":"melanie","@id":"https:\/\/www.photoweb.fr\/espaces\/magazine\/#\/schema\/person\/111451a615bb7cbe790bf8b1d6b24391"},"headline":"Triptyque photo : vos cr\u00e9ations en trois volets personnalis\u00e9s","datePublished":"2018-11-26T10:35:54+00:00","dateModified":"2022-06-22T14:18:17+00:00","mainEntityOfPage":{"@id":"https:\/\/www.photoweb.fr\/espaces\/magazine\/triptyque-photo-personnalise\/"},"wordCount":503,"commentCount":0,"publisher":{"@id":"https:\/\/www.photoweb.fr\/espaces\/magazine\/#organization"},"keywords":["Montage photo en ligne"],"articleSection":["Carnet de tendance"],"inLanguage":"fr-FR","potentialAction":[{"@type":"CommentAction","name":"Comment","target":["https:\/\/www.photoweb.fr\/espaces\/magazine\/triptyque-photo-personnalise\/#respond"]}]},{"@type":"WebPage","@id":"https:\/\/www.photoweb.fr\/espaces\/magazine\/triptyque-photo-personnalise\/","url":"https:\/\/www.photoweb.fr\/espaces\/magazine\/triptyque-photo-personnalise\/","name":"Triptyque photo : vos cr\u00e9ations en trois volets personnalis\u00e9s","isPartOf":{"@id":"https:\/\/www.photoweb.fr\/espaces\/magazine\/#website"},"datePublished":"2018-11-26T10:35:54+00:00","dateModified":"2022-06-22T14:18:17+00:00","description":"D\u00e9couvrez dans cet article quelques id\u00e9es de triptyques photo, pour r\u00e9aliser de superbes cr\u00e9ations et ainsi d\u00e9corer votre int\u00e9rieur de fa\u00e7on personnalis\u00e9e !","breadcrumb":{"@id":"https:\/\/www.photoweb.fr\/espaces\/magazine\/triptyque-photo-personnalise\/#breadcrumb"},"inLanguage":"fr-FR","potentialAction":[{"@type":"ReadAction","target":["https:\/\/www.photoweb.fr\/espaces\/magazine\/triptyque-photo-personnalise\/"]}]},{"@type":"BreadcrumbList","@id":"https:\/\/www.photoweb.fr\/espaces\/magazine\/triptyque-photo-personnalise\/#breadcrumb","itemListElement":[{"@type":"ListItem","position":1,"name":"Accueil","item":"https:\/\/www.photoweb.fr\/espaces\/magazine\/"},{"@type":"ListItem","position":2,"name":"Carnet de tendance","item":"https:\/\/www.photoweb.fr\/espaces\/magazine\/carnet-de-tendances\/"},{"@type":"ListItem","position":3,"name":"Triptyque photo : vos cr\u00e9ations en trois volets personnalis\u00e9s"}]},{"@type":"WebSite","@id":"https:\/\/www.photoweb.fr\/espaces\/magazine\/#website","url":"https:\/\/www.photoweb.fr\/espaces\/magazine\/","name":"Photoweb, le mag","description":"Le magazine de Photoweb","publisher":{"@id":"https:\/\/www.photoweb.fr\/espaces\/magazine\/#organization"},"potentialAction":[{"@type":"SearchAction","target":{"@type":"EntryPoint","urlTemplate":"https:\/\/www.photoweb.fr\/espaces\/magazine\/?s={search_term_string}"},"query-input":"required name=search_term_string"}],"inLanguage":"fr-FR"},{"@type":"Organization","@id":"https:\/\/www.photoweb.fr\/espaces\/magazine\/#organization","name":"Photoweb","url":"https:\/\/www.photoweb.fr\/espaces\/magazine\/","logo":{"@type":"ImageObject","inLanguage":"fr-FR","@id":"https:\/\/www.photoweb.fr\/espaces\/magazine\/#\/schema\/logo\/image\/","url":"https:\/\/www.photoweb.fr\/espaces\/magazine\/wp-content\/uploads\/2021\/02\/Logo-Photoweb.jpg","contentUrl":"https:\/\/www.photoweb.fr\/espaces\/magazine\/wp-content\/uploads\/2021\/02\/Logo-Photoweb.jpg","width":780,"height":456,"caption":"Photoweb"},"image":{"@id":"https:\/\/www.photoweb.fr\/espaces\/magazine\/#\/schema\/logo\/image\/"},"sameAs":["https:\/\/fr-fr.facebook.com\/Photoweb.fr\/","https:\/\/twitter.com\/Photoweb_fr","https:\/\/www.instagram.com\/photowebfr\/","https:\/\/www.linkedin.com\/company\/347094\/","https:\/\/www.pinterest.fr\/inspirationsphotoweb\/_created\/","https:\/\/www.youtube.com\/channel\/UCtcVmTvkAzKQLVkiwfOm8sg"]},{"@type":"Person","@id":"https:\/\/www.photoweb.fr\/espaces\/magazine\/#\/schema\/person\/111451a615bb7cbe790bf8b1d6b24391","name":"melanie"}]}},"acf":[],"_links":{"self":[{"href":"https:\/\/www.photoweb.fr\/espaces\/magazine\/wp-json\/wp\/v2\/posts\/7417","targetHints":{"allow":["GET"]}}],"collection":[{"href":"https:\/\/www.photoweb.fr\/espaces\/magazine\/wp-json\/wp\/v2\/posts"}],"about":[{"href":"https:\/\/www.photoweb.fr\/espaces\/magazine\/wp-json\/wp\/v2\/types\/post"}],"author":[{"embeddable":true,"href":"https:\/\/www.photoweb.fr\/espaces\/magazine\/wp-json\/wp\/v2\/users\/21"}],"replies":[{"embeddable":true,"href":"https:\/\/www.photoweb.fr\/espaces\/magazine\/wp-json\/wp\/v2\/comments?post=7417"}],"version-history":[{"count":1,"href":"https:\/\/www.photoweb.fr\/espaces\/magazine\/wp-json\/wp\/v2\/posts\/7417\/revisions"}],"predecessor-version":[{"id":11532,"href":"https:\/\/www.photoweb.fr\/espaces\/magazine\/wp-json\/wp\/v2\/posts\/7417\/revisions\/11532"}],"wp:featuredmedia":[{"embeddable":true,"href":"https:\/\/www.photoweb.fr\/espaces\/magazine\/wp-json\/wp\/v2\/media\/7419"}],"wp:attachment":[{"href":"https:\/\/www.photoweb.fr\/espaces\/magazine\/wp-json\/wp\/v2\/media?parent=7417"}],"wp:term":[{"taxonomy":"category","embeddable":true,"href":"https:\/\/www.photoweb.fr\/espaces\/magazine\/wp-json\/wp\/v2\/categories?post=7417"},{"taxonomy":"post_tag","embeddable":true,"href":"https:\/\/www.photoweb.fr\/espaces\/magazine\/wp-json\/wp\/v2\/tags?post=7417"}],"curies":[{"name":"wp","href":"https:\/\/api.w.org\/{rel}","templated":true}]}}