{"id":7425,"date":"2018-11-09T14:00:11","date_gmt":"2018-11-09T14:00:11","guid":{"rendered":"https:\/\/www.photoweb.fr\/espaces\/magazine\/magazine\/?p=7425"},"modified":"2022-06-22T14:18:43","modified_gmt":"2022-06-22T14:18:43","slug":"montage-photo-noel","status":"publish","type":"post","link":"https:\/\/www.photoweb.fr\/espaces\/magazine\/montage-photo-noel\/","title":{"rendered":"Montage photo No\u00ebl : souhaitez un Joyeux No\u00ebl personnalis\u00e9"},"content":{"rendered":"\n<p>Vous souhaitez \u00e9crire \u00e0 vos proches pour les f\u00eates de fin d\u2019ann\u00e9e et plus particuli\u00e8rement pour le 25 d\u00e9cembre ? No\u00ebl est une p\u00e9riode de retrouvailles et de partage, alors voici un tuto pour cr\u00e9er votre propre <strong>montage photo de No\u00ebl<\/strong> de vos plus belles photos souvenir !<\/p>\n<h2>Montage photo de No\u00ebl : quelles photos ?<\/h2>\n<p>L\u2019\u00e9tape la plus importante pour bien d\u00e9marrer la cr\u00e9ation de votre montage photo de No\u00ebl, c\u2019est bien le choix de vos photos. Quelles images choisir pour l\u2019impression ?<\/p>\n<p>Trier ses clich\u00e9s, souvent r\u00e9partis dans plusieurs appareils, n\u2019est jamais une chose facile. Peut-\u00eatre commencez par les photos des f\u00eates de fin d\u2019ann\u00e9e pass\u00e9es ? Si jamais vous trouvez quelques photos de vous et vos proches avec des bonnets de No\u00ebl, une coupe de champagne \u00e0 la main, ou entour\u00e9s de cadeaux pr\u00e8s du sapin\u2026 Il n\u2019y a rien de mieux pour coller au contexte !<\/p>\n<p>Notre petit conseil : veillez \u00e0 toujours s\u00e9lectionner des photos de bonne qualit\u00e9 pour votre montage photo de No\u00ebl. Pourquoi ? Sinon, vous allez avoir des surprises \u00e0 l\u2019impression\u2026 Les clich\u00e9s \u00e0 haute r\u00e9solution sont pr\u00e9f\u00e9r\u00e9s (plus le nombre de pixels est important, mieux c\u2019est !).<\/p>\n<h2>De nombreux mod\u00e8les de cartes de v\u0153ux !<\/h2>\n<p>Pour un montage photo de No\u00ebl r\u00e9ussi, et r\u00e9alis\u00e9 en seulement quelques minutes, il est pr\u00e9f\u00e9rable de partir sur des mod\u00e8les pr\u00e9con\u00e7us. Notre boutique regorge de designs aussi jolis et \u00e0 croquer les uns que les autres ! Cr\u00e9er des montages photo n\u2019a donc jamais \u00e9t\u00e9 aussi facile. En plus, une fois votre mod\u00e8le choisi, notre logiciel de cr\u00e9ation vous fait tout le boulot\u2026 Quasiment. Il ne vous reste qu\u2019\u00e0 suivre le guide, et le tour est jou\u00e9 !<\/p>\n<p>\t\t\t\t<img loading=\"lazy\" decoding=\"async\" src=\"https:\/\/www.photoweb.fr\/espaces\/magazine\/wp-content\/uploads\/2018\/11\/montage-photo-noel-2.jpg\" alt=\"montage photo noel\" height=\"300\" width=\"800\" title=\"montage photo noel\" \/><\/p>\n<h2>Montage photo de No\u00ebl : les autres supports !<\/h2>\n<p>Si jamais il vous vient l\u2019id\u00e9e de souhaiter un Joyeux No\u00ebl autrement que par une carte de v\u0153ux, c\u2019est tout \u00e0 fait possible. Chez Photoweb, nous proposons de nombreux objets personnalis\u00e9s, \u00e0 vous de voir lequel fera l\u2019affaire : <a href=\"https:\/\/www.photoweb.fr\/decoration-murale\/toile\/listing\">photo sur toile<\/a>, mug photo, <a href=\"https:\/\/www.photoweb.fr\/decoration-murale\/tableau-brillant\/listing\">tableau photo<\/a>, tirages photo, poster photo, tote bag, coussin, plaid\u2026 Tout est possible tant que l\u2019envie est l\u00e0 ! Pour quel support allez-vous craquer ?<\/p>\n<h2>La personnalisation de mon montage photo de No\u00ebl<\/h2>\n<p>Une fois vos photos en poche et le support choisi, vous allez passer \u00e0 la personnalisation de votre montage photo \u00ab Joyeux No\u00ebl \u00bb. Notre logiciel d\u2019aide \u00e0 la cr\u00e9ation vous guidera \u00e0 travers cette aventure cr\u00e9ative, en vous proposant d\u2019ajouter citations, chansons, po\u00e8mes et tout ce que vous voudrez comme base texte. Vous pourrez ensuite choisir vos grilles, pour un joli p\u00eale-m\u00eale de No\u00ebl.<\/p>\n<p>Enfin, couleurs, motifs et illustrations sont disponibles pour \u00eatre test\u00e9es et approuv\u00e9es ! La phase de cr\u00e9ation est totalement gratuite. C\u2019est bon \u00e0 savoir pour tester tout pleins de choses et se construire ses id\u00e9es petit \u00e0 petit, comme un grand.<\/p>\n","protected":false},"excerpt":{"rendered":"<p>Les f\u00eates de fin d\u2019ann\u00e9e approchent et vous songez d\u00e9j\u00e0 \u00e0 \u00e9crire \u00e0 vos proches pour le 25 d\u00e9cembre. Voici quelques id\u00e9es pour r\u00e9aliser un montage photo de No\u00ebl r\u00e9ussi ! Car en effet, cette p\u00e9riode rime avec partages et retrouvailles, donc avec amour et amiti\u00e9. Il est alors plus que jamais le moment d\u2019envoyer une carte de v\u0153ux personnalis\u00e9 de vos propres photos ! Ou alors un objet d\u00e9co \u00ab Joyeux No\u00ebl \u00bb que vous aurez vous-m\u00eame personnalis\u00e9 ! Faites d\u2019abord un tri parmi vos appareils : quelles photos dois-je garder ? Et ensuite, trouvez le support id\u00e9al pour la cr\u00e9ation de votre montage photo de No\u00ebl, \u00e0 adresser \u00e0 vos amis, familles et m\u00eame coll\u00e8gues. Au-del\u00e0 du c\u00f4t\u00e9 original et authentique, r\u00e9aliser soi-m\u00eame un objet personnalis\u00e9 est une belle intention. Touchant et \u00e9mouvant, le montage photo de No\u00ebl avec vos plus beaux souvenirs en images ne pourra que faire plaisir. D\u00e9couvrez donc dans cet article quelques astuces pour souhaiter un Joyeux No\u00ebl impactant, et surtout m\u00e9morable. Enfin, vous verrez que \u00e7a ne co\u00fbte parfois pas plus cher ! G\u00e9nial, non ? Alors on se lance quand ?<\/p>\n","protected":false},"author":21,"featured_media":7426,"comment_status":"open","ping_status":"open","sticky":false,"template":"single-standard.php","format":"standard","meta":{"footnotes":""},"categories":[18],"tags":[99],"class_list":["post-7425","post","type-post","status-publish","format-standard","has-post-thumbnail","hentry","category-conseils-expets","tag-montage-photo-en-ligne"],"yoast_head":"<!-- This site is optimized with the Yoast SEO plugin v20.3 - https:\/\/yoast.com\/wordpress\/plugins\/seo\/ -->\n<title>Montage photo No\u00ebl : souhaitez un Joyeux No\u00ebl personnalis\u00e9<\/title>\n<meta name=\"description\" content=\"Envie de souhaiter un Joyeux No\u00ebl en bonne et due forme ? D\u00e9couvrez notre petit tuto facile pour cr\u00e9er votre super montage photo de No\u00ebl sur Photoweb !\" \/>\n<meta name=\"robots\" content=\"index, follow, max-snippet:-1, max-image-preview:large, max-video-preview:-1\" \/>\n<link rel=\"canonical\" href=\"https:\/\/www.photoweb.fr\/espaces\/magazine\/montage-photo-noel\/\" \/>\n<meta property=\"og:locale\" content=\"fr_FR\" \/>\n<meta property=\"og:type\" content=\"article\" \/>\n<meta property=\"og:title\" content=\"Montage photo No\u00ebl : souhaitez un Joyeux No\u00ebl personnalis\u00e9\" \/>\n<meta property=\"og:description\" content=\"Envie de souhaiter un Joyeux No\u00ebl en bonne et due forme ? D\u00e9couvrez notre petit tuto facile pour cr\u00e9er votre super montage photo de No\u00ebl sur Photoweb !\" \/>\n<meta property=\"og:url\" content=\"https:\/\/www.photoweb.fr\/espaces\/magazine\/montage-photo-noel\/\" \/>\n<meta property=\"og:site_name\" content=\"Photoweb, le mag\" \/>\n<meta property=\"article:publisher\" content=\"https:\/\/fr-fr.facebook.com\/Photoweb.fr\/\" \/>\n<meta property=\"article:published_time\" content=\"2018-11-09T14:00:11+00:00\" \/>\n<meta property=\"article:modified_time\" content=\"2022-06-22T14:18:43+00:00\" \/>\n<meta property=\"og:image\" content=\"https:\/\/www.photoweb.fr\/espaces\/magazine\/wp-content\/uploads\/2018\/12\/montage-photo-noel.jpg\" \/>\n\t<meta property=\"og:image:width\" content=\"800\" \/>\n\t<meta property=\"og:image:height\" content=\"600\" \/>\n\t<meta property=\"og:image:type\" content=\"image\/jpeg\" \/>\n<meta name=\"author\" content=\"melanie\" \/>\n<meta name=\"twitter:card\" content=\"summary_large_image\" \/>\n<meta name=\"twitter:creator\" content=\"@Photoweb_fr\" \/>\n<meta name=\"twitter:site\" content=\"@Photoweb_fr\" \/>\n<meta name=\"twitter:label1\" content=\"\u00c9crit par\" \/>\n\t<meta name=\"twitter:data1\" content=\"melanie\" \/>\n\t<meta name=\"twitter:label2\" content=\"Dur\u00e9e de lecture estim\u00e9e\" \/>\n\t<meta name=\"twitter:data2\" content=\"3 minutes\" \/>\n<script type=\"application\/ld+json\" class=\"yoast-schema-graph\">{\"@context\":\"https:\/\/schema.org\",\"@graph\":[{\"@type\":\"Article\",\"@id\":\"https:\/\/www.photoweb.fr\/espaces\/magazine\/montage-photo-noel\/#article\",\"isPartOf\":{\"@id\":\"https:\/\/www.photoweb.fr\/espaces\/magazine\/montage-photo-noel\/\"},\"author\":{\"name\":\"melanie\",\"@id\":\"https:\/\/www.photoweb.fr\/espaces\/magazine\/#\/schema\/person\/111451a615bb7cbe790bf8b1d6b24391\"},\"headline\":\"Montage photo No\u00ebl : souhaitez un Joyeux No\u00ebl personnalis\u00e9\",\"datePublished\":\"2018-11-09T14:00:11+00:00\",\"dateModified\":\"2022-06-22T14:18:43+00:00\",\"mainEntityOfPage\":{\"@id\":\"https:\/\/www.photoweb.fr\/espaces\/magazine\/montage-photo-noel\/\"},\"wordCount\":525,\"commentCount\":3,\"publisher\":{\"@id\":\"https:\/\/www.photoweb.fr\/espaces\/magazine\/#organization\"},\"keywords\":[\"Montage photo en ligne\"],\"articleSection\":[\"Conseils experts\"],\"inLanguage\":\"fr-FR\",\"potentialAction\":[{\"@type\":\"CommentAction\",\"name\":\"Comment\",\"target\":[\"https:\/\/www.photoweb.fr\/espaces\/magazine\/montage-photo-noel\/#respond\"]}]},{\"@type\":\"WebPage\",\"@id\":\"https:\/\/www.photoweb.fr\/espaces\/magazine\/montage-photo-noel\/\",\"url\":\"https:\/\/www.photoweb.fr\/espaces\/magazine\/montage-photo-noel\/\",\"name\":\"Montage photo No\u00ebl : souhaitez un Joyeux No\u00ebl personnalis\u00e9\",\"isPartOf\":{\"@id\":\"https:\/\/www.photoweb.fr\/espaces\/magazine\/#website\"},\"datePublished\":\"2018-11-09T14:00:11+00:00\",\"dateModified\":\"2022-06-22T14:18:43+00:00\",\"description\":\"Envie de souhaiter un Joyeux No\u00ebl en bonne et due forme ? D\u00e9couvrez notre petit tuto facile pour cr\u00e9er votre super montage photo de No\u00ebl sur Photoweb !\",\"breadcrumb\":{\"@id\":\"https:\/\/www.photoweb.fr\/espaces\/magazine\/montage-photo-noel\/#breadcrumb\"},\"inLanguage\":\"fr-FR\",\"potentialAction\":[{\"@type\":\"ReadAction\",\"target\":[\"https:\/\/www.photoweb.fr\/espaces\/magazine\/montage-photo-noel\/\"]}]},{\"@type\":\"BreadcrumbList\",\"@id\":\"https:\/\/www.photoweb.fr\/espaces\/magazine\/montage-photo-noel\/#breadcrumb\",\"itemListElement\":[{\"@type\":\"ListItem\",\"position\":1,\"name\":\"Accueil\",\"item\":\"https:\/\/www.photoweb.fr\/espaces\/magazine\/\"},{\"@type\":\"ListItem\",\"position\":2,\"name\":\"Conseils experts\",\"item\":\"https:\/\/www.photoweb.fr\/espaces\/magazine\/conseils-expets\/\"},{\"@type\":\"ListItem\",\"position\":3,\"name\":\"Montage photo No\u00ebl : souhaitez un Joyeux No\u00ebl personnalis\u00e9\"}]},{\"@type\":\"WebSite\",\"@id\":\"https:\/\/www.photoweb.fr\/espaces\/magazine\/#website\",\"url\":\"https:\/\/www.photoweb.fr\/espaces\/magazine\/\",\"name\":\"Photoweb, le mag\",\"description\":\"Le magazine de Photoweb\",\"publisher\":{\"@id\":\"https:\/\/www.photoweb.fr\/espaces\/magazine\/#organization\"},\"potentialAction\":[{\"@type\":\"SearchAction\",\"target\":{\"@type\":\"EntryPoint\",\"urlTemplate\":\"https:\/\/www.photoweb.fr\/espaces\/magazine\/?s={search_term_string}\"},\"query-input\":\"required name=search_term_string\"}],\"inLanguage\":\"fr-FR\"},{\"@type\":\"Organization\",\"@id\":\"https:\/\/www.photoweb.fr\/espaces\/magazine\/#organization\",\"name\":\"Photoweb\",\"url\":\"https:\/\/www.photoweb.fr\/espaces\/magazine\/\",\"logo\":{\"@type\":\"ImageObject\",\"inLanguage\":\"fr-FR\",\"@id\":\"https:\/\/www.photoweb.fr\/espaces\/magazine\/#\/schema\/logo\/image\/\",\"url\":\"https:\/\/www.photoweb.fr\/espaces\/magazine\/wp-content\/uploads\/2021\/02\/Logo-Photoweb.jpg\",\"contentUrl\":\"https:\/\/www.photoweb.fr\/espaces\/magazine\/wp-content\/uploads\/2021\/02\/Logo-Photoweb.jpg\",\"width\":780,\"height\":456,\"caption\":\"Photoweb\"},\"image\":{\"@id\":\"https:\/\/www.photoweb.fr\/espaces\/magazine\/#\/schema\/logo\/image\/\"},\"sameAs\":[\"https:\/\/fr-fr.facebook.com\/Photoweb.fr\/\",\"https:\/\/twitter.com\/Photoweb_fr\",\"https:\/\/www.instagram.com\/photowebfr\/\",\"https:\/\/www.linkedin.com\/company\/347094\/\",\"https:\/\/www.pinterest.fr\/inspirationsphotoweb\/_created\/\",\"https:\/\/www.youtube.com\/channel\/UCtcVmTvkAzKQLVkiwfOm8sg\"]},{\"@type\":\"Person\",\"@id\":\"https:\/\/www.photoweb.fr\/espaces\/magazine\/#\/schema\/person\/111451a615bb7cbe790bf8b1d6b24391\",\"name\":\"melanie\"}]}<\/script>\n<!-- \/ Yoast SEO plugin. -->","yoast_head_json":{"title":"Montage photo No\u00ebl : souhaitez un Joyeux No\u00ebl personnalis\u00e9","description":"Envie de souhaiter un Joyeux No\u00ebl en bonne et due forme ? D\u00e9couvrez notre petit tuto facile pour cr\u00e9er votre super montage photo de No\u00ebl sur Photoweb !","robots":{"index":"index","follow":"follow","max-snippet":"max-snippet:-1","max-image-preview":"max-image-preview:large","max-video-preview":"max-video-preview:-1"},"canonical":"https:\/\/www.photoweb.fr\/espaces\/magazine\/montage-photo-noel\/","og_locale":"fr_FR","og_type":"article","og_title":"Montage photo No\u00ebl : souhaitez un Joyeux No\u00ebl personnalis\u00e9","og_description":"Envie de souhaiter un Joyeux No\u00ebl en bonne et due forme ? D\u00e9couvrez notre petit tuto facile pour cr\u00e9er votre super montage photo de No\u00ebl sur Photoweb !","og_url":"https:\/\/www.photoweb.fr\/espaces\/magazine\/montage-photo-noel\/","og_site_name":"Photoweb, le mag","article_publisher":"https:\/\/fr-fr.facebook.com\/Photoweb.fr\/","article_published_time":"2018-11-09T14:00:11+00:00","article_modified_time":"2022-06-22T14:18:43+00:00","og_image":[{"width":800,"height":600,"url":"https:\/\/www.photoweb.fr\/espaces\/magazine\/wp-content\/uploads\/2018\/12\/montage-photo-noel.jpg","type":"image\/jpeg"}],"author":"melanie","twitter_card":"summary_large_image","twitter_creator":"@Photoweb_fr","twitter_site":"@Photoweb_fr","twitter_misc":{"\u00c9crit par":"melanie","Dur\u00e9e de lecture estim\u00e9e":"3 minutes"},"schema":{"@context":"https:\/\/schema.org","@graph":[{"@type":"Article","@id":"https:\/\/www.photoweb.fr\/espaces\/magazine\/montage-photo-noel\/#article","isPartOf":{"@id":"https:\/\/www.photoweb.fr\/espaces\/magazine\/montage-photo-noel\/"},"author":{"name":"melanie","@id":"https:\/\/www.photoweb.fr\/espaces\/magazine\/#\/schema\/person\/111451a615bb7cbe790bf8b1d6b24391"},"headline":"Montage photo No\u00ebl : souhaitez un Joyeux No\u00ebl personnalis\u00e9","datePublished":"2018-11-09T14:00:11+00:00","dateModified":"2022-06-22T14:18:43+00:00","mainEntityOfPage":{"@id":"https:\/\/www.photoweb.fr\/espaces\/magazine\/montage-photo-noel\/"},"wordCount":525,"commentCount":3,"publisher":{"@id":"https:\/\/www.photoweb.fr\/espaces\/magazine\/#organization"},"keywords":["Montage photo en ligne"],"articleSection":["Conseils experts"],"inLanguage":"fr-FR","potentialAction":[{"@type":"CommentAction","name":"Comment","target":["https:\/\/www.photoweb.fr\/espaces\/magazine\/montage-photo-noel\/#respond"]}]},{"@type":"WebPage","@id":"https:\/\/www.photoweb.fr\/espaces\/magazine\/montage-photo-noel\/","url":"https:\/\/www.photoweb.fr\/espaces\/magazine\/montage-photo-noel\/","name":"Montage photo No\u00ebl : souhaitez un Joyeux No\u00ebl personnalis\u00e9","isPartOf":{"@id":"https:\/\/www.photoweb.fr\/espaces\/magazine\/#website"},"datePublished":"2018-11-09T14:00:11+00:00","dateModified":"2022-06-22T14:18:43+00:00","description":"Envie de souhaiter un Joyeux No\u00ebl en bonne et due forme ? D\u00e9couvrez notre petit tuto facile pour cr\u00e9er votre super montage photo de No\u00ebl sur Photoweb !","breadcrumb":{"@id":"https:\/\/www.photoweb.fr\/espaces\/magazine\/montage-photo-noel\/#breadcrumb"},"inLanguage":"fr-FR","potentialAction":[{"@type":"ReadAction","target":["https:\/\/www.photoweb.fr\/espaces\/magazine\/montage-photo-noel\/"]}]},{"@type":"BreadcrumbList","@id":"https:\/\/www.photoweb.fr\/espaces\/magazine\/montage-photo-noel\/#breadcrumb","itemListElement":[{"@type":"ListItem","position":1,"name":"Accueil","item":"https:\/\/www.photoweb.fr\/espaces\/magazine\/"},{"@type":"ListItem","position":2,"name":"Conseils experts","item":"https:\/\/www.photoweb.fr\/espaces\/magazine\/conseils-expets\/"},{"@type":"ListItem","position":3,"name":"Montage photo No\u00ebl : souhaitez un Joyeux No\u00ebl personnalis\u00e9"}]},{"@type":"WebSite","@id":"https:\/\/www.photoweb.fr\/espaces\/magazine\/#website","url":"https:\/\/www.photoweb.fr\/espaces\/magazine\/","name":"Photoweb, le mag","description":"Le magazine de Photoweb","publisher":{"@id":"https:\/\/www.photoweb.fr\/espaces\/magazine\/#organization"},"potentialAction":[{"@type":"SearchAction","target":{"@type":"EntryPoint","urlTemplate":"https:\/\/www.photoweb.fr\/espaces\/magazine\/?s={search_term_string}"},"query-input":"required name=search_term_string"}],"inLanguage":"fr-FR"},{"@type":"Organization","@id":"https:\/\/www.photoweb.fr\/espaces\/magazine\/#organization","name":"Photoweb","url":"https:\/\/www.photoweb.fr\/espaces\/magazine\/","logo":{"@type":"ImageObject","inLanguage":"fr-FR","@id":"https:\/\/www.photoweb.fr\/espaces\/magazine\/#\/schema\/logo\/image\/","url":"https:\/\/www.photoweb.fr\/espaces\/magazine\/wp-content\/uploads\/2021\/02\/Logo-Photoweb.jpg","contentUrl":"https:\/\/www.photoweb.fr\/espaces\/magazine\/wp-content\/uploads\/2021\/02\/Logo-Photoweb.jpg","width":780,"height":456,"caption":"Photoweb"},"image":{"@id":"https:\/\/www.photoweb.fr\/espaces\/magazine\/#\/schema\/logo\/image\/"},"sameAs":["https:\/\/fr-fr.facebook.com\/Photoweb.fr\/","https:\/\/twitter.com\/Photoweb_fr","https:\/\/www.instagram.com\/photowebfr\/","https:\/\/www.linkedin.com\/company\/347094\/","https:\/\/www.pinterest.fr\/inspirationsphotoweb\/_created\/","https:\/\/www.youtube.com\/channel\/UCtcVmTvkAzKQLVkiwfOm8sg"]},{"@type":"Person","@id":"https:\/\/www.photoweb.fr\/espaces\/magazine\/#\/schema\/person\/111451a615bb7cbe790bf8b1d6b24391","name":"melanie"}]}},"acf":[],"_links":{"self":[{"href":"https:\/\/www.photoweb.fr\/espaces\/magazine\/wp-json\/wp\/v2\/posts\/7425","targetHints":{"allow":["GET"]}}],"collection":[{"href":"https:\/\/www.photoweb.fr\/espaces\/magazine\/wp-json\/wp\/v2\/posts"}],"about":[{"href":"https:\/\/www.photoweb.fr\/espaces\/magazine\/wp-json\/wp\/v2\/types\/post"}],"author":[{"embeddable":true,"href":"https:\/\/www.photoweb.fr\/espaces\/magazine\/wp-json\/wp\/v2\/users\/21"}],"replies":[{"embeddable":true,"href":"https:\/\/www.photoweb.fr\/espaces\/magazine\/wp-json\/wp\/v2\/comments?post=7425"}],"version-history":[{"count":1,"href":"https:\/\/www.photoweb.fr\/espaces\/magazine\/wp-json\/wp\/v2\/posts\/7425\/revisions"}],"predecessor-version":[{"id":11536,"href":"https:\/\/www.photoweb.fr\/espaces\/magazine\/wp-json\/wp\/v2\/posts\/7425\/revisions\/11536"}],"wp:featuredmedia":[{"embeddable":true,"href":"https:\/\/www.photoweb.fr\/espaces\/magazine\/wp-json\/wp\/v2\/media\/7426"}],"wp:attachment":[{"href":"https:\/\/www.photoweb.fr\/espaces\/magazine\/wp-json\/wp\/v2\/media?parent=7425"}],"wp:term":[{"taxonomy":"category","embeddable":true,"href":"https:\/\/www.photoweb.fr\/espaces\/magazine\/wp-json\/wp\/v2\/categories?post=7425"},{"taxonomy":"post_tag","embeddable":true,"href":"https:\/\/www.photoweb.fr\/espaces\/magazine\/wp-json\/wp\/v2\/tags?post=7425"}],"curies":[{"name":"wp","href":"https:\/\/api.w.org\/{rel}","templated":true}]}}