{"id":7792,"date":"2019-02-22T13:28:25","date_gmt":"2019-02-22T13:28:25","guid":{"rendered":"https:\/\/www.photoweb.fr\/espaces\/magazine\/magazine\/?p=7792"},"modified":"2023-05-30T16:17:03","modified_gmt":"2023-05-30T14:17:03","slug":"lteam-mamzelles-photoweb-soutient-marthe-et-marie","status":"publish","type":"post","link":"https:\/\/www.photoweb.fr\/espaces\/magazine\/lteam-mamzelles-photoweb-soutient-marthe-et-marie\/","title":{"rendered":"La team des Mam&rsquo;zelles by photoweb soutient La Maison de Marthe et Marie !"},"content":{"rendered":"<p>Julia et Claire de la team des Mam&rsquo;zelles by Photoweb ont choisi de repr\u00e9senter et soutenir l&rsquo;association <a href=\"https:\/\/www.martheetmarie.fr\/\" target=\"_blank\" rel=\"noopener\"><strong>La Maison de Marthe et Marie<\/strong><\/a> lors de leur projet fou du rallye Aicha des gazelles.<\/p>\n<h2>Plus qu&rsquo;une association&#8230;<\/h2>\n<h3>Une id\u00e9e innovante<\/h3>\n<p>Confront\u00e9e trop souvent aux difficult\u00e9s des futures et jeunes mamans et touch\u00e9e par leur courage sans faille, Aline sage-femme, eu l&rsquo;id\u00e9e de cr\u00e9er les <a href=\"https:\/\/www.martheetmarie.fr\/\" target=\"_blank\" rel=\"noopener\"><strong>premi\u00e8res colocs solidaires<\/strong><\/a> en 2010.<\/p>\n<p>Un logement chaleureux o\u00f9 cohabitent des femmes enceintes, des mamans en difficult\u00e9 mais \u00e9galement des <strong>volontaires<\/strong>. Ces derni\u00e8res, \u00e2g\u00e9s de 25-35 ans, non enceintes et ayant une activit\u00e9 professionnelle ext\u00e9rieure, se lancent aussi dans cette belle aventure afin de cr\u00e9er ensemble un environnement stable, dynamique et convivial !<\/p>\n<p>L&rsquo;association cr\u00e9e alors des lieux de vie qui offre un cadre positif pour les femmes majeures qui en \u00e9prouvent le besoin, du d\u00e9but de leur grossesse jusqu&rsquo;au 1 an de l&rsquo;enfant. 56 b\u00e9b\u00e9s sont d\u00e9j\u00e0 n\u00e9s dans les 4 colocs existantes ( Lyon, Nantes, Paris, Lille, Strasbourg ) !<\/p>\n<h3>Vivre \u00ab\u00a0l&rsquo;esprit coloc\u00a0\u00bb<\/h3>\n<p>Vous l&rsquo;aurez compris, la coloc solidaire ce n&rsquo;est pas un simple logement et c&rsquo;est cet esprit l\u00e0 qui nous a particuli\u00e8rement touch\u00e9. Les futures mamans peuvent partager, <strong>\u00e9changer<\/strong> que ce soit avec des femmes enceintes, des m\u00e8res ou encore des volontaires. Une v\u00e9ritable vie en communaut\u00e9 autour de repas communs, t\u00e2ches m\u00e9nag\u00e8res et sorties !<\/p>\n<p>C&rsquo;est un peu la \u00ab\u00a0maison du bonheur\u00a0\u00bb apr\u00e8s les moments difficiles. Certes, tout n&rsquo;est pas rose, mais quand le doute s&rsquo;installe il y a toujours une personne sur qui compter.<\/p>\n<p>Les mamans qui quittent la coloc transmettent \u00e0 leur tour leur <strong>exp\u00e9rience<\/strong>, leurs apprentissages aux nouvelles. En rentrant, elles avaient besoin d&rsquo;aides, en partant, c&rsquo;est elles qui en offrent. De sinc\u00e8res amiti\u00e9s se lient et perdurent dans le temps. Une<strong> famille<\/strong>, en somme !<\/p>\n<h3>Pour un avenir heureux<\/h3>\n<p>La Maison de Marthe et Marie pense au pr\u00e9sent mais \u00e9galement au futur de ces mamans ! Elle accorde alors une importance primordiale \u00e0 leur <strong>insertion professionnelle<\/strong>, \u00e0 leur redonner <strong>confiance<\/strong> et espoir en l&rsquo;avenir. L&rsquo;association renforce, r\u00e9v\u00e8le et fait na\u00eetre des projets concrets aupr\u00e8s des mamans, leur permettant d\u2019appr\u00e9hender demain plus sereinement.<\/p>\n<p>Divers ateliers sont \u00e9galement organis\u00e9s au sein des colocations. Les th\u00e8mes sont multiples passant des astuces pour le b\u00e9b\u00e9, de la vie quotidienne aux d\u00e9marches administratives. Les mamans se sentent alors plus fortes, sereines et parfaitement l\u00e9gitimes dans leur r\u00f4le de m\u00e8res. Ces<strong> bases solides<\/strong> offrent une v\u00e9ritable autonomie, courage et confiance en soi pour l&rsquo;apr\u00e8s coloc.<\/p>\n<p><img loading=\"lazy\" decoding=\"async\" title=\"b\u00e9b\u00e9 maman main\" src=\"https:\/\/www.photoweb.fr\/espaces\/magazine\/wp-content\/uploads\/2019\/02\/b\u00e9b\u00e9-maman-main.jpg\" alt=\"b\u00e9b\u00e9 maman main\" width=\"800\" height=\"600\" \/><br \/>\n<img loading=\"lazy\" decoding=\"async\" title=\"coloc association maman\" src=\"https:\/\/www.photoweb.fr\/espaces\/magazine\/wp-content\/uploads\/2019\/02\/coloc-association-maman-.jpg\" alt=\"coloc association maman\" width=\"800\" height=\"600\" \/><br \/>\n<img loading=\"lazy\" decoding=\"async\" title=\"atelier marthe et marie\" src=\"https:\/\/www.photoweb.fr\/espaces\/magazine\/wp-content\/uploads\/2019\/02\/atelier-marthe-et-marie-.jpg\" alt=\"atelier marthe et marie\" width=\"800\" height=\"600\" \/><br \/>\n<img loading=\"lazy\" decoding=\"async\" title=\"logo la maison de marthe et marie\" src=\"https:\/\/www.photoweb.fr\/espaces\/magazine\/wp-content\/uploads\/2019\/02\/logo-la-maison-de-marthe-et-marie.jpg\" alt=\"logo la maison de marthe et marie\" width=\"800\" height=\"600\" \/><br \/>\n<img decoding=\"async\" src=\"https:\/\/www.photoweb.fr\/espaces\/magazine\/wp-content\/plugins\/bb-plugin\/img\/pixel.png\" alt=\"\" \/><\/p>\n<h2>La team des Mam&rsquo;zelles by Photoweb \u00e0 fond derri\u00e8re l&rsquo;association !<\/h2>\n<h3>Une collecte interne<\/h3>\n<p>Ce qui est important pour nous, c&rsquo;est de penser <strong>utile<\/strong> ! C&rsquo;est pourquoi Julia et Claire de la team des Mam&rsquo;zelles ont eu l&rsquo;id\u00e9e d&rsquo;organiser une collecte en interne. L&rsquo;occasion de rassembler peluches, jouets, livres, habits, produits d&rsquo;hygi\u00e8ne, objets essentiels pour les mamans des colocs et leurs b\u00e9b\u00e9s. Toute l&rsquo;\u00e9quipe Photoweb s&rsquo;est mobilis\u00e9e et c&rsquo;est des cartons bien remplis qui vont partir direction <a href=\"https:\/\/www.martheetmarie.fr\/\" target=\"_blank\" rel=\"noopener\">La Maison de Marthe et Marie<\/a>. Un joli moment de partage et d&rsquo;<strong>\u00e9change<\/strong> autour d&rsquo;une initiative pleine de sens !<\/p>\n<h3>Une cagnotte solidaire<\/h3>\n<p>C&rsquo;est \u00e9galement pour ces m\u00eame raisons que les Mam&rsquo;zelles ont \u00e9galement cr\u00e9\u00e9 une <strong>cagnotte solidaire<\/strong>. Cela permet \u00e0 chacun de participer \u00e0 la hauteur de ce qu&rsquo;il peut et souhaite, parce qu&rsquo;au fond, il n&rsquo;y a jamais de petits gestes ! Que ce soit pour le pr\u00e9sent ou le futur de l&rsquo;association, les projets sont multiples et malheureusement les obstacles souvent nombreux. Cette cagnotte permet alors de lui donner un coup de pouce et lui offrir toute la l\u00e9gitimit\u00e9 et la force qu&rsquo;elle m\u00e9rite.<\/p>\n<h3>Un soutien permanent<\/h3>\n<p>C&rsquo;est avec conviction que nos mamans de la team Photoweb vont repr\u00e9senter cette association lors de leur aventure au rallye Aicha des gazelles. Sur le design du 4&#215;4, dans les discours et dans les actions des Mam&rsquo;zelles, <a href=\"https:\/\/www.martheetmarie.fr\/\" target=\"_blank\" rel=\"noopener\">la Maison de Marthe et Marie<\/a> sera <strong>omnipr\u00e9sente<\/strong>. Soutien aupr\u00e8s des mamans en difficult\u00e9, il nous tenait donc r\u00e9ellement \u00e0 c\u0153ur de mettre en lumi\u00e8re les id\u00e9es novatrices de femmes engag\u00e9es et leur envie de redonner force et confiance aux m\u00e8res.<\/p>\n<p>* Pour donner un petit coup de pouce \u00e0 l&rsquo;assoc ? C&rsquo;est par ici  *<\/p>\n<p><img loading=\"lazy\" decoding=\"async\" title=\"collecte mam'zelle by photoweb\" src=\"https:\/\/www.photoweb.fr\/espaces\/magazine\/wp-content\/uploads\/2019\/02\/collecte-mamzelle-by-photoweb.jpg\" alt=\"collecte mam'zelle by photoweb\" width=\"800\" height=\"600\" \/><\/p>\n","protected":false},"excerpt":{"rendered":"<p>Julia et Claire de la team des Mam&rsquo;zelles by Photoweb ont choisi de repr\u00e9senter et soutenir l&rsquo;association La Maison de Marthe et Marie lors de leur projet fou du rallye Aicha des gazelles. Plus qu&rsquo;une association&#8230; Une id\u00e9e innovante Confront\u00e9e trop souvent aux difficult\u00e9s des futures et jeunes mamans et touch\u00e9e par leur courage sans&hellip;<\/p>\n","protected":false},"author":21,"featured_media":7820,"comment_status":"open","ping_status":"open","sticky":false,"template":"single-standard.php","format":"standard","meta":{"footnotes":""},"categories":[30],"tags":[],"class_list":["post-7792","post","type-post","status-publish","format-standard","has-post-thumbnail","hentry","category-coulisses"],"yoast_head":"<!-- This site is optimized with the Yoast SEO plugin v20.3 - https:\/\/yoast.com\/wordpress\/plugins\/seo\/ -->\n<title>La team des Mam&#039;zelles soutient La Maison de Marthe et Marie<\/title>\n<meta name=\"description\" content=\"La team des Mam&#039;zelles by Photoweb se lance dans le rallye Aicha des gazelles. Elles ont choisi de soutenir la Maison de Marthe et Marie.\" \/>\n<meta name=\"robots\" content=\"index, follow, max-snippet:-1, max-image-preview:large, max-video-preview:-1\" \/>\n<link rel=\"canonical\" href=\"https:\/\/www.photoweb.fr\/espaces\/magazine\/lteam-mamzelles-photoweb-soutient-marthe-et-marie\/\" \/>\n<meta property=\"og:locale\" content=\"fr_FR\" \/>\n<meta property=\"og:type\" content=\"article\" \/>\n<meta property=\"og:title\" content=\"La team des Mam&#039;zelles soutient La Maison de Marthe et Marie\" \/>\n<meta property=\"og:description\" content=\"La team des Mam&#039;zelles by Photoweb se lance dans le rallye Aicha des gazelles. Elles ont choisi de soutenir la Maison de Marthe et Marie.\" \/>\n<meta property=\"og:url\" content=\"https:\/\/www.photoweb.fr\/espaces\/magazine\/lteam-mamzelles-photoweb-soutient-marthe-et-marie\/\" \/>\n<meta property=\"og:site_name\" content=\"Photoweb, le mag\" \/>\n<meta property=\"article:publisher\" content=\"https:\/\/fr-fr.facebook.com\/Photoweb.fr\/\" \/>\n<meta property=\"article:published_time\" content=\"2019-02-22T13:28:25+00:00\" \/>\n<meta property=\"article:modified_time\" content=\"2023-05-30T14:17:03+00:00\" \/>\n<meta property=\"og:image\" content=\"https:\/\/www.photoweb.fr\/espaces\/magazine\/wp-content\/uploads\/2019\/02\/pied-main-b\u00e9b\u00e9.jpg\" \/>\n\t<meta property=\"og:image:width\" content=\"800\" \/>\n\t<meta property=\"og:image:height\" content=\"600\" \/>\n\t<meta property=\"og:image:type\" content=\"image\/jpeg\" \/>\n<meta name=\"author\" content=\"melanie\" \/>\n<meta name=\"twitter:card\" content=\"summary_large_image\" \/>\n<meta name=\"twitter:creator\" content=\"@Photoweb_fr\" \/>\n<meta name=\"twitter:site\" content=\"@Photoweb_fr\" \/>\n<meta name=\"twitter:label1\" content=\"\u00c9crit par\" \/>\n\t<meta name=\"twitter:data1\" content=\"melanie\" \/>\n\t<meta name=\"twitter:label2\" content=\"Dur\u00e9e de lecture estim\u00e9e\" \/>\n\t<meta name=\"twitter:data2\" content=\"4 minutes\" \/>\n<script type=\"application\/ld+json\" class=\"yoast-schema-graph\">{\"@context\":\"https:\/\/schema.org\",\"@graph\":[{\"@type\":\"Article\",\"@id\":\"https:\/\/www.photoweb.fr\/espaces\/magazine\/lteam-mamzelles-photoweb-soutient-marthe-et-marie\/#article\",\"isPartOf\":{\"@id\":\"https:\/\/www.photoweb.fr\/espaces\/magazine\/lteam-mamzelles-photoweb-soutient-marthe-et-marie\/\"},\"author\":{\"name\":\"melanie\",\"@id\":\"https:\/\/www.photoweb.fr\/espaces\/magazine\/#\/schema\/person\/111451a615bb7cbe790bf8b1d6b24391\"},\"headline\":\"La team des Mam&rsquo;zelles by photoweb soutient La Maison de Marthe et Marie !\",\"datePublished\":\"2019-02-22T13:28:25+00:00\",\"dateModified\":\"2023-05-30T14:17:03+00:00\",\"mainEntityOfPage\":{\"@id\":\"https:\/\/www.photoweb.fr\/espaces\/magazine\/lteam-mamzelles-photoweb-soutient-marthe-et-marie\/\"},\"wordCount\":743,\"commentCount\":0,\"publisher\":{\"@id\":\"https:\/\/www.photoweb.fr\/espaces\/magazine\/#organization\"},\"articleSection\":[\"Coulisses\"],\"inLanguage\":\"fr-FR\",\"potentialAction\":[{\"@type\":\"CommentAction\",\"name\":\"Comment\",\"target\":[\"https:\/\/www.photoweb.fr\/espaces\/magazine\/lteam-mamzelles-photoweb-soutient-marthe-et-marie\/#respond\"]}]},{\"@type\":\"WebPage\",\"@id\":\"https:\/\/www.photoweb.fr\/espaces\/magazine\/lteam-mamzelles-photoweb-soutient-marthe-et-marie\/\",\"url\":\"https:\/\/www.photoweb.fr\/espaces\/magazine\/lteam-mamzelles-photoweb-soutient-marthe-et-marie\/\",\"name\":\"La team des Mam'zelles soutient La Maison de Marthe et Marie\",\"isPartOf\":{\"@id\":\"https:\/\/www.photoweb.fr\/espaces\/magazine\/#website\"},\"datePublished\":\"2019-02-22T13:28:25+00:00\",\"dateModified\":\"2023-05-30T14:17:03+00:00\",\"description\":\"La team des Mam'zelles by Photoweb se lance dans le rallye Aicha des gazelles. Elles ont choisi de soutenir la Maison de Marthe et Marie.\",\"breadcrumb\":{\"@id\":\"https:\/\/www.photoweb.fr\/espaces\/magazine\/lteam-mamzelles-photoweb-soutient-marthe-et-marie\/#breadcrumb\"},\"inLanguage\":\"fr-FR\",\"potentialAction\":[{\"@type\":\"ReadAction\",\"target\":[\"https:\/\/www.photoweb.fr\/espaces\/magazine\/lteam-mamzelles-photoweb-soutient-marthe-et-marie\/\"]}]},{\"@type\":\"BreadcrumbList\",\"@id\":\"https:\/\/www.photoweb.fr\/espaces\/magazine\/lteam-mamzelles-photoweb-soutient-marthe-et-marie\/#breadcrumb\",\"itemListElement\":[{\"@type\":\"ListItem\",\"position\":1,\"name\":\"Accueil\",\"item\":\"https:\/\/www.photoweb.fr\/espaces\/magazine\/\"},{\"@type\":\"ListItem\",\"position\":2,\"name\":\"Coulisses\",\"item\":\"https:\/\/www.photoweb.fr\/espaces\/magazine\/coulisses\/\"},{\"@type\":\"ListItem\",\"position\":3,\"name\":\"La team des Mam&rsquo;zelles by photoweb soutient La Maison de Marthe et Marie !\"}]},{\"@type\":\"WebSite\",\"@id\":\"https:\/\/www.photoweb.fr\/espaces\/magazine\/#website\",\"url\":\"https:\/\/www.photoweb.fr\/espaces\/magazine\/\",\"name\":\"Photoweb, le mag\",\"description\":\"Le magazine de Photoweb\",\"publisher\":{\"@id\":\"https:\/\/www.photoweb.fr\/espaces\/magazine\/#organization\"},\"potentialAction\":[{\"@type\":\"SearchAction\",\"target\":{\"@type\":\"EntryPoint\",\"urlTemplate\":\"https:\/\/www.photoweb.fr\/espaces\/magazine\/?s={search_term_string}\"},\"query-input\":\"required name=search_term_string\"}],\"inLanguage\":\"fr-FR\"},{\"@type\":\"Organization\",\"@id\":\"https:\/\/www.photoweb.fr\/espaces\/magazine\/#organization\",\"name\":\"Photoweb\",\"url\":\"https:\/\/www.photoweb.fr\/espaces\/magazine\/\",\"logo\":{\"@type\":\"ImageObject\",\"inLanguage\":\"fr-FR\",\"@id\":\"https:\/\/www.photoweb.fr\/espaces\/magazine\/#\/schema\/logo\/image\/\",\"url\":\"https:\/\/www.photoweb.fr\/espaces\/magazine\/wp-content\/uploads\/2021\/02\/Logo-Photoweb.jpg\",\"contentUrl\":\"https:\/\/www.photoweb.fr\/espaces\/magazine\/wp-content\/uploads\/2021\/02\/Logo-Photoweb.jpg\",\"width\":780,\"height\":456,\"caption\":\"Photoweb\"},\"image\":{\"@id\":\"https:\/\/www.photoweb.fr\/espaces\/magazine\/#\/schema\/logo\/image\/\"},\"sameAs\":[\"https:\/\/fr-fr.facebook.com\/Photoweb.fr\/\",\"https:\/\/twitter.com\/Photoweb_fr\",\"https:\/\/www.instagram.com\/photowebfr\/\",\"https:\/\/www.linkedin.com\/company\/347094\/\",\"https:\/\/www.pinterest.fr\/inspirationsphotoweb\/_created\/\",\"https:\/\/www.youtube.com\/channel\/UCtcVmTvkAzKQLVkiwfOm8sg\"]},{\"@type\":\"Person\",\"@id\":\"https:\/\/www.photoweb.fr\/espaces\/magazine\/#\/schema\/person\/111451a615bb7cbe790bf8b1d6b24391\",\"name\":\"melanie\"}]}<\/script>\n<!-- \/ Yoast SEO plugin. -->","yoast_head_json":{"title":"La team des Mam'zelles soutient La Maison de Marthe et Marie","description":"La team des Mam'zelles by Photoweb se lance dans le rallye Aicha des gazelles. Elles ont choisi de soutenir la Maison de Marthe et Marie.","robots":{"index":"index","follow":"follow","max-snippet":"max-snippet:-1","max-image-preview":"max-image-preview:large","max-video-preview":"max-video-preview:-1"},"canonical":"https:\/\/www.photoweb.fr\/espaces\/magazine\/lteam-mamzelles-photoweb-soutient-marthe-et-marie\/","og_locale":"fr_FR","og_type":"article","og_title":"La team des Mam'zelles soutient La Maison de Marthe et Marie","og_description":"La team des Mam'zelles by Photoweb se lance dans le rallye Aicha des gazelles. Elles ont choisi de soutenir la Maison de Marthe et Marie.","og_url":"https:\/\/www.photoweb.fr\/espaces\/magazine\/lteam-mamzelles-photoweb-soutient-marthe-et-marie\/","og_site_name":"Photoweb, le mag","article_publisher":"https:\/\/fr-fr.facebook.com\/Photoweb.fr\/","article_published_time":"2019-02-22T13:28:25+00:00","article_modified_time":"2023-05-30T14:17:03+00:00","og_image":[{"width":800,"height":600,"url":"https:\/\/www.photoweb.fr\/espaces\/magazine\/wp-content\/uploads\/2019\/02\/pied-main-b\u00e9b\u00e9.jpg","type":"image\/jpeg"}],"author":"melanie","twitter_card":"summary_large_image","twitter_creator":"@Photoweb_fr","twitter_site":"@Photoweb_fr","twitter_misc":{"\u00c9crit par":"melanie","Dur\u00e9e de lecture estim\u00e9e":"4 minutes"},"schema":{"@context":"https:\/\/schema.org","@graph":[{"@type":"Article","@id":"https:\/\/www.photoweb.fr\/espaces\/magazine\/lteam-mamzelles-photoweb-soutient-marthe-et-marie\/#article","isPartOf":{"@id":"https:\/\/www.photoweb.fr\/espaces\/magazine\/lteam-mamzelles-photoweb-soutient-marthe-et-marie\/"},"author":{"name":"melanie","@id":"https:\/\/www.photoweb.fr\/espaces\/magazine\/#\/schema\/person\/111451a615bb7cbe790bf8b1d6b24391"},"headline":"La team des Mam&rsquo;zelles by photoweb soutient La Maison de Marthe et Marie !","datePublished":"2019-02-22T13:28:25+00:00","dateModified":"2023-05-30T14:17:03+00:00","mainEntityOfPage":{"@id":"https:\/\/www.photoweb.fr\/espaces\/magazine\/lteam-mamzelles-photoweb-soutient-marthe-et-marie\/"},"wordCount":743,"commentCount":0,"publisher":{"@id":"https:\/\/www.photoweb.fr\/espaces\/magazine\/#organization"},"articleSection":["Coulisses"],"inLanguage":"fr-FR","potentialAction":[{"@type":"CommentAction","name":"Comment","target":["https:\/\/www.photoweb.fr\/espaces\/magazine\/lteam-mamzelles-photoweb-soutient-marthe-et-marie\/#respond"]}]},{"@type":"WebPage","@id":"https:\/\/www.photoweb.fr\/espaces\/magazine\/lteam-mamzelles-photoweb-soutient-marthe-et-marie\/","url":"https:\/\/www.photoweb.fr\/espaces\/magazine\/lteam-mamzelles-photoweb-soutient-marthe-et-marie\/","name":"La team des Mam'zelles soutient La Maison de Marthe et Marie","isPartOf":{"@id":"https:\/\/www.photoweb.fr\/espaces\/magazine\/#website"},"datePublished":"2019-02-22T13:28:25+00:00","dateModified":"2023-05-30T14:17:03+00:00","description":"La team des Mam'zelles by Photoweb se lance dans le rallye Aicha des gazelles. Elles ont choisi de soutenir la Maison de Marthe et Marie.","breadcrumb":{"@id":"https:\/\/www.photoweb.fr\/espaces\/magazine\/lteam-mamzelles-photoweb-soutient-marthe-et-marie\/#breadcrumb"},"inLanguage":"fr-FR","potentialAction":[{"@type":"ReadAction","target":["https:\/\/www.photoweb.fr\/espaces\/magazine\/lteam-mamzelles-photoweb-soutient-marthe-et-marie\/"]}]},{"@type":"BreadcrumbList","@id":"https:\/\/www.photoweb.fr\/espaces\/magazine\/lteam-mamzelles-photoweb-soutient-marthe-et-marie\/#breadcrumb","itemListElement":[{"@type":"ListItem","position":1,"name":"Accueil","item":"https:\/\/www.photoweb.fr\/espaces\/magazine\/"},{"@type":"ListItem","position":2,"name":"Coulisses","item":"https:\/\/www.photoweb.fr\/espaces\/magazine\/coulisses\/"},{"@type":"ListItem","position":3,"name":"La team des Mam&rsquo;zelles by photoweb soutient La Maison de Marthe et Marie !"}]},{"@type":"WebSite","@id":"https:\/\/www.photoweb.fr\/espaces\/magazine\/#website","url":"https:\/\/www.photoweb.fr\/espaces\/magazine\/","name":"Photoweb, le mag","description":"Le magazine de Photoweb","publisher":{"@id":"https:\/\/www.photoweb.fr\/espaces\/magazine\/#organization"},"potentialAction":[{"@type":"SearchAction","target":{"@type":"EntryPoint","urlTemplate":"https:\/\/www.photoweb.fr\/espaces\/magazine\/?s={search_term_string}"},"query-input":"required name=search_term_string"}],"inLanguage":"fr-FR"},{"@type":"Organization","@id":"https:\/\/www.photoweb.fr\/espaces\/magazine\/#organization","name":"Photoweb","url":"https:\/\/www.photoweb.fr\/espaces\/magazine\/","logo":{"@type":"ImageObject","inLanguage":"fr-FR","@id":"https:\/\/www.photoweb.fr\/espaces\/magazine\/#\/schema\/logo\/image\/","url":"https:\/\/www.photoweb.fr\/espaces\/magazine\/wp-content\/uploads\/2021\/02\/Logo-Photoweb.jpg","contentUrl":"https:\/\/www.photoweb.fr\/espaces\/magazine\/wp-content\/uploads\/2021\/02\/Logo-Photoweb.jpg","width":780,"height":456,"caption":"Photoweb"},"image":{"@id":"https:\/\/www.photoweb.fr\/espaces\/magazine\/#\/schema\/logo\/image\/"},"sameAs":["https:\/\/fr-fr.facebook.com\/Photoweb.fr\/","https:\/\/twitter.com\/Photoweb_fr","https:\/\/www.instagram.com\/photowebfr\/","https:\/\/www.linkedin.com\/company\/347094\/","https:\/\/www.pinterest.fr\/inspirationsphotoweb\/_created\/","https:\/\/www.youtube.com\/channel\/UCtcVmTvkAzKQLVkiwfOm8sg"]},{"@type":"Person","@id":"https:\/\/www.photoweb.fr\/espaces\/magazine\/#\/schema\/person\/111451a615bb7cbe790bf8b1d6b24391","name":"melanie"}]}},"acf":[],"_links":{"self":[{"href":"https:\/\/www.photoweb.fr\/espaces\/magazine\/wp-json\/wp\/v2\/posts\/7792","targetHints":{"allow":["GET"]}}],"collection":[{"href":"https:\/\/www.photoweb.fr\/espaces\/magazine\/wp-json\/wp\/v2\/posts"}],"about":[{"href":"https:\/\/www.photoweb.fr\/espaces\/magazine\/wp-json\/wp\/v2\/types\/post"}],"author":[{"embeddable":true,"href":"https:\/\/www.photoweb.fr\/espaces\/magazine\/wp-json\/wp\/v2\/users\/21"}],"replies":[{"embeddable":true,"href":"https:\/\/www.photoweb.fr\/espaces\/magazine\/wp-json\/wp\/v2\/comments?post=7792"}],"version-history":[{"count":2,"href":"https:\/\/www.photoweb.fr\/espaces\/magazine\/wp-json\/wp\/v2\/posts\/7792\/revisions"}],"predecessor-version":[{"id":12237,"href":"https:\/\/www.photoweb.fr\/espaces\/magazine\/wp-json\/wp\/v2\/posts\/7792\/revisions\/12237"}],"wp:featuredmedia":[{"embeddable":true,"href":"https:\/\/www.photoweb.fr\/espaces\/magazine\/wp-json\/wp\/v2\/media\/7820"}],"wp:attachment":[{"href":"https:\/\/www.photoweb.fr\/espaces\/magazine\/wp-json\/wp\/v2\/media?parent=7792"}],"wp:term":[{"taxonomy":"category","embeddable":true,"href":"https:\/\/www.photoweb.fr\/espaces\/magazine\/wp-json\/wp\/v2\/categories?post=7792"},{"taxonomy":"post_tag","embeddable":true,"href":"https:\/\/www.photoweb.fr\/espaces\/magazine\/wp-json\/wp\/v2\/tags?post=7792"}],"curies":[{"name":"wp","href":"https:\/\/api.w.org\/{rel}","templated":true}]}}