{"id":7844,"date":"2019-05-31T07:17:32","date_gmt":"2019-05-31T07:17:32","guid":{"rendered":"https:\/\/www.photoweb.fr\/espaces\/magazine\/magazine\/?p=7844"},"modified":"2022-06-22T14:01:12","modified_gmt":"2022-06-22T14:01:12","slug":"portrait-de-maman-alicia-de-la-maison-de-marthe-et-marie","status":"publish","type":"post","link":"https:\/\/www.photoweb.fr\/espaces\/magazine\/portrait-de-maman-alicia-de-la-maison-de-marthe-et-marie\/","title":{"rendered":"#1 Portrait de maman : Alicia de La Maison de Marthe et Marie"},"content":{"rendered":"<p>Une nouvelle rubrique voit le jour ! Dans la continuit\u00e9 de notre engagement aupr\u00e8s des mamans, nous avons d\u00e9cid\u00e9 de leur donner la parole. Et c&rsquo;est au tour d&rsquo;Alicia ! Maman et coloc heureuse de <a href=\"https:\/\/business.facebook.com\/lamaisondemartheetmarie\/?__tn__=K-R&amp;eid=ARB9lqDd3shssAMzDXTXXzdiPywXGcqrheT0aEDV28ij2YrDhhLZmOlKkaaBKAPq94OP_K8fhtKGSi60&amp;fref=mentions&amp;__xts__%5B0%5D=68.ARAF1tiQqhBi2L16IDIqsdpfLXdLyTh_gLCVpSwtQI30teLv1iOxehjXYt2XDlcgA0nc1wZkDVXmTI8s4GHipKB0MUjqCSXiZJQwt1RWHPr2mePk-7X7K-zYcwLQyXMcmZksu9mFVL9BeKotLLDiq6K4zl5DYH02OZMlBzf_39kehBLAEH_RsoGLPMEcu-JLOgP17jZL7YIllhiuvQb8CEzk5qcFoBYt533lBpsrOKo0QoMX0KUYvtPxLFAud_8AuL1WZj0hCvucaiKFWZGRP1TTWjjwgOjuMp2xmCrwdAFRqYf-6oPOhCyrAQ4fHkJhenvH\" class=\"broken_link\">La Maison de Marthe et Marie<\/a>, elle nous raconte son parcours.<\/p>\n<p><strong>Bonjour Alicia, enchant\u00e9e !<\/strong><br \/>\n<strong>Pouvez-vous nous en dire un peu plus sur vous ? Sur votre histoire ?<br \/>\n<\/strong><\/p>\n<p>Bonjour, je suis Alicia, 26 ans. Maman depuis 2017, j&rsquo;ai d\u00e9couvert cette fameuse nouvelle le jour du nouvel an. J&rsquo;ai donc commenc\u00e9 l&rsquo;ann\u00e9e 2018 avec le c\u0153ur rempli d&rsquo;\u00e9motions diff\u00e9rentes : de la joie, mais aussi de la peur ! En effet, ma situation n&rsquo;\u00e9tait pas stable que ce soit sentimentalement avec le futur papa, que financi\u00e8rement puisque j&rsquo;\u00e9tais encore \u00e9tudiante.  Une chose \u00e9tant n\u00e9anmoins certaine au plus profond de moi : je voulais mettre cette petite vie au monde et devenir sa maman malgr\u00e9 les d\u00e9fis !<\/p>\n<p>J&rsquo;ai donc gard\u00e9 le secret durant 3 mois. Il n&rsquo;y avait que mon amie la plus proche et le futur p\u00e8re qui \u00e9taient au courant. Il m&rsquo;a alors promis que m\u00eame si nous n&rsquo;avions pas d&rsquo;avenir en commun, il reconnaitrait son enfant.<\/p>\n<p>A cette \u00e9poque, je vivais seule dans un petit studio v\u00e9tuste. Je me sentais vuln\u00e9rable et isol\u00e9e&#8230; J&rsquo;avais besoin d&rsquo;un logement plus grand et surtout d&rsquo;\u00eatre entour\u00e9e, afin de vivre pleinement et sereinement ma grossesse. Je ne voyais aucune solution ayant trop peu de revenus. J&rsquo;avais un mi-temps p\u00e9riscolaire et \u00e0 peine de quoi manger. Il \u00e9tait surtout hors de question de retourner chez mes parents. Je voulais assumer mes actes et mes choix ! N&rsquo;\u00e9tant pas en tr\u00e8s bon terme avec ma maman, j&rsquo;ai du faire face \u00e0 beaucoup de col\u00e8re venant de ma famille quand ils ont appris ma grossesse. J&rsquo;\u00e9tais alors dans une spirale de stress et d&rsquo;inqui\u00e9tude !<\/p>\n<p>&nbsp;<\/p>\n<p><strong>Et comment avez-vous d\u00e9couvert l&rsquo;association La Maison de Marthe et Marie ?<\/strong><\/p>\n<p>Face \u00e0 cette impasse, j&rsquo;ai d\u00e9cid\u00e9 de prendre rendez-vous avec une assistance sociale \u00e0 l\u2019h\u00f4pital. A l&rsquo;instant m\u00eame o\u00f9 j&rsquo;ai eu la brochure de l&rsquo;association entre mes mains, j&rsquo;ai su que c&rsquo;\u00e9tait la solution : une colocation de mamans et volontaire ! Un lieu serein et accessible financi\u00e8rement. J&rsquo;allais pouvoir vivre plus paisiblement ma grossesse, \u00eatre entour\u00e9e par des femmes, ce qui est tr\u00e8s important dans cette \u00e9tape de la vie. \u00catre enceinte, ce n&rsquo;est pas seulement porter la vie. A l&rsquo;int\u00e9rieur de nous, tout est chamboul\u00e9. On change mentalement et physiquement afin d&rsquo;accueillir ce nouvel \u00eatre. Alors si par dessous tout, des probl\u00e8mes se rajoutent, on perd pied. Pourtant devenir maman, c&rsquo;est tellement une chance ! La Maison de Marthe et Marie est comme un tremplin pour appr\u00e9hender l&rsquo;avenir plus sereinement. Nous pouvons y rester jusqu&rsquo;au 1 an du b\u00e9b\u00e9, juste le temps de trouver un autre logement et un travail. Parfaitement ce qu&rsquo;il me fallait ! J&rsquo;ai donc sans h\u00e9sitation pris contact avec la responsable.<\/p>\n<p><img loading=\"lazy\" decoding=\"async\" title=\"alicia portrait maman main b\u00e9b\u00e9\" src=\"https:\/\/www.photoweb.fr\/espaces\/magazine\/wp-content\/uploads\/2019\/03\/alicia-portrait-maman-main-b\u00e9b\u00e9.png\" alt=\"alicia portrait maman main b\u00e9b\u00e9\" width=\"800\" height=\"600\" \/><\/p>\n<p><strong>Qu&rsquo;est-ce-qu&rsquo;elle vous a r\u00e9ellement apport\u00e9 ?<\/strong><\/p>\n<p>Quand je suis arriv\u00e9e \u00e0 la coloc, je me suis sentie comme dans un cocoon. J&rsquo;ai pu enfin l\u00e2cher prise ! Le fait que d&rsquo;autres mamans soient l\u00e0 et vivent les m\u00eame sensations m&rsquo;a beaucoup rassur\u00e9. D&rsquo;ailleurs, mon ventre est sorti d&rsquo;un coup (rires) ! J&rsquo;\u00e9tais \u00e0 6 mois de grossesse quand je suis arriv\u00e9e. Dans ma chambre, il y avait d\u00e9j\u00e0 le berceau, des habits et tout le mat\u00e9riel n\u00e9cessaire pour mon futur b\u00e9b\u00e9 gr\u00e2ce aux dons.<\/p>\n<p>Avec les filles, j&rsquo;ai cr\u00e9\u00e9 de vrais liens d&rsquo;amiti\u00e9. Dans les moments difficiles, je peux partager mes inqui\u00e9tudes. On se sent \u00e9cout\u00e9e et \u00e9paul\u00e9e. On partage \u00e9galement beaucoup de joies ! Gr\u00e2ce au soutien d&rsquo;une b\u00e9n\u00e9vole, j&rsquo;ai entam\u00e9 une proc\u00e9dure DALO ce qui a acc\u00e9l\u00e9r\u00e9 mon attribution \u00e0 un logement sociale. Je suis devenue prioritaire.<\/p>\n<p>&nbsp;<\/p>\n<p><strong>A quoi ressemble une semaine type \u00e0 la coloc ?<br \/>\n<\/strong><\/p>\n<p>Le lundi, nous avons un \u00ab\u00a0d\u00eener coloc\u00a0\u00bb. Tout le monde est convi\u00e9 afin d&rsquo;\u00e9changer sur la semaine, les doutes, les joies, les projets, la vie en communaut\u00e9. Il faut savoir qu&rsquo;en journ\u00e9e, les volontaires travaillent. De note c\u00f4t\u00e9, le mardi apr\u00e8s-midi nous avons atelier de couture ce qui nous permet de confectionner des v\u00eatements pour b\u00e9b\u00e9 et m\u00eame pour nous. Nous discutons beaucoup, notamment autour d&rsquo;un th\u00e9. Parfois, le temps d&rsquo;une sieste par exemple, je peux laisser ma fille \u00e0 une autre coloc ou une b\u00e9n\u00e9vole. Cela me fait r\u00e9ellement du bien car quand on est maman, on a tr\u00e8s peu de temps pour soi.<\/p>\n<p><img loading=\"lazy\" decoding=\"async\" title=\"alicia b\u00e9b\u00e9 maman bras\" src=\"https:\/\/www.photoweb.fr\/espaces\/magazine\/wp-content\/uploads\/2019\/03\/alicia-b\u00e9b\u00e9-maman-bras.png\" alt=\"alicia b\u00e9b\u00e9 maman bras\" width=\"800\" height=\"600\" \/><\/p>\n<p><strong>Qu&rsquo;est ce qui a chang\u00e9 en vous depuis que vous \u00eates maman ?<\/strong><\/p>\n<p>Ma fille me rend plus que forte ! Je ne suis plus centr\u00e9e sur moi-m\u00eame et je n&rsquo;ai plus la possibilit\u00e9 de me r\u00e9signer. Quand on devient maman, on apprend aussi \u00e0 \u00eatre plus patiente et surtout \u00e0 rester zen. Un b\u00e9b\u00e9 ressent tout, on ne peut rien lui cacher. Ma fille me donne le courage de me battre et d&rsquo;avancer. Je suis heureuse car j&rsquo;ai re\u00e7u une proposition d&rsquo;appartement pr\u00e8s de ma famille. D&rsquo;ici 1 mois, je vais donc reprendre mon envol. De plus, j&rsquo;ai d\u00e9cid\u00e9 de passer un concours afin d&rsquo;avoir une situation stable. Et par dessus tout, cet \u00e9t\u00e9 je pars en Espagne, le pays d&rsquo;origine de mes grands-parents, pour pr\u00e9senter ma fille !<\/p>\n<p>&nbsp;<\/p>\n<p><strong>Et depuis que vous \u00eates \u00e0 la coloc?<\/strong><\/p>\n<p>Quand vous \u00eates en mode survie, vous n&rsquo;avez pas le temps de faire des projets, de penser \u00e0 l&rsquo;avenir. La colocation m&rsquo;a permis de me reposer, d&rsquo;\u00eatre plus calme et moins stress\u00e9e. Quand la peur remplie mon c\u0153ur, j&rsquo;ai tendance \u00e0 \u00eatre irritable, susceptible, alors quand les hormones s&rsquo;en m\u00ealent, tout est d\u00e9cupl\u00e9 ! La coloc m&rsquo;a alors apport\u00e9 la s\u00e9r\u00e9nit\u00e9 ce qui m&rsquo;a notamment permis de mieux m&rsquo;entendre avec le p\u00e8re de ma fille. Avant la colocation, c&rsquo;est vrai que j&rsquo;avais un grand sentiment d&rsquo;abandon. J&rsquo;\u00e9tais bris\u00e9e et n&rsquo;acceptais pas la situation avec mon ancien compagnon. Avec le temps, j&rsquo;ai r\u00e9ussi \u00e0 d\u00e9dramatiser et accepter. Puis au fond de moi, je sais que tout ceci n&rsquo;est pas arriv\u00e9 par hasard !<\/p>\n<p>&nbsp;<\/p>\n<p><strong>Merci beaucoup Alicia. Peut \u00eatre un dernier message \u00e0 faire passer \u00e0 toutes les mamans ou futures mamans qui peuvent rencontrer des difficult\u00e9s ?<\/strong><\/p>\n<p>A chaque fois que je pense \u00e0 mon parcours, je pense \u00e0 toutes ces mamans enceintes, seules, qui se demandent si elles m\u00e9ritent vraiment d&rsquo;\u00eatre maman car elles n&rsquo;ont rien de stable \u00e0 offrir \u00e0 leur futur b\u00e9b\u00e9. J&rsquo;aimerais leur dire qu&rsquo;un enfant qui na\u00eet a besoin d&rsquo;une seule chose : la pr\u00e9sence de sa maman. L&rsquo;argent, le m\u00e9rite n&rsquo;ont pas leur place en ce moment si intense. Il s&rsquo;ag\u00eet juste d&rsquo;amour ! Heureusement qu&rsquo;il existe des associations comme La Maison de Marthe et Marie ainsi que des aides sociales en France, pour nous redonner l&rsquo;espoir d&rsquo;un bel avenir, seule avec son b\u00e9b\u00e9.<\/p>\n<p>Ce que je recommande aux mamans et futures mamans, c&rsquo;est de ne pas s&rsquo;isoler ! Il faut s&rsquo;entourer de personnes bienveillantes qui pourront vous tirer vers le haut, qui seront fiables et \u00e0 l&rsquo;\u00e9coute. Parfois la famille, \u00ab\u00a0pour notre bien\u00a0\u00bb, peut vous dire que ce n&rsquo;est pas raisonnable, pas responsable, alors que votre c\u0153ur vous affirme le contraire. Si c&rsquo;est le cas, que vous vous en sentez capable, alors suivez votre c\u0153ur. L&rsquo;essentiel est d&rsquo;\u00eatre responsable, d&rsquo;assumer ses responsabilit\u00e9s et d&rsquo;offrir un lieu chaleureux  \u00e0 son enfant.<\/p>\n<p>&nbsp;<\/p>\n<p><strong>On vous souhaite tout le bonheur que vous m\u00e9ritez et la r\u00e9alisation de tous vos projets.<br \/>\n<\/strong><\/p>\n<p>Merci Alicia !<\/p>\n","protected":false},"excerpt":{"rendered":"<p>Une nouvelle rubrique voit le jour ! Dans la continuit\u00e9 de notre engagement aupr\u00e8s des mamans, nous avons d\u00e9cid\u00e9 de leur donner la parole. Et c&rsquo;est au tour d&rsquo;Alicia ! Maman et coloc heureuse de La Maison de Marthe et Marie, elle nous raconte son parcours. Bonjour Alicia, enchant\u00e9e ! Pouvez-vous nous en dire un&hellip;<\/p>\n","protected":false},"author":21,"featured_media":7872,"comment_status":"open","ping_status":"open","sticky":false,"template":"single-standard.php","format":"standard","meta":{"footnotes":""},"categories":[31],"tags":[],"class_list":["post-7844","post","type-post","status-publish","format-standard","has-post-thumbnail","hentry","category-instants-de-vie"],"yoast_head":"<!-- This site is optimized with the Yoast SEO plugin v20.3 - https:\/\/yoast.com\/wordpress\/plugins\/seo\/ -->\n<title>Portrait de maman : Alicia coloc heureuse de la Maison de Marthe et Marie<\/title>\n<meta name=\"description\" content=\"Dans la continuit\u00e9 de notre engagement aupr\u00e8s des mamans, nous leur donnons la parole ! D\u00e9couvrez Alicia, maman et coloc de la Maison de Marthe et Marie.\" \/>\n<meta name=\"robots\" content=\"index, follow, max-snippet:-1, max-image-preview:large, max-video-preview:-1\" \/>\n<link rel=\"canonical\" href=\"https:\/\/www.photoweb.fr\/espaces\/magazine\/portrait-de-maman-alicia-de-la-maison-de-marthe-et-marie\/\" \/>\n<meta property=\"og:locale\" content=\"fr_FR\" \/>\n<meta property=\"og:type\" content=\"article\" \/>\n<meta property=\"og:title\" content=\"Portrait de maman : Alicia coloc heureuse de la Maison de Marthe et Marie\" \/>\n<meta property=\"og:description\" content=\"Dans la continuit\u00e9 de notre engagement aupr\u00e8s des mamans, nous leur donnons la parole ! D\u00e9couvrez Alicia, maman et coloc de la Maison de Marthe et Marie.\" \/>\n<meta property=\"og:url\" content=\"https:\/\/www.photoweb.fr\/espaces\/magazine\/portrait-de-maman-alicia-de-la-maison-de-marthe-et-marie\/\" \/>\n<meta property=\"og:site_name\" content=\"Photoweb, le mag\" \/>\n<meta property=\"article:publisher\" content=\"https:\/\/fr-fr.facebook.com\/Photoweb.fr\/\" \/>\n<meta property=\"article:published_time\" content=\"2019-05-31T07:17:32+00:00\" \/>\n<meta property=\"article:modified_time\" content=\"2022-06-22T14:01:12+00:00\" \/>\n<meta property=\"og:image\" content=\"https:\/\/www.photoweb.fr\/espaces\/magazine\/wp-content\/uploads\/2019\/02\/portraits-de-maman-alicia.png\" \/>\n\t<meta property=\"og:image:width\" content=\"800\" \/>\n\t<meta property=\"og:image:height\" content=\"600\" \/>\n\t<meta property=\"og:image:type\" content=\"image\/png\" \/>\n<meta name=\"author\" content=\"melanie\" \/>\n<meta name=\"twitter:card\" content=\"summary_large_image\" \/>\n<meta name=\"twitter:creator\" content=\"@Photoweb_fr\" \/>\n<meta name=\"twitter:site\" content=\"@Photoweb_fr\" \/>\n<meta name=\"twitter:label1\" content=\"\u00c9crit par\" \/>\n\t<meta name=\"twitter:data1\" content=\"melanie\" \/>\n\t<meta name=\"twitter:label2\" content=\"Dur\u00e9e de lecture estim\u00e9e\" \/>\n\t<meta name=\"twitter:data2\" content=\"6 minutes\" \/>\n<script type=\"application\/ld+json\" class=\"yoast-schema-graph\">{\"@context\":\"https:\/\/schema.org\",\"@graph\":[{\"@type\":\"Article\",\"@id\":\"https:\/\/www.photoweb.fr\/espaces\/magazine\/portrait-de-maman-alicia-de-la-maison-de-marthe-et-marie\/#article\",\"isPartOf\":{\"@id\":\"https:\/\/www.photoweb.fr\/espaces\/magazine\/portrait-de-maman-alicia-de-la-maison-de-marthe-et-marie\/\"},\"author\":{\"name\":\"melanie\",\"@id\":\"https:\/\/www.photoweb.fr\/espaces\/magazine\/#\/schema\/person\/111451a615bb7cbe790bf8b1d6b24391\"},\"headline\":\"#1 Portrait de maman : Alicia de La Maison de Marthe et Marie\",\"datePublished\":\"2019-05-31T07:17:32+00:00\",\"dateModified\":\"2022-06-22T14:01:12+00:00\",\"mainEntityOfPage\":{\"@id\":\"https:\/\/www.photoweb.fr\/espaces\/magazine\/portrait-de-maman-alicia-de-la-maison-de-marthe-et-marie\/\"},\"wordCount\":1295,\"commentCount\":0,\"publisher\":{\"@id\":\"https:\/\/www.photoweb.fr\/espaces\/magazine\/#organization\"},\"articleSection\":[\"Instants de vie\"],\"inLanguage\":\"fr-FR\",\"potentialAction\":[{\"@type\":\"CommentAction\",\"name\":\"Comment\",\"target\":[\"https:\/\/www.photoweb.fr\/espaces\/magazine\/portrait-de-maman-alicia-de-la-maison-de-marthe-et-marie\/#respond\"]}]},{\"@type\":\"WebPage\",\"@id\":\"https:\/\/www.photoweb.fr\/espaces\/magazine\/portrait-de-maman-alicia-de-la-maison-de-marthe-et-marie\/\",\"url\":\"https:\/\/www.photoweb.fr\/espaces\/magazine\/portrait-de-maman-alicia-de-la-maison-de-marthe-et-marie\/\",\"name\":\"Portrait de maman : Alicia coloc heureuse de la Maison de Marthe et Marie\",\"isPartOf\":{\"@id\":\"https:\/\/www.photoweb.fr\/espaces\/magazine\/#website\"},\"datePublished\":\"2019-05-31T07:17:32+00:00\",\"dateModified\":\"2022-06-22T14:01:12+00:00\",\"description\":\"Dans la continuit\u00e9 de notre engagement aupr\u00e8s des mamans, nous leur donnons la parole ! D\u00e9couvrez Alicia, maman et coloc de la Maison de Marthe et Marie.\",\"breadcrumb\":{\"@id\":\"https:\/\/www.photoweb.fr\/espaces\/magazine\/portrait-de-maman-alicia-de-la-maison-de-marthe-et-marie\/#breadcrumb\"},\"inLanguage\":\"fr-FR\",\"potentialAction\":[{\"@type\":\"ReadAction\",\"target\":[\"https:\/\/www.photoweb.fr\/espaces\/magazine\/portrait-de-maman-alicia-de-la-maison-de-marthe-et-marie\/\"]}]},{\"@type\":\"BreadcrumbList\",\"@id\":\"https:\/\/www.photoweb.fr\/espaces\/magazine\/portrait-de-maman-alicia-de-la-maison-de-marthe-et-marie\/#breadcrumb\",\"itemListElement\":[{\"@type\":\"ListItem\",\"position\":1,\"name\":\"Accueil\",\"item\":\"https:\/\/www.photoweb.fr\/espaces\/magazine\/\"},{\"@type\":\"ListItem\",\"position\":2,\"name\":\"Instants de vie\",\"item\":\"https:\/\/www.photoweb.fr\/espaces\/magazine\/instants-de-vie\/\"},{\"@type\":\"ListItem\",\"position\":3,\"name\":\"#1 Portrait de maman : Alicia de La Maison de Marthe et Marie\"}]},{\"@type\":\"WebSite\",\"@id\":\"https:\/\/www.photoweb.fr\/espaces\/magazine\/#website\",\"url\":\"https:\/\/www.photoweb.fr\/espaces\/magazine\/\",\"name\":\"Photoweb, le mag\",\"description\":\"Le magazine de Photoweb\",\"publisher\":{\"@id\":\"https:\/\/www.photoweb.fr\/espaces\/magazine\/#organization\"},\"potentialAction\":[{\"@type\":\"SearchAction\",\"target\":{\"@type\":\"EntryPoint\",\"urlTemplate\":\"https:\/\/www.photoweb.fr\/espaces\/magazine\/?s={search_term_string}\"},\"query-input\":\"required name=search_term_string\"}],\"inLanguage\":\"fr-FR\"},{\"@type\":\"Organization\",\"@id\":\"https:\/\/www.photoweb.fr\/espaces\/magazine\/#organization\",\"name\":\"Photoweb\",\"url\":\"https:\/\/www.photoweb.fr\/espaces\/magazine\/\",\"logo\":{\"@type\":\"ImageObject\",\"inLanguage\":\"fr-FR\",\"@id\":\"https:\/\/www.photoweb.fr\/espaces\/magazine\/#\/schema\/logo\/image\/\",\"url\":\"https:\/\/www.photoweb.fr\/espaces\/magazine\/wp-content\/uploads\/2021\/02\/Logo-Photoweb.jpg\",\"contentUrl\":\"https:\/\/www.photoweb.fr\/espaces\/magazine\/wp-content\/uploads\/2021\/02\/Logo-Photoweb.jpg\",\"width\":780,\"height\":456,\"caption\":\"Photoweb\"},\"image\":{\"@id\":\"https:\/\/www.photoweb.fr\/espaces\/magazine\/#\/schema\/logo\/image\/\"},\"sameAs\":[\"https:\/\/fr-fr.facebook.com\/Photoweb.fr\/\",\"https:\/\/twitter.com\/Photoweb_fr\",\"https:\/\/www.instagram.com\/photowebfr\/\",\"https:\/\/www.linkedin.com\/company\/347094\/\",\"https:\/\/www.pinterest.fr\/inspirationsphotoweb\/_created\/\",\"https:\/\/www.youtube.com\/channel\/UCtcVmTvkAzKQLVkiwfOm8sg\"]},{\"@type\":\"Person\",\"@id\":\"https:\/\/www.photoweb.fr\/espaces\/magazine\/#\/schema\/person\/111451a615bb7cbe790bf8b1d6b24391\",\"name\":\"melanie\"}]}<\/script>\n<!-- \/ Yoast SEO plugin. -->","yoast_head_json":{"title":"Portrait de maman : Alicia coloc heureuse de la Maison de Marthe et Marie","description":"Dans la continuit\u00e9 de notre engagement aupr\u00e8s des mamans, nous leur donnons la parole ! D\u00e9couvrez Alicia, maman et coloc de la Maison de Marthe et Marie.","robots":{"index":"index","follow":"follow","max-snippet":"max-snippet:-1","max-image-preview":"max-image-preview:large","max-video-preview":"max-video-preview:-1"},"canonical":"https:\/\/www.photoweb.fr\/espaces\/magazine\/portrait-de-maman-alicia-de-la-maison-de-marthe-et-marie\/","og_locale":"fr_FR","og_type":"article","og_title":"Portrait de maman : Alicia coloc heureuse de la Maison de Marthe et Marie","og_description":"Dans la continuit\u00e9 de notre engagement aupr\u00e8s des mamans, nous leur donnons la parole ! D\u00e9couvrez Alicia, maman et coloc de la Maison de Marthe et Marie.","og_url":"https:\/\/www.photoweb.fr\/espaces\/magazine\/portrait-de-maman-alicia-de-la-maison-de-marthe-et-marie\/","og_site_name":"Photoweb, le mag","article_publisher":"https:\/\/fr-fr.facebook.com\/Photoweb.fr\/","article_published_time":"2019-05-31T07:17:32+00:00","article_modified_time":"2022-06-22T14:01:12+00:00","og_image":[{"width":800,"height":600,"url":"https:\/\/www.photoweb.fr\/espaces\/magazine\/wp-content\/uploads\/2019\/02\/portraits-de-maman-alicia.png","type":"image\/png"}],"author":"melanie","twitter_card":"summary_large_image","twitter_creator":"@Photoweb_fr","twitter_site":"@Photoweb_fr","twitter_misc":{"\u00c9crit par":"melanie","Dur\u00e9e de lecture estim\u00e9e":"6 minutes"},"schema":{"@context":"https:\/\/schema.org","@graph":[{"@type":"Article","@id":"https:\/\/www.photoweb.fr\/espaces\/magazine\/portrait-de-maman-alicia-de-la-maison-de-marthe-et-marie\/#article","isPartOf":{"@id":"https:\/\/www.photoweb.fr\/espaces\/magazine\/portrait-de-maman-alicia-de-la-maison-de-marthe-et-marie\/"},"author":{"name":"melanie","@id":"https:\/\/www.photoweb.fr\/espaces\/magazine\/#\/schema\/person\/111451a615bb7cbe790bf8b1d6b24391"},"headline":"#1 Portrait de maman : Alicia de La Maison de Marthe et Marie","datePublished":"2019-05-31T07:17:32+00:00","dateModified":"2022-06-22T14:01:12+00:00","mainEntityOfPage":{"@id":"https:\/\/www.photoweb.fr\/espaces\/magazine\/portrait-de-maman-alicia-de-la-maison-de-marthe-et-marie\/"},"wordCount":1295,"commentCount":0,"publisher":{"@id":"https:\/\/www.photoweb.fr\/espaces\/magazine\/#organization"},"articleSection":["Instants de vie"],"inLanguage":"fr-FR","potentialAction":[{"@type":"CommentAction","name":"Comment","target":["https:\/\/www.photoweb.fr\/espaces\/magazine\/portrait-de-maman-alicia-de-la-maison-de-marthe-et-marie\/#respond"]}]},{"@type":"WebPage","@id":"https:\/\/www.photoweb.fr\/espaces\/magazine\/portrait-de-maman-alicia-de-la-maison-de-marthe-et-marie\/","url":"https:\/\/www.photoweb.fr\/espaces\/magazine\/portrait-de-maman-alicia-de-la-maison-de-marthe-et-marie\/","name":"Portrait de maman : Alicia coloc heureuse de la Maison de Marthe et Marie","isPartOf":{"@id":"https:\/\/www.photoweb.fr\/espaces\/magazine\/#website"},"datePublished":"2019-05-31T07:17:32+00:00","dateModified":"2022-06-22T14:01:12+00:00","description":"Dans la continuit\u00e9 de notre engagement aupr\u00e8s des mamans, nous leur donnons la parole ! D\u00e9couvrez Alicia, maman et coloc de la Maison de Marthe et Marie.","breadcrumb":{"@id":"https:\/\/www.photoweb.fr\/espaces\/magazine\/portrait-de-maman-alicia-de-la-maison-de-marthe-et-marie\/#breadcrumb"},"inLanguage":"fr-FR","potentialAction":[{"@type":"ReadAction","target":["https:\/\/www.photoweb.fr\/espaces\/magazine\/portrait-de-maman-alicia-de-la-maison-de-marthe-et-marie\/"]}]},{"@type":"BreadcrumbList","@id":"https:\/\/www.photoweb.fr\/espaces\/magazine\/portrait-de-maman-alicia-de-la-maison-de-marthe-et-marie\/#breadcrumb","itemListElement":[{"@type":"ListItem","position":1,"name":"Accueil","item":"https:\/\/www.photoweb.fr\/espaces\/magazine\/"},{"@type":"ListItem","position":2,"name":"Instants de vie","item":"https:\/\/www.photoweb.fr\/espaces\/magazine\/instants-de-vie\/"},{"@type":"ListItem","position":3,"name":"#1 Portrait de maman : Alicia de La Maison de Marthe et Marie"}]},{"@type":"WebSite","@id":"https:\/\/www.photoweb.fr\/espaces\/magazine\/#website","url":"https:\/\/www.photoweb.fr\/espaces\/magazine\/","name":"Photoweb, le mag","description":"Le magazine de Photoweb","publisher":{"@id":"https:\/\/www.photoweb.fr\/espaces\/magazine\/#organization"},"potentialAction":[{"@type":"SearchAction","target":{"@type":"EntryPoint","urlTemplate":"https:\/\/www.photoweb.fr\/espaces\/magazine\/?s={search_term_string}"},"query-input":"required name=search_term_string"}],"inLanguage":"fr-FR"},{"@type":"Organization","@id":"https:\/\/www.photoweb.fr\/espaces\/magazine\/#organization","name":"Photoweb","url":"https:\/\/www.photoweb.fr\/espaces\/magazine\/","logo":{"@type":"ImageObject","inLanguage":"fr-FR","@id":"https:\/\/www.photoweb.fr\/espaces\/magazine\/#\/schema\/logo\/image\/","url":"https:\/\/www.photoweb.fr\/espaces\/magazine\/wp-content\/uploads\/2021\/02\/Logo-Photoweb.jpg","contentUrl":"https:\/\/www.photoweb.fr\/espaces\/magazine\/wp-content\/uploads\/2021\/02\/Logo-Photoweb.jpg","width":780,"height":456,"caption":"Photoweb"},"image":{"@id":"https:\/\/www.photoweb.fr\/espaces\/magazine\/#\/schema\/logo\/image\/"},"sameAs":["https:\/\/fr-fr.facebook.com\/Photoweb.fr\/","https:\/\/twitter.com\/Photoweb_fr","https:\/\/www.instagram.com\/photowebfr\/","https:\/\/www.linkedin.com\/company\/347094\/","https:\/\/www.pinterest.fr\/inspirationsphotoweb\/_created\/","https:\/\/www.youtube.com\/channel\/UCtcVmTvkAzKQLVkiwfOm8sg"]},{"@type":"Person","@id":"https:\/\/www.photoweb.fr\/espaces\/magazine\/#\/schema\/person\/111451a615bb7cbe790bf8b1d6b24391","name":"melanie"}]}},"acf":[],"_links":{"self":[{"href":"https:\/\/www.photoweb.fr\/espaces\/magazine\/wp-json\/wp\/v2\/posts\/7844","targetHints":{"allow":["GET"]}}],"collection":[{"href":"https:\/\/www.photoweb.fr\/espaces\/magazine\/wp-json\/wp\/v2\/posts"}],"about":[{"href":"https:\/\/www.photoweb.fr\/espaces\/magazine\/wp-json\/wp\/v2\/types\/post"}],"author":[{"embeddable":true,"href":"https:\/\/www.photoweb.fr\/espaces\/magazine\/wp-json\/wp\/v2\/users\/21"}],"replies":[{"embeddable":true,"href":"https:\/\/www.photoweb.fr\/espaces\/magazine\/wp-json\/wp\/v2\/comments?post=7844"}],"version-history":[{"count":1,"href":"https:\/\/www.photoweb.fr\/espaces\/magazine\/wp-json\/wp\/v2\/posts\/7844\/revisions"}],"predecessor-version":[{"id":11504,"href":"https:\/\/www.photoweb.fr\/espaces\/magazine\/wp-json\/wp\/v2\/posts\/7844\/revisions\/11504"}],"wp:featuredmedia":[{"embeddable":true,"href":"https:\/\/www.photoweb.fr\/espaces\/magazine\/wp-json\/wp\/v2\/media\/7872"}],"wp:attachment":[{"href":"https:\/\/www.photoweb.fr\/espaces\/magazine\/wp-json\/wp\/v2\/media?parent=7844"}],"wp:term":[{"taxonomy":"category","embeddable":true,"href":"https:\/\/www.photoweb.fr\/espaces\/magazine\/wp-json\/wp\/v2\/categories?post=7844"},{"taxonomy":"post_tag","embeddable":true,"href":"https:\/\/www.photoweb.fr\/espaces\/magazine\/wp-json\/wp\/v2\/tags?post=7844"}],"curies":[{"name":"wp","href":"https:\/\/api.w.org\/{rel}","templated":true}]}}