{"id":8046,"date":"2019-05-28T15:40:49","date_gmt":"2019-05-28T15:40:49","guid":{"rendered":"https:\/\/www.photoweb.fr\/espaces\/magazine\/magazine\/?p=8046"},"modified":"2022-06-22T14:01:21","modified_gmt":"2022-06-22T14:01:21","slug":"sac-tissu-personnalise-le-cadeau-ideal-pour-les-copines","status":"publish","type":"post","link":"https:\/\/www.photoweb.fr\/espaces\/magazine\/sac-tissu-personnalise-le-cadeau-ideal-pour-les-copines\/","title":{"rendered":"Sac tissu personnalis\u00e9 : le cadeau id\u00e9al pour les copines !"},"content":{"rendered":"<p>L&rsquo;\u00e9poque des sacs plastique est r\u00e9volue ! Aujourd&rsquo;hui, on prend soin de l&rsquo;environnement. Ainsi, pour faire ses courses avec classe, rien ne vaut le <strong>sac tissu personnalis\u00e9<\/strong>. Un accessoire pratique et tendance, pour faire ses emplettes. Mais comment personnaliser un sac en tissu ? Rien de plus facile, en quelques clics en ligne ! On vous explique tout !<\/p>\n<h2>Sac tissu personnalis\u00e9 : le compagnon tendance par excellence !<\/h2>\n<p>Vous ne voudrez plus sortir sans lui ! Le sac shopping tissu personnalisable va vous accompagner et ne jamais vous faire d\u00e9faut. Un magnifique <a href=\"https:\/\/www.photoweb.fr\/deco-maison\/totebag-personnalise\">tote bag personnalis\u00e9<\/a> enti\u00e8rement \u00e0 votre image et tendance. Mais comment \u00e7a marche au juste ? C&rsquo;est tr\u00e8s simple : vous avez la possibilit\u00e9 de fabriquer en ligne le plus beau des sacs tissu, avec choisissant parmi plusieurs designs et en ajoutant des photos que vous aurez s\u00e9lectionn\u00e9 au pr\u00e9alable.<\/p>\n<h2>Tout est possible avec le sac en tissu personnalisable<\/h2>\n<p>Que vous soyez d&rsquo;humeur romantique ou audacieuse, pour toutes les occasions, comme la f\u00eate des m\u00e8res ou des p\u00e8res, No\u00ebl ou pourquoi pas la Saint-Valentin, en toutes saisons, le sac en tissu personnalisable se plie en quatre pour vous satisfaire. Tour \u00e0 tour vintage, plus sobre, amusant et toujours original, il peut accueillir une ou plusieurs de vos plus belles photos et ainsi devenir une extension de votre personnalit\u00e9. Avec le sac toile personnalis\u00e9, vous pouvez \u00eatre s\u00fbr.e de sortir du lot. De nombreuses combinaisons sont possibles et il est d&rsquo;ailleurs tr\u00e8s amusant de concevoir son sac tissu. Un vrai jeu d&rsquo;enfant !<\/p>\n<h2>Sac tissu personnalis\u00e9 : pour toutes les occasions de la vie<\/h2>\n<p>Id\u00e9al pour vous accompagner \u00e0 la salle de gym, au march\u00e9, lors de vos apr\u00e8s-midis shopping, mais aussi parfait pour transporter les affaires de b\u00e9b\u00e9, le sac en tissu personnalisable peut, gr\u00e2ce \u00e0 ses dimensions (38&#215;40 cm) contenir de nombreux objets. Solide, il peut faire face \u00e0 toutes les situations et permet de transporter partout avec vous vos plus beaux souvenirs. Fabriqu\u00e9 en mati\u00e8re Panama, il est aussi souple que l\u00e9ger. Termin\u00e9e la monotonie des sacs plastique et papier, avec le sac en tissu personnalis\u00e9, le quotidien reprend des couleurs ! Ne vous \u00e9tonnez d&rsquo;ailleurs pas de l&rsquo;adopter tr\u00e8s rapidement au point de peut-\u00eatre personnaliser plusieurs sacs !<\/p>\n<p>1.2.3.<br \/>\nimprimez\u202f!<\/p>\n<p><a href=\"https:\/\/www.photoweb.fr\/deco-maison\/totebag-personnalise\" target=\"_blank\" rel=\"noopener\"><br \/>\n<img loading=\"lazy\" decoding=\"async\" title=\"tote bag personnalis\u00e9\" src=\"https:\/\/www.photoweb.fr\/espaces\/magazine\/wp-content\/uploads\/2019\/05\/sac-600x600px.jpg\" alt=\"tote bag personnalis\u00e9\" width=\"600\" height=\"600\" \/><br \/>\n<\/a><br \/>\n<a href=\"https:\/\/www.photoweb.fr\/deco-maison\/totebag-personnalise\"><br \/>\ncr\u00e9er mon tote bag<\/a><\/p>\n","protected":false},"excerpt":{"rendered":"<p>L&rsquo;\u00e9poque des sacs plastiques est r\u00e9volue ! Aujourd&rsquo;hui, on prend soin de l&rsquo;environnement. Ainsi, pour faire ses courses avec classe, rien ne vaut le sac tissu personnalis\u00e9. Un accessoire pratique et tendance, pour faire ses emplettes. Mais comment personnaliser un sac en tissu ? Rien de plus facile, en quelques clics en ligne ! On vous explique tout !<\/p>\n","protected":false},"author":21,"featured_media":8047,"comment_status":"open","ping_status":"open","sticky":false,"template":"single-standard.php","format":"standard","meta":{"footnotes":""},"categories":[5],"tags":[104],"class_list":["post-8046","post","type-post","status-publish","format-standard","has-post-thumbnail","hentry","category-carnet-de-tendances","tag-sac-personnalise"],"yoast_head":"<!-- This site is optimized with the Yoast SEO plugin v20.3 - https:\/\/yoast.com\/wordpress\/plugins\/seo\/ -->\n<title>Sac tissu personnalis\u00e9 : le cadeau id\u00e9al pour les copines !<\/title>\n<meta name=\"description\" content=\"A la recherche d&#039;une id\u00e9e cadeau pour une amie ? Aviez-vous pens\u00e9 au sac en tissu personnalis\u00e9 ? Cr\u00e9ez lui en un \u00e0 son image !\" \/>\n<meta name=\"robots\" content=\"index, follow, max-snippet:-1, max-image-preview:large, max-video-preview:-1\" \/>\n<link rel=\"canonical\" href=\"https:\/\/www.photoweb.fr\/espaces\/magazine\/sac-tissu-personnalise-le-cadeau-ideal-pour-les-copines\/\" \/>\n<meta property=\"og:locale\" content=\"fr_FR\" \/>\n<meta property=\"og:type\" content=\"article\" \/>\n<meta property=\"og:title\" content=\"Sac tissu personnalis\u00e9 : le cadeau id\u00e9al pour les copines !\" \/>\n<meta property=\"og:description\" content=\"A la recherche d&#039;une id\u00e9e cadeau pour une amie ? Aviez-vous pens\u00e9 au sac en tissu personnalis\u00e9 ? Cr\u00e9ez lui en un \u00e0 son image !\" \/>\n<meta property=\"og:url\" content=\"https:\/\/www.photoweb.fr\/espaces\/magazine\/sac-tissu-personnalise-le-cadeau-ideal-pour-les-copines\/\" \/>\n<meta property=\"og:site_name\" content=\"Photoweb, le mag\" \/>\n<meta property=\"article:publisher\" content=\"https:\/\/fr-fr.facebook.com\/Photoweb.fr\/\" \/>\n<meta property=\"article:published_time\" content=\"2019-05-28T15:40:49+00:00\" \/>\n<meta property=\"article:modified_time\" content=\"2022-06-22T14:01:21+00:00\" \/>\n<meta property=\"og:image\" content=\"https:\/\/www.photoweb.fr\/espaces\/magazine\/wp-content\/uploads\/2019\/05\/sac-tissu-personnalise.jpg\" \/>\n\t<meta property=\"og:image:width\" content=\"800\" \/>\n\t<meta property=\"og:image:height\" content=\"600\" \/>\n\t<meta property=\"og:image:type\" content=\"image\/jpeg\" \/>\n<meta name=\"author\" content=\"melanie\" \/>\n<meta name=\"twitter:card\" content=\"summary_large_image\" \/>\n<meta name=\"twitter:creator\" content=\"@Photoweb_fr\" \/>\n<meta name=\"twitter:site\" content=\"@Photoweb_fr\" \/>\n<meta name=\"twitter:label1\" content=\"\u00c9crit par\" \/>\n\t<meta name=\"twitter:data1\" content=\"melanie\" \/>\n\t<meta name=\"twitter:label2\" content=\"Dur\u00e9e de lecture estim\u00e9e\" \/>\n\t<meta name=\"twitter:data2\" content=\"2 minutes\" \/>\n<script type=\"application\/ld+json\" class=\"yoast-schema-graph\">{\"@context\":\"https:\/\/schema.org\",\"@graph\":[{\"@type\":\"Article\",\"@id\":\"https:\/\/www.photoweb.fr\/espaces\/magazine\/sac-tissu-personnalise-le-cadeau-ideal-pour-les-copines\/#article\",\"isPartOf\":{\"@id\":\"https:\/\/www.photoweb.fr\/espaces\/magazine\/sac-tissu-personnalise-le-cadeau-ideal-pour-les-copines\/\"},\"author\":{\"name\":\"melanie\",\"@id\":\"https:\/\/www.photoweb.fr\/espaces\/magazine\/#\/schema\/person\/111451a615bb7cbe790bf8b1d6b24391\"},\"headline\":\"Sac tissu personnalis\u00e9 : le cadeau id\u00e9al pour les copines !\",\"datePublished\":\"2019-05-28T15:40:49+00:00\",\"dateModified\":\"2022-06-22T14:01:21+00:00\",\"mainEntityOfPage\":{\"@id\":\"https:\/\/www.photoweb.fr\/espaces\/magazine\/sac-tissu-personnalise-le-cadeau-ideal-pour-les-copines\/\"},\"wordCount\":395,\"commentCount\":0,\"publisher\":{\"@id\":\"https:\/\/www.photoweb.fr\/espaces\/magazine\/#organization\"},\"keywords\":[\"sac personnalis\u00e9\"],\"articleSection\":[\"Carnet de tendance\"],\"inLanguage\":\"fr-FR\",\"potentialAction\":[{\"@type\":\"CommentAction\",\"name\":\"Comment\",\"target\":[\"https:\/\/www.photoweb.fr\/espaces\/magazine\/sac-tissu-personnalise-le-cadeau-ideal-pour-les-copines\/#respond\"]}]},{\"@type\":\"WebPage\",\"@id\":\"https:\/\/www.photoweb.fr\/espaces\/magazine\/sac-tissu-personnalise-le-cadeau-ideal-pour-les-copines\/\",\"url\":\"https:\/\/www.photoweb.fr\/espaces\/magazine\/sac-tissu-personnalise-le-cadeau-ideal-pour-les-copines\/\",\"name\":\"Sac tissu personnalis\u00e9 : le cadeau id\u00e9al pour les copines !\",\"isPartOf\":{\"@id\":\"https:\/\/www.photoweb.fr\/espaces\/magazine\/#website\"},\"datePublished\":\"2019-05-28T15:40:49+00:00\",\"dateModified\":\"2022-06-22T14:01:21+00:00\",\"description\":\"A la recherche d'une id\u00e9e cadeau pour une amie ? Aviez-vous pens\u00e9 au sac en tissu personnalis\u00e9 ? Cr\u00e9ez lui en un \u00e0 son image !\",\"breadcrumb\":{\"@id\":\"https:\/\/www.photoweb.fr\/espaces\/magazine\/sac-tissu-personnalise-le-cadeau-ideal-pour-les-copines\/#breadcrumb\"},\"inLanguage\":\"fr-FR\",\"potentialAction\":[{\"@type\":\"ReadAction\",\"target\":[\"https:\/\/www.photoweb.fr\/espaces\/magazine\/sac-tissu-personnalise-le-cadeau-ideal-pour-les-copines\/\"]}]},{\"@type\":\"BreadcrumbList\",\"@id\":\"https:\/\/www.photoweb.fr\/espaces\/magazine\/sac-tissu-personnalise-le-cadeau-ideal-pour-les-copines\/#breadcrumb\",\"itemListElement\":[{\"@type\":\"ListItem\",\"position\":1,\"name\":\"Accueil\",\"item\":\"https:\/\/www.photoweb.fr\/espaces\/magazine\/\"},{\"@type\":\"ListItem\",\"position\":2,\"name\":\"Carnet de tendance\",\"item\":\"https:\/\/www.photoweb.fr\/espaces\/magazine\/carnet-de-tendances\/\"},{\"@type\":\"ListItem\",\"position\":3,\"name\":\"Sac tissu personnalis\u00e9 : le cadeau id\u00e9al pour les copines !\"}]},{\"@type\":\"WebSite\",\"@id\":\"https:\/\/www.photoweb.fr\/espaces\/magazine\/#website\",\"url\":\"https:\/\/www.photoweb.fr\/espaces\/magazine\/\",\"name\":\"Photoweb, le mag\",\"description\":\"Le magazine de Photoweb\",\"publisher\":{\"@id\":\"https:\/\/www.photoweb.fr\/espaces\/magazine\/#organization\"},\"potentialAction\":[{\"@type\":\"SearchAction\",\"target\":{\"@type\":\"EntryPoint\",\"urlTemplate\":\"https:\/\/www.photoweb.fr\/espaces\/magazine\/?s={search_term_string}\"},\"query-input\":\"required name=search_term_string\"}],\"inLanguage\":\"fr-FR\"},{\"@type\":\"Organization\",\"@id\":\"https:\/\/www.photoweb.fr\/espaces\/magazine\/#organization\",\"name\":\"Photoweb\",\"url\":\"https:\/\/www.photoweb.fr\/espaces\/magazine\/\",\"logo\":{\"@type\":\"ImageObject\",\"inLanguage\":\"fr-FR\",\"@id\":\"https:\/\/www.photoweb.fr\/espaces\/magazine\/#\/schema\/logo\/image\/\",\"url\":\"https:\/\/www.photoweb.fr\/espaces\/magazine\/wp-content\/uploads\/2021\/02\/Logo-Photoweb.jpg\",\"contentUrl\":\"https:\/\/www.photoweb.fr\/espaces\/magazine\/wp-content\/uploads\/2021\/02\/Logo-Photoweb.jpg\",\"width\":780,\"height\":456,\"caption\":\"Photoweb\"},\"image\":{\"@id\":\"https:\/\/www.photoweb.fr\/espaces\/magazine\/#\/schema\/logo\/image\/\"},\"sameAs\":[\"https:\/\/fr-fr.facebook.com\/Photoweb.fr\/\",\"https:\/\/twitter.com\/Photoweb_fr\",\"https:\/\/www.instagram.com\/photowebfr\/\",\"https:\/\/www.linkedin.com\/company\/347094\/\",\"https:\/\/www.pinterest.fr\/inspirationsphotoweb\/_created\/\",\"https:\/\/www.youtube.com\/channel\/UCtcVmTvkAzKQLVkiwfOm8sg\"]},{\"@type\":\"Person\",\"@id\":\"https:\/\/www.photoweb.fr\/espaces\/magazine\/#\/schema\/person\/111451a615bb7cbe790bf8b1d6b24391\",\"name\":\"melanie\"}]}<\/script>\n<!-- \/ Yoast SEO plugin. -->","yoast_head_json":{"title":"Sac tissu personnalis\u00e9 : le cadeau id\u00e9al pour les copines !","description":"A la recherche d'une id\u00e9e cadeau pour une amie ? Aviez-vous pens\u00e9 au sac en tissu personnalis\u00e9 ? Cr\u00e9ez lui en un \u00e0 son image !","robots":{"index":"index","follow":"follow","max-snippet":"max-snippet:-1","max-image-preview":"max-image-preview:large","max-video-preview":"max-video-preview:-1"},"canonical":"https:\/\/www.photoweb.fr\/espaces\/magazine\/sac-tissu-personnalise-le-cadeau-ideal-pour-les-copines\/","og_locale":"fr_FR","og_type":"article","og_title":"Sac tissu personnalis\u00e9 : le cadeau id\u00e9al pour les copines !","og_description":"A la recherche d'une id\u00e9e cadeau pour une amie ? Aviez-vous pens\u00e9 au sac en tissu personnalis\u00e9 ? Cr\u00e9ez lui en un \u00e0 son image !","og_url":"https:\/\/www.photoweb.fr\/espaces\/magazine\/sac-tissu-personnalise-le-cadeau-ideal-pour-les-copines\/","og_site_name":"Photoweb, le mag","article_publisher":"https:\/\/fr-fr.facebook.com\/Photoweb.fr\/","article_published_time":"2019-05-28T15:40:49+00:00","article_modified_time":"2022-06-22T14:01:21+00:00","og_image":[{"width":800,"height":600,"url":"https:\/\/www.photoweb.fr\/espaces\/magazine\/wp-content\/uploads\/2019\/05\/sac-tissu-personnalise.jpg","type":"image\/jpeg"}],"author":"melanie","twitter_card":"summary_large_image","twitter_creator":"@Photoweb_fr","twitter_site":"@Photoweb_fr","twitter_misc":{"\u00c9crit par":"melanie","Dur\u00e9e de lecture estim\u00e9e":"2 minutes"},"schema":{"@context":"https:\/\/schema.org","@graph":[{"@type":"Article","@id":"https:\/\/www.photoweb.fr\/espaces\/magazine\/sac-tissu-personnalise-le-cadeau-ideal-pour-les-copines\/#article","isPartOf":{"@id":"https:\/\/www.photoweb.fr\/espaces\/magazine\/sac-tissu-personnalise-le-cadeau-ideal-pour-les-copines\/"},"author":{"name":"melanie","@id":"https:\/\/www.photoweb.fr\/espaces\/magazine\/#\/schema\/person\/111451a615bb7cbe790bf8b1d6b24391"},"headline":"Sac tissu personnalis\u00e9 : le cadeau id\u00e9al pour les copines !","datePublished":"2019-05-28T15:40:49+00:00","dateModified":"2022-06-22T14:01:21+00:00","mainEntityOfPage":{"@id":"https:\/\/www.photoweb.fr\/espaces\/magazine\/sac-tissu-personnalise-le-cadeau-ideal-pour-les-copines\/"},"wordCount":395,"commentCount":0,"publisher":{"@id":"https:\/\/www.photoweb.fr\/espaces\/magazine\/#organization"},"keywords":["sac personnalis\u00e9"],"articleSection":["Carnet de tendance"],"inLanguage":"fr-FR","potentialAction":[{"@type":"CommentAction","name":"Comment","target":["https:\/\/www.photoweb.fr\/espaces\/magazine\/sac-tissu-personnalise-le-cadeau-ideal-pour-les-copines\/#respond"]}]},{"@type":"WebPage","@id":"https:\/\/www.photoweb.fr\/espaces\/magazine\/sac-tissu-personnalise-le-cadeau-ideal-pour-les-copines\/","url":"https:\/\/www.photoweb.fr\/espaces\/magazine\/sac-tissu-personnalise-le-cadeau-ideal-pour-les-copines\/","name":"Sac tissu personnalis\u00e9 : le cadeau id\u00e9al pour les copines !","isPartOf":{"@id":"https:\/\/www.photoweb.fr\/espaces\/magazine\/#website"},"datePublished":"2019-05-28T15:40:49+00:00","dateModified":"2022-06-22T14:01:21+00:00","description":"A la recherche d'une id\u00e9e cadeau pour une amie ? Aviez-vous pens\u00e9 au sac en tissu personnalis\u00e9 ? Cr\u00e9ez lui en un \u00e0 son image !","breadcrumb":{"@id":"https:\/\/www.photoweb.fr\/espaces\/magazine\/sac-tissu-personnalise-le-cadeau-ideal-pour-les-copines\/#breadcrumb"},"inLanguage":"fr-FR","potentialAction":[{"@type":"ReadAction","target":["https:\/\/www.photoweb.fr\/espaces\/magazine\/sac-tissu-personnalise-le-cadeau-ideal-pour-les-copines\/"]}]},{"@type":"BreadcrumbList","@id":"https:\/\/www.photoweb.fr\/espaces\/magazine\/sac-tissu-personnalise-le-cadeau-ideal-pour-les-copines\/#breadcrumb","itemListElement":[{"@type":"ListItem","position":1,"name":"Accueil","item":"https:\/\/www.photoweb.fr\/espaces\/magazine\/"},{"@type":"ListItem","position":2,"name":"Carnet de tendance","item":"https:\/\/www.photoweb.fr\/espaces\/magazine\/carnet-de-tendances\/"},{"@type":"ListItem","position":3,"name":"Sac tissu personnalis\u00e9 : le cadeau id\u00e9al pour les copines !"}]},{"@type":"WebSite","@id":"https:\/\/www.photoweb.fr\/espaces\/magazine\/#website","url":"https:\/\/www.photoweb.fr\/espaces\/magazine\/","name":"Photoweb, le mag","description":"Le magazine de Photoweb","publisher":{"@id":"https:\/\/www.photoweb.fr\/espaces\/magazine\/#organization"},"potentialAction":[{"@type":"SearchAction","target":{"@type":"EntryPoint","urlTemplate":"https:\/\/www.photoweb.fr\/espaces\/magazine\/?s={search_term_string}"},"query-input":"required name=search_term_string"}],"inLanguage":"fr-FR"},{"@type":"Organization","@id":"https:\/\/www.photoweb.fr\/espaces\/magazine\/#organization","name":"Photoweb","url":"https:\/\/www.photoweb.fr\/espaces\/magazine\/","logo":{"@type":"ImageObject","inLanguage":"fr-FR","@id":"https:\/\/www.photoweb.fr\/espaces\/magazine\/#\/schema\/logo\/image\/","url":"https:\/\/www.photoweb.fr\/espaces\/magazine\/wp-content\/uploads\/2021\/02\/Logo-Photoweb.jpg","contentUrl":"https:\/\/www.photoweb.fr\/espaces\/magazine\/wp-content\/uploads\/2021\/02\/Logo-Photoweb.jpg","width":780,"height":456,"caption":"Photoweb"},"image":{"@id":"https:\/\/www.photoweb.fr\/espaces\/magazine\/#\/schema\/logo\/image\/"},"sameAs":["https:\/\/fr-fr.facebook.com\/Photoweb.fr\/","https:\/\/twitter.com\/Photoweb_fr","https:\/\/www.instagram.com\/photowebfr\/","https:\/\/www.linkedin.com\/company\/347094\/","https:\/\/www.pinterest.fr\/inspirationsphotoweb\/_created\/","https:\/\/www.youtube.com\/channel\/UCtcVmTvkAzKQLVkiwfOm8sg"]},{"@type":"Person","@id":"https:\/\/www.photoweb.fr\/espaces\/magazine\/#\/schema\/person\/111451a615bb7cbe790bf8b1d6b24391","name":"melanie"}]}},"acf":[],"_links":{"self":[{"href":"https:\/\/www.photoweb.fr\/espaces\/magazine\/wp-json\/wp\/v2\/posts\/8046","targetHints":{"allow":["GET"]}}],"collection":[{"href":"https:\/\/www.photoweb.fr\/espaces\/magazine\/wp-json\/wp\/v2\/posts"}],"about":[{"href":"https:\/\/www.photoweb.fr\/espaces\/magazine\/wp-json\/wp\/v2\/types\/post"}],"author":[{"embeddable":true,"href":"https:\/\/www.photoweb.fr\/espaces\/magazine\/wp-json\/wp\/v2\/users\/21"}],"replies":[{"embeddable":true,"href":"https:\/\/www.photoweb.fr\/espaces\/magazine\/wp-json\/wp\/v2\/comments?post=8046"}],"version-history":[{"count":1,"href":"https:\/\/www.photoweb.fr\/espaces\/magazine\/wp-json\/wp\/v2\/posts\/8046\/revisions"}],"predecessor-version":[{"id":11505,"href":"https:\/\/www.photoweb.fr\/espaces\/magazine\/wp-json\/wp\/v2\/posts\/8046\/revisions\/11505"}],"wp:featuredmedia":[{"embeddable":true,"href":"https:\/\/www.photoweb.fr\/espaces\/magazine\/wp-json\/wp\/v2\/media\/8047"}],"wp:attachment":[{"href":"https:\/\/www.photoweb.fr\/espaces\/magazine\/wp-json\/wp\/v2\/media?parent=8046"}],"wp:term":[{"taxonomy":"category","embeddable":true,"href":"https:\/\/www.photoweb.fr\/espaces\/magazine\/wp-json\/wp\/v2\/categories?post=8046"},{"taxonomy":"post_tag","embeddable":true,"href":"https:\/\/www.photoweb.fr\/espaces\/magazine\/wp-json\/wp\/v2\/tags?post=8046"}],"curies":[{"name":"wp","href":"https:\/\/api.w.org\/{rel}","templated":true}]}}