{"id":8352,"date":"2019-11-03T15:23:42","date_gmt":"2019-11-03T15:23:42","guid":{"rendered":"https:\/\/www.photoweb.fr\/espaces\/magazine\/magazine\/?p=8352"},"modified":"2024-10-16T16:48:59","modified_gmt":"2024-10-16T14:48:59","slug":"mug-personnalise-prenom","status":"publish","type":"post","link":"https:\/\/www.photoweb.fr\/espaces\/magazine\/mug-personnalise-prenom\/","title":{"rendered":"Mug personnalis\u00e9 pr\u00e9nom : cr\u00e9ez une tasse personnalis\u00e9e avec pr\u00e9nom !"},"content":{"rendered":"\n\n\t<p>Nous avons tous besoin d&rsquo;un mug. Voire de plusieurs ! Car le mug fait partie de nos vies. Que l&rsquo;on aime le caf\u00e9 ou non d&rsquo;ailleurs. Car le mug nous accompagne dans notre quotidien. Le mug, c&rsquo;est le compagnon id\u00e9al de la routine de 2 \u00e0 102 ans ! Alors pourquoi se contenter d&rsquo;un mug anonyme, achet\u00e9 dans le commerce ? Pourquoi ne pas personnaliser une tasse \u00e0 caf\u00e9 pour v\u00e9ritablement se l&rsquo;approprier, en mettant son pr\u00e9nom dessus ? Un objet incontournable et une formidable id\u00e9e cadeau pour tous !<\/p>\n\t<h2>Mug personnalis\u00e9 pr\u00e9nom : cr\u00e9ez votre tass\u00e9 \u00e0 caf\u00e9 !<\/h2>\n<p>Oubliez les mugs impersonnels et optez pour la tasse \u00e0 caf\u00e9 personnalis\u00e9e ! Pour la maison, au petit-d\u00e9jeuner ou pour le travail ! De quoi mettre fin aux querelles de la machine \u00e0 caf\u00e9 ! Avec un <a href=\"https:\/\/www.photoweb.fr\/deco-maison\/mug-personnalise\/listing\">mug personnalis\u00e9<\/a> avec votre pr\u00e9nom, personne ne vous piquera plus votre tasse. Pour cela, rien de plus simple : choisissez votre mod\u00e8le de mug, blanc ou en couleur (au niveau de la anse et de l&rsquo;int\u00e9rieur de la tasse), optez pour un design qui vous correspond et ajoutez votre pr\u00e9nom ! De multiples combinaisons sont possibles. Laissez libre court \u00e0 votre imagination ! N&rsquo;h\u00e9sitez pas \u00e9galement \u00e0 ajouter une ou plusieurs photos pour enti\u00e8rement personnaliser votre mug ! Une photo de vos derni\u00e8res vacances par exemple ou d&rsquo;un paysage qui vous inspire de la joie.<\/p>\n<h2>Une tasse pour chaque membre de la famille !<\/h2>\n<p>Dans une maison comme au bureau, le fait de pouvoir personnaliser son mug permet \u00e0 chacun de v\u00e9ritablement s&rsquo;y retrouver. La tasse \u00e0 caf\u00e9 orn\u00e9e de votre pr\u00e9nom constitue ainsi la parfaite id\u00e9e cadeau pour toutes les occasions ! De quoi r\u00e9volutionner les petits-d\u00e9jeuners et les pauses caf\u00e9s ! Pour les parents et les enfants, les petits et les grands, les amis et les coll\u00e8gues, pour No\u00ebl et les anniversaires, le mug s&rsquo;impose comme un choix id\u00e9al quand il s&rsquo;agit de faire plaisir aux gens que l&rsquo;on aime.<\/p>\n<h2>Mug personnalis\u00e9 pr\u00e9nom : la plus belle tasse \u00e0 caf\u00e9 !<\/h2>\n<p>Cr\u00e9er soi-m\u00eame, tr\u00e8s facilement, en quelques clics en ligne, son mug personnalis\u00e9 avec son pr\u00e9nom permet de v\u00e9ritablement s&rsquo;offrir le plus beauxdes mugs. Un mug qui passe bien s\u00fbr au micro-onde et au lave vaisselle avec votre pr\u00e9nom et\/ou votre nom, que l&rsquo;on peut d\u00e9cliner \u00e0 l&rsquo;infini suivant les humeurs et les go\u00fbts de chacun. Car autant en concevoir plusieurs ! Le mug personnalis\u00e9 avec pr\u00e9nom ? Le bon plan cadeau pas cher qui va \u00e9tonner vos amis ! Surtout si vous optez pour le mug magique, qui d\u00e9voile son design au contact d&rsquo;un liquide chaud !<\/p>\n\t1.2.3.\nimprimez&#8239;!\n\t\t\t\t<a href=\"https:\/\/www.photoweb.fr\/deco-maison\/mug-personnalise\/listing\" target=\"_blank\" rel=\"noopener\" itemprop=\"url\">\n\t\t\t\t<img loading=\"lazy\" decoding=\"async\" src=\"https:\/\/www.photoweb.fr\/espaces\/magazine\/wp-content\/uploads\/2017\/09\/mug-personnalisable-photoweb.jpgmug-pano.jpg\" alt=\"mug personnalisable photoweb.jpgmug-pano\" itemprop=\"image\" height=\"600\" width=\"600\" title=\"mug personnalisable photoweb\" onerror=\"this.style.display='none'\"  \/>\n\t\t\t\t<\/a>\n\t<a href=\"https:\/\/www.photoweb.fr\/deco-maison\/mug-personnalise\/listing\">\ncr\u00e9er mon mug personnalis\u00e9<\/a>\n\n","protected":false},"excerpt":{"rendered":"<p> Nous avons tous besoin d&rsquo;un mug. Voire de plusieurs ! Car le mug fait partie de nos vies. Que l&rsquo;on aime le caf\u00e9 ou non d&rsquo;ailleurs. Car le mug nous accompagne dans notre quotidien. Le mug, c&rsquo;est le compagnon id\u00e9al de la routine de 2 \u00e0 102 ans ! Alors pourquoi se contenter d&rsquo;un mug anonyme, achet\u00e9 dans le commerce ? Pourquoi ne pas personnaliser une tasse \u00e0 caf\u00e9 pour v\u00e9ritablement se l&rsquo;approprier, en mettant son pr\u00e9nom dessus ? Un objet incontournable et une formidable id\u00e9e cadeau pour tous !<\/p>\n","protected":false},"author":21,"featured_media":8353,"comment_status":"open","ping_status":"open","sticky":false,"template":"single-standard.php","format":"standard","meta":{"footnotes":""},"categories":[18],"tags":[],"class_list":["post-8352","post","type-post","status-publish","format-standard","has-post-thumbnail","hentry","category-conseils-expets"],"yoast_head":"<!-- This site is optimized with the Yoast SEO plugin v20.3 - https:\/\/yoast.com\/wordpress\/plugins\/seo\/ -->\n<title>Mug personnalis\u00e9 pr\u00e9nom : cr\u00e9ez une tasse personnalis\u00e9e avec pr\u00e9nom !<\/title>\n<meta name=\"description\" content=\"Pour un cadeau original et 100% personnalis\u00e9, pensez \u00e0 la cr\u00e9ation d&#039;un mug sur lequel serait imprim\u00e9 le pr\u00e9nom de vos proches, pas mal non ?\" \/>\n<meta name=\"robots\" content=\"index, follow, max-snippet:-1, max-image-preview:large, max-video-preview:-1\" \/>\n<link rel=\"canonical\" href=\"https:\/\/www.photoweb.fr\/espaces\/magazine\/mug-personnalise-prenom\/\" \/>\n<meta property=\"og:locale\" content=\"fr_FR\" \/>\n<meta property=\"og:type\" content=\"article\" \/>\n<meta property=\"og:title\" content=\"Mug personnalis\u00e9 pr\u00e9nom : cr\u00e9ez une tasse personnalis\u00e9e avec pr\u00e9nom !\" \/>\n<meta property=\"og:description\" content=\"Pour un cadeau original et 100% personnalis\u00e9, pensez \u00e0 la cr\u00e9ation d&#039;un mug sur lequel serait imprim\u00e9 le pr\u00e9nom de vos proches, pas mal non ?\" \/>\n<meta property=\"og:url\" content=\"https:\/\/www.photoweb.fr\/espaces\/magazine\/mug-personnalise-prenom\/\" \/>\n<meta property=\"og:site_name\" content=\"Photoweb, le mag\" \/>\n<meta property=\"article:publisher\" content=\"https:\/\/fr-fr.facebook.com\/Photoweb.fr\/\" \/>\n<meta property=\"article:published_time\" content=\"2019-11-03T15:23:42+00:00\" \/>\n<meta property=\"article:modified_time\" content=\"2024-10-16T14:48:59+00:00\" \/>\n<meta property=\"og:image\" content=\"https:\/\/www.photoweb.fr\/espaces\/magazine\/wp-content\/uploads\/2019\/11\/mug-personnalise-prenom.jpg\" \/>\n\t<meta property=\"og:image:width\" content=\"800\" \/>\n\t<meta property=\"og:image:height\" content=\"600\" \/>\n\t<meta property=\"og:image:type\" content=\"image\/jpeg\" \/>\n<meta name=\"author\" content=\"melanie\" \/>\n<meta name=\"twitter:card\" content=\"summary_large_image\" \/>\n<meta name=\"twitter:creator\" content=\"@Photoweb_fr\" \/>\n<meta name=\"twitter:site\" content=\"@Photoweb_fr\" \/>\n<meta name=\"twitter:label1\" content=\"\u00c9crit par\" \/>\n\t<meta name=\"twitter:data1\" content=\"melanie\" \/>\n\t<meta name=\"twitter:label2\" content=\"Dur\u00e9e de lecture estim\u00e9e\" \/>\n\t<meta name=\"twitter:data2\" content=\"2 minutes\" \/>\n<script type=\"application\/ld+json\" class=\"yoast-schema-graph\">{\"@context\":\"https:\/\/schema.org\",\"@graph\":[{\"@type\":\"Article\",\"@id\":\"https:\/\/www.photoweb.fr\/espaces\/magazine\/mug-personnalise-prenom\/#article\",\"isPartOf\":{\"@id\":\"https:\/\/www.photoweb.fr\/espaces\/magazine\/mug-personnalise-prenom\/\"},\"author\":{\"name\":\"melanie\",\"@id\":\"https:\/\/www.photoweb.fr\/espaces\/magazine\/#\/schema\/person\/111451a615bb7cbe790bf8b1d6b24391\"},\"headline\":\"Mug personnalis\u00e9 pr\u00e9nom : cr\u00e9ez une tasse personnalis\u00e9e avec pr\u00e9nom !\",\"datePublished\":\"2019-11-03T15:23:42+00:00\",\"dateModified\":\"2024-10-16T14:48:59+00:00\",\"mainEntityOfPage\":{\"@id\":\"https:\/\/www.photoweb.fr\/espaces\/magazine\/mug-personnalise-prenom\/\"},\"wordCount\":458,\"commentCount\":2,\"publisher\":{\"@id\":\"https:\/\/www.photoweb.fr\/espaces\/magazine\/#organization\"},\"articleSection\":[\"Conseils experts\"],\"inLanguage\":\"fr-FR\",\"potentialAction\":[{\"@type\":\"CommentAction\",\"name\":\"Comment\",\"target\":[\"https:\/\/www.photoweb.fr\/espaces\/magazine\/mug-personnalise-prenom\/#respond\"]}]},{\"@type\":\"WebPage\",\"@id\":\"https:\/\/www.photoweb.fr\/espaces\/magazine\/mug-personnalise-prenom\/\",\"url\":\"https:\/\/www.photoweb.fr\/espaces\/magazine\/mug-personnalise-prenom\/\",\"name\":\"Mug personnalis\u00e9 pr\u00e9nom : cr\u00e9ez une tasse personnalis\u00e9e avec pr\u00e9nom !\",\"isPartOf\":{\"@id\":\"https:\/\/www.photoweb.fr\/espaces\/magazine\/#website\"},\"datePublished\":\"2019-11-03T15:23:42+00:00\",\"dateModified\":\"2024-10-16T14:48:59+00:00\",\"description\":\"Pour un cadeau original et 100% personnalis\u00e9, pensez \u00e0 la cr\u00e9ation d'un mug sur lequel serait imprim\u00e9 le pr\u00e9nom de vos proches, pas mal non ?\",\"breadcrumb\":{\"@id\":\"https:\/\/www.photoweb.fr\/espaces\/magazine\/mug-personnalise-prenom\/#breadcrumb\"},\"inLanguage\":\"fr-FR\",\"potentialAction\":[{\"@type\":\"ReadAction\",\"target\":[\"https:\/\/www.photoweb.fr\/espaces\/magazine\/mug-personnalise-prenom\/\"]}]},{\"@type\":\"BreadcrumbList\",\"@id\":\"https:\/\/www.photoweb.fr\/espaces\/magazine\/mug-personnalise-prenom\/#breadcrumb\",\"itemListElement\":[{\"@type\":\"ListItem\",\"position\":1,\"name\":\"Accueil\",\"item\":\"https:\/\/www.photoweb.fr\/espaces\/magazine\/\"},{\"@type\":\"ListItem\",\"position\":2,\"name\":\"Conseils experts\",\"item\":\"https:\/\/www.photoweb.fr\/espaces\/magazine\/conseils-expets\/\"},{\"@type\":\"ListItem\",\"position\":3,\"name\":\"Mug personnalis\u00e9 pr\u00e9nom : cr\u00e9ez une tasse personnalis\u00e9e avec pr\u00e9nom !\"}]},{\"@type\":\"WebSite\",\"@id\":\"https:\/\/www.photoweb.fr\/espaces\/magazine\/#website\",\"url\":\"https:\/\/www.photoweb.fr\/espaces\/magazine\/\",\"name\":\"Photoweb, le mag\",\"description\":\"Le magazine de Photoweb\",\"publisher\":{\"@id\":\"https:\/\/www.photoweb.fr\/espaces\/magazine\/#organization\"},\"potentialAction\":[{\"@type\":\"SearchAction\",\"target\":{\"@type\":\"EntryPoint\",\"urlTemplate\":\"https:\/\/www.photoweb.fr\/espaces\/magazine\/?s={search_term_string}\"},\"query-input\":\"required name=search_term_string\"}],\"inLanguage\":\"fr-FR\"},{\"@type\":\"Organization\",\"@id\":\"https:\/\/www.photoweb.fr\/espaces\/magazine\/#organization\",\"name\":\"Photoweb\",\"url\":\"https:\/\/www.photoweb.fr\/espaces\/magazine\/\",\"logo\":{\"@type\":\"ImageObject\",\"inLanguage\":\"fr-FR\",\"@id\":\"https:\/\/www.photoweb.fr\/espaces\/magazine\/#\/schema\/logo\/image\/\",\"url\":\"https:\/\/www.photoweb.fr\/espaces\/magazine\/wp-content\/uploads\/2021\/02\/Logo-Photoweb.jpg\",\"contentUrl\":\"https:\/\/www.photoweb.fr\/espaces\/magazine\/wp-content\/uploads\/2021\/02\/Logo-Photoweb.jpg\",\"width\":780,\"height\":456,\"caption\":\"Photoweb\"},\"image\":{\"@id\":\"https:\/\/www.photoweb.fr\/espaces\/magazine\/#\/schema\/logo\/image\/\"},\"sameAs\":[\"https:\/\/fr-fr.facebook.com\/Photoweb.fr\/\",\"https:\/\/twitter.com\/Photoweb_fr\",\"https:\/\/www.instagram.com\/photowebfr\/\",\"https:\/\/www.linkedin.com\/company\/347094\/\",\"https:\/\/www.pinterest.fr\/inspirationsphotoweb\/_created\/\",\"https:\/\/www.youtube.com\/channel\/UCtcVmTvkAzKQLVkiwfOm8sg\"]},{\"@type\":\"Person\",\"@id\":\"https:\/\/www.photoweb.fr\/espaces\/magazine\/#\/schema\/person\/111451a615bb7cbe790bf8b1d6b24391\",\"name\":\"melanie\"}]}<\/script>\n<!-- \/ Yoast SEO plugin. -->","yoast_head_json":{"title":"Mug personnalis\u00e9 pr\u00e9nom : cr\u00e9ez une tasse personnalis\u00e9e avec pr\u00e9nom !","description":"Pour un cadeau original et 100% personnalis\u00e9, pensez \u00e0 la cr\u00e9ation d'un mug sur lequel serait imprim\u00e9 le pr\u00e9nom de vos proches, pas mal non ?","robots":{"index":"index","follow":"follow","max-snippet":"max-snippet:-1","max-image-preview":"max-image-preview:large","max-video-preview":"max-video-preview:-1"},"canonical":"https:\/\/www.photoweb.fr\/espaces\/magazine\/mug-personnalise-prenom\/","og_locale":"fr_FR","og_type":"article","og_title":"Mug personnalis\u00e9 pr\u00e9nom : cr\u00e9ez une tasse personnalis\u00e9e avec pr\u00e9nom !","og_description":"Pour un cadeau original et 100% personnalis\u00e9, pensez \u00e0 la cr\u00e9ation d'un mug sur lequel serait imprim\u00e9 le pr\u00e9nom de vos proches, pas mal non ?","og_url":"https:\/\/www.photoweb.fr\/espaces\/magazine\/mug-personnalise-prenom\/","og_site_name":"Photoweb, le mag","article_publisher":"https:\/\/fr-fr.facebook.com\/Photoweb.fr\/","article_published_time":"2019-11-03T15:23:42+00:00","article_modified_time":"2024-10-16T14:48:59+00:00","og_image":[{"width":800,"height":600,"url":"https:\/\/www.photoweb.fr\/espaces\/magazine\/wp-content\/uploads\/2019\/11\/mug-personnalise-prenom.jpg","type":"image\/jpeg"}],"author":"melanie","twitter_card":"summary_large_image","twitter_creator":"@Photoweb_fr","twitter_site":"@Photoweb_fr","twitter_misc":{"\u00c9crit par":"melanie","Dur\u00e9e de lecture estim\u00e9e":"2 minutes"},"schema":{"@context":"https:\/\/schema.org","@graph":[{"@type":"Article","@id":"https:\/\/www.photoweb.fr\/espaces\/magazine\/mug-personnalise-prenom\/#article","isPartOf":{"@id":"https:\/\/www.photoweb.fr\/espaces\/magazine\/mug-personnalise-prenom\/"},"author":{"name":"melanie","@id":"https:\/\/www.photoweb.fr\/espaces\/magazine\/#\/schema\/person\/111451a615bb7cbe790bf8b1d6b24391"},"headline":"Mug personnalis\u00e9 pr\u00e9nom : cr\u00e9ez une tasse personnalis\u00e9e avec pr\u00e9nom !","datePublished":"2019-11-03T15:23:42+00:00","dateModified":"2024-10-16T14:48:59+00:00","mainEntityOfPage":{"@id":"https:\/\/www.photoweb.fr\/espaces\/magazine\/mug-personnalise-prenom\/"},"wordCount":458,"commentCount":2,"publisher":{"@id":"https:\/\/www.photoweb.fr\/espaces\/magazine\/#organization"},"articleSection":["Conseils experts"],"inLanguage":"fr-FR","potentialAction":[{"@type":"CommentAction","name":"Comment","target":["https:\/\/www.photoweb.fr\/espaces\/magazine\/mug-personnalise-prenom\/#respond"]}]},{"@type":"WebPage","@id":"https:\/\/www.photoweb.fr\/espaces\/magazine\/mug-personnalise-prenom\/","url":"https:\/\/www.photoweb.fr\/espaces\/magazine\/mug-personnalise-prenom\/","name":"Mug personnalis\u00e9 pr\u00e9nom : cr\u00e9ez une tasse personnalis\u00e9e avec pr\u00e9nom !","isPartOf":{"@id":"https:\/\/www.photoweb.fr\/espaces\/magazine\/#website"},"datePublished":"2019-11-03T15:23:42+00:00","dateModified":"2024-10-16T14:48:59+00:00","description":"Pour un cadeau original et 100% personnalis\u00e9, pensez \u00e0 la cr\u00e9ation d'un mug sur lequel serait imprim\u00e9 le pr\u00e9nom de vos proches, pas mal non ?","breadcrumb":{"@id":"https:\/\/www.photoweb.fr\/espaces\/magazine\/mug-personnalise-prenom\/#breadcrumb"},"inLanguage":"fr-FR","potentialAction":[{"@type":"ReadAction","target":["https:\/\/www.photoweb.fr\/espaces\/magazine\/mug-personnalise-prenom\/"]}]},{"@type":"BreadcrumbList","@id":"https:\/\/www.photoweb.fr\/espaces\/magazine\/mug-personnalise-prenom\/#breadcrumb","itemListElement":[{"@type":"ListItem","position":1,"name":"Accueil","item":"https:\/\/www.photoweb.fr\/espaces\/magazine\/"},{"@type":"ListItem","position":2,"name":"Conseils experts","item":"https:\/\/www.photoweb.fr\/espaces\/magazine\/conseils-expets\/"},{"@type":"ListItem","position":3,"name":"Mug personnalis\u00e9 pr\u00e9nom : cr\u00e9ez une tasse personnalis\u00e9e avec pr\u00e9nom !"}]},{"@type":"WebSite","@id":"https:\/\/www.photoweb.fr\/espaces\/magazine\/#website","url":"https:\/\/www.photoweb.fr\/espaces\/magazine\/","name":"Photoweb, le mag","description":"Le magazine de Photoweb","publisher":{"@id":"https:\/\/www.photoweb.fr\/espaces\/magazine\/#organization"},"potentialAction":[{"@type":"SearchAction","target":{"@type":"EntryPoint","urlTemplate":"https:\/\/www.photoweb.fr\/espaces\/magazine\/?s={search_term_string}"},"query-input":"required name=search_term_string"}],"inLanguage":"fr-FR"},{"@type":"Organization","@id":"https:\/\/www.photoweb.fr\/espaces\/magazine\/#organization","name":"Photoweb","url":"https:\/\/www.photoweb.fr\/espaces\/magazine\/","logo":{"@type":"ImageObject","inLanguage":"fr-FR","@id":"https:\/\/www.photoweb.fr\/espaces\/magazine\/#\/schema\/logo\/image\/","url":"https:\/\/www.photoweb.fr\/espaces\/magazine\/wp-content\/uploads\/2021\/02\/Logo-Photoweb.jpg","contentUrl":"https:\/\/www.photoweb.fr\/espaces\/magazine\/wp-content\/uploads\/2021\/02\/Logo-Photoweb.jpg","width":780,"height":456,"caption":"Photoweb"},"image":{"@id":"https:\/\/www.photoweb.fr\/espaces\/magazine\/#\/schema\/logo\/image\/"},"sameAs":["https:\/\/fr-fr.facebook.com\/Photoweb.fr\/","https:\/\/twitter.com\/Photoweb_fr","https:\/\/www.instagram.com\/photowebfr\/","https:\/\/www.linkedin.com\/company\/347094\/","https:\/\/www.pinterest.fr\/inspirationsphotoweb\/_created\/","https:\/\/www.youtube.com\/channel\/UCtcVmTvkAzKQLVkiwfOm8sg"]},{"@type":"Person","@id":"https:\/\/www.photoweb.fr\/espaces\/magazine\/#\/schema\/person\/111451a615bb7cbe790bf8b1d6b24391","name":"melanie"}]}},"acf":[],"_links":{"self":[{"href":"https:\/\/www.photoweb.fr\/espaces\/magazine\/wp-json\/wp\/v2\/posts\/8352","targetHints":{"allow":["GET"]}}],"collection":[{"href":"https:\/\/www.photoweb.fr\/espaces\/magazine\/wp-json\/wp\/v2\/posts"}],"about":[{"href":"https:\/\/www.photoweb.fr\/espaces\/magazine\/wp-json\/wp\/v2\/types\/post"}],"author":[{"embeddable":true,"href":"https:\/\/www.photoweb.fr\/espaces\/magazine\/wp-json\/wp\/v2\/users\/21"}],"replies":[{"embeddable":true,"href":"https:\/\/www.photoweb.fr\/espaces\/magazine\/wp-json\/wp\/v2\/comments?post=8352"}],"version-history":[{"count":2,"href":"https:\/\/www.photoweb.fr\/espaces\/magazine\/wp-json\/wp\/v2\/posts\/8352\/revisions"}],"predecessor-version":[{"id":13506,"href":"https:\/\/www.photoweb.fr\/espaces\/magazine\/wp-json\/wp\/v2\/posts\/8352\/revisions\/13506"}],"wp:featuredmedia":[{"embeddable":true,"href":"https:\/\/www.photoweb.fr\/espaces\/magazine\/wp-json\/wp\/v2\/media\/8353"}],"wp:attachment":[{"href":"https:\/\/www.photoweb.fr\/espaces\/magazine\/wp-json\/wp\/v2\/media?parent=8352"}],"wp:term":[{"taxonomy":"category","embeddable":true,"href":"https:\/\/www.photoweb.fr\/espaces\/magazine\/wp-json\/wp\/v2\/categories?post=8352"},{"taxonomy":"post_tag","embeddable":true,"href":"https:\/\/www.photoweb.fr\/espaces\/magazine\/wp-json\/wp\/v2\/tags?post=8352"}],"curies":[{"name":"wp","href":"https:\/\/api.w.org\/{rel}","templated":true}]}}