{"id":8555,"date":"2020-03-30T10:53:19","date_gmt":"2020-03-30T10:53:19","guid":{"rendered":"https:\/\/www.photoweb.fr\/espaces\/magazine\/magazine\/?p=8555"},"modified":"2024-08-28T12:17:11","modified_gmt":"2024-08-28T10:17:11","slug":"comment-personnaliser-sa-coque-avec-une-photo","status":"publish","type":"post","link":"https:\/\/www.photoweb.fr\/espaces\/magazine\/comment-personnaliser-sa-coque-avec-une-photo\/","title":{"rendered":"Comment personnaliser sa coque avec une photo : tous nos conseils !"},"content":{"rendered":"\n\n\t<p>Qui dit smartphone, dit forc\u00e9ment coque de t\u00e9l\u00e9phone. Bien pratique, faisant \u00e0 la fois office de t\u00e9l\u00e9phone, d&rsquo;agenda, d&rsquo;appareil photo ou encore de t\u00e9l\u00e9vision, nos smartphones sont aussi assez fragiles. Sujets \u00e0 de multiples chutes et autres rayures, ces appareils qui nous suivent dans notre quotidien m\u00e9ritent une protection \u00e0 la hauteur. Mais comment sortir des coques de mobile monotones qu&rsquo;on trouve partout dans le commerce ? En optant pour la coque personnalis\u00e9e ! L&rsquo;occasion parfaite d&rsquo;exploiter vos plus belles photos pour d\u00e9corer votre protection de mobile et ainsi sortir du lot ! Mais comment personnaliser sa coque avec une photo ? On vous explique tout !<\/p>\n\t<h2>Comment personnaliser sa coque avec une photo : mode d&#8217;emploi<\/h2>\n<p>Rendez-vous sur le site Photoweb pour facilement personnaliser votre <a href=\"https:\/\/www.photoweb.fr\/deco-maison\/coque-personnalisee\">coque de t\u00e9l\u00e9phone<\/a> portable. Pour commencer, le logiciel vous demandera de choisir la marque de votre smartphone. Puis le mod\u00e8le. De nombreux t\u00e9l\u00e9phones sont disponibles ! Par la suite, laissez aller votre imagination et cr\u00e9ez tr\u00e8s simplement, en quelques clics, la plus belle de coques de t\u00e9l\u00e9phone. Pour cela, fouillez dans vos disques-durs et trouvez une ou plusieurs photos pour totalement vous approprier votre coque de mobile. Une photo en noir et blanc, une photo couleur ou une photo que vous aurez retouch\u00e9e, tout est permis ! Il n&rsquo;y aucune limite si ce n&rsquo;est celle de votre imagination.<\/p>\n<h2>Vos plus belles photos r\u00e9invent\u00e9es<\/h2>\n<p>On a tous des photos que nous aimerions avoir tout le temps sur nous, histoire de les regarder et de se souvenir des bons moments pass\u00e9s en voyage, entre amis ou en famille. Parfaite \u00e9volution de la fameuse photo que l&rsquo;on gardait dans son portefeuille, les photos sur t\u00e9l\u00e9phone portable peuvent aussi sortir de vos cartes m\u00e9moire pour carr\u00e9ment se retrouver sur votre coque de mobile. Cr\u00e9er une coque implique alors de faire un choix. M\u00eame s&rsquo;il est \u00e9galement possible de cr\u00e9er plusieurs coques de t\u00e9l\u00e9phone. Apr\u00e8s tout, pourquoi pas ? Parfait pour changer l&rsquo;apparence de son t\u00e9l\u00e9phone suivant vos humeurs, les saisons ou les occasions !<\/p>\n<h2><b>Votre t\u00e9l\u00e9phone r\u00e9invent\u00e9 <\/b><\/h2>\n<p>Notre t\u00e9l\u00e9phone nous est pr\u00e9cieux. Il convient donc de le prot\u00e9ger pour le pr\u00e9server des agressions ext\u00e9rieures. La coque de mobile vous offre la chance de correctement vous pr\u00e9munir des petits accidents du quotidien tout en offrant une toute nouvelle apparence \u00e0 votre t\u00e9l\u00e9phone. Une coque rigide, parfaitement \u00e9tudi\u00e9e pour prot\u00e9ger votre smartphone mais aussi fa\u00e7onn\u00e9e pour lui redonner des couleurs \u00e0 l&rsquo;aide de vos clich\u00e9s les plus magnifiques. Comment avez-vous pu vous en passer jusqu&rsquo;\u00e0 maintenant ? La coque mobile personnalis\u00e9e qui constitue en plus la parfaite id\u00e9e cadeau ! Un cadeau pas cher et malin pour toutes les occasions.<\/p>\n\t1.2.3.\nimprimez&#8239;!\n\t\t\t\t<a href=\"https:\/\/www.photoweb.fr\/deco-maison\/coque-personnalisee\" target=\"_blank\" rel=\"noopener\" itemprop=\"url\">\n\t\t\t\t<img loading=\"lazy\" decoding=\"async\" src=\"https:\/\/www.photoweb.fr\/espaces\/magazine\/wp-content\/uploads\/2018\/10\/coques.jpg\" alt=\"coque-telephone\" itemprop=\"image\" height=\"600\" width=\"600\" title=\"coque-telephone\" onerror=\"this.style.display='none'\"  \/>\n\t\t\t\t<\/a>\n\t<a href=\"https:\/\/www.photoweb.fr\/deco-maison\/coque-personnalisee\">\ncr\u00e9er ma coque personnalis\u00e9e<\/a>\n\n","protected":false},"excerpt":{"rendered":"<p>Qui dit smartphone, dit forc\u00e9ment coque de t\u00e9l\u00e9phone. Bien pratique, faisant \u00e0 la fois office de t\u00e9l\u00e9phone, d&rsquo;agenda, d&rsquo;appareil photo ou encore de t\u00e9l\u00e9vision, nos smartphones sont aussi assez fragiles&#8230;<\/p>\n","protected":false},"author":21,"featured_media":8556,"comment_status":"open","ping_status":"open","sticky":false,"template":"single-standard.php","format":"standard","meta":{"footnotes":""},"categories":[18],"tags":[101],"class_list":["post-8555","post","type-post","status-publish","format-standard","has-post-thumbnail","hentry","category-conseils-expets","tag-personnalise-ta-coque"],"yoast_head":"<!-- This site is optimized with the Yoast SEO plugin v20.3 - https:\/\/yoast.com\/wordpress\/plugins\/seo\/ -->\n<title>Comment personnaliser sa coque avec une photo : tous nos conseils !<\/title>\n<meta name=\"description\" content=\"Envie d&#039;avoir votre propre coque de t\u00e9l\u00e9phone avec les photos de vos proches ? Ou envie d&#039;offrir une coque photo ? Voici nos conseils cr\u00e9ation ! &gt; D\u00e9couvrir\" \/>\n<meta name=\"robots\" content=\"index, follow, max-snippet:-1, max-image-preview:large, max-video-preview:-1\" \/>\n<link rel=\"canonical\" href=\"https:\/\/www.photoweb.fr\/espaces\/magazine\/comment-personnaliser-sa-coque-avec-une-photo\/\" \/>\n<meta property=\"og:locale\" content=\"fr_FR\" \/>\n<meta property=\"og:type\" content=\"article\" \/>\n<meta property=\"og:title\" content=\"Comment personnaliser sa coque avec une photo : tous nos conseils !\" \/>\n<meta property=\"og:description\" content=\"Envie d&#039;avoir votre propre coque de t\u00e9l\u00e9phone avec les photos de vos proches ? Ou envie d&#039;offrir une coque photo ? Voici nos conseils cr\u00e9ation ! &gt; D\u00e9couvrir\" \/>\n<meta property=\"og:url\" content=\"https:\/\/www.photoweb.fr\/espaces\/magazine\/comment-personnaliser-sa-coque-avec-une-photo\/\" \/>\n<meta property=\"og:site_name\" content=\"Photoweb, le mag\" \/>\n<meta property=\"article:publisher\" content=\"https:\/\/fr-fr.facebook.com\/Photoweb.fr\/\" \/>\n<meta property=\"article:published_time\" content=\"2020-03-30T10:53:19+00:00\" \/>\n<meta property=\"article:modified_time\" content=\"2024-08-28T10:17:11+00:00\" \/>\n<meta property=\"og:image\" content=\"https:\/\/www.photoweb.fr\/espaces\/magazine\/wp-content\/uploads\/2020\/02\/comment-personnaliser-sa-coque-avec-une-photo.jpg\" \/>\n\t<meta property=\"og:image:width\" content=\"800\" \/>\n\t<meta property=\"og:image:height\" content=\"600\" \/>\n\t<meta property=\"og:image:type\" content=\"image\/jpeg\" \/>\n<meta name=\"author\" content=\"melanie\" \/>\n<meta name=\"twitter:card\" content=\"summary_large_image\" \/>\n<meta name=\"twitter:creator\" content=\"@Photoweb_fr\" \/>\n<meta name=\"twitter:site\" content=\"@Photoweb_fr\" \/>\n<meta name=\"twitter:label1\" content=\"\u00c9crit par\" \/>\n\t<meta name=\"twitter:data1\" content=\"melanie\" \/>\n\t<meta name=\"twitter:label2\" content=\"Dur\u00e9e de lecture estim\u00e9e\" \/>\n\t<meta name=\"twitter:data2\" content=\"2 minutes\" \/>\n<script type=\"application\/ld+json\" class=\"yoast-schema-graph\">{\"@context\":\"https:\/\/schema.org\",\"@graph\":[{\"@type\":\"Article\",\"@id\":\"https:\/\/www.photoweb.fr\/espaces\/magazine\/comment-personnaliser-sa-coque-avec-une-photo\/#article\",\"isPartOf\":{\"@id\":\"https:\/\/www.photoweb.fr\/espaces\/magazine\/comment-personnaliser-sa-coque-avec-une-photo\/\"},\"author\":{\"name\":\"melanie\",\"@id\":\"https:\/\/www.photoweb.fr\/espaces\/magazine\/#\/schema\/person\/111451a615bb7cbe790bf8b1d6b24391\"},\"headline\":\"Comment personnaliser sa coque avec une photo : tous nos conseils !\",\"datePublished\":\"2020-03-30T10:53:19+00:00\",\"dateModified\":\"2024-08-28T10:17:11+00:00\",\"mainEntityOfPage\":{\"@id\":\"https:\/\/www.photoweb.fr\/espaces\/magazine\/comment-personnaliser-sa-coque-avec-une-photo\/\"},\"wordCount\":494,\"commentCount\":5,\"publisher\":{\"@id\":\"https:\/\/www.photoweb.fr\/espaces\/magazine\/#organization\"},\"keywords\":[\"personnalise ta coque !\"],\"articleSection\":[\"Conseils experts\"],\"inLanguage\":\"fr-FR\",\"potentialAction\":[{\"@type\":\"CommentAction\",\"name\":\"Comment\",\"target\":[\"https:\/\/www.photoweb.fr\/espaces\/magazine\/comment-personnaliser-sa-coque-avec-une-photo\/#respond\"]}]},{\"@type\":\"WebPage\",\"@id\":\"https:\/\/www.photoweb.fr\/espaces\/magazine\/comment-personnaliser-sa-coque-avec-une-photo\/\",\"url\":\"https:\/\/www.photoweb.fr\/espaces\/magazine\/comment-personnaliser-sa-coque-avec-une-photo\/\",\"name\":\"Comment personnaliser sa coque avec une photo : tous nos conseils !\",\"isPartOf\":{\"@id\":\"https:\/\/www.photoweb.fr\/espaces\/magazine\/#website\"},\"datePublished\":\"2020-03-30T10:53:19+00:00\",\"dateModified\":\"2024-08-28T10:17:11+00:00\",\"description\":\"Envie d'avoir votre propre coque de t\u00e9l\u00e9phone avec les photos de vos proches ? Ou envie d'offrir une coque photo ? Voici nos conseils cr\u00e9ation ! > D\u00e9couvrir\",\"breadcrumb\":{\"@id\":\"https:\/\/www.photoweb.fr\/espaces\/magazine\/comment-personnaliser-sa-coque-avec-une-photo\/#breadcrumb\"},\"inLanguage\":\"fr-FR\",\"potentialAction\":[{\"@type\":\"ReadAction\",\"target\":[\"https:\/\/www.photoweb.fr\/espaces\/magazine\/comment-personnaliser-sa-coque-avec-une-photo\/\"]}]},{\"@type\":\"BreadcrumbList\",\"@id\":\"https:\/\/www.photoweb.fr\/espaces\/magazine\/comment-personnaliser-sa-coque-avec-une-photo\/#breadcrumb\",\"itemListElement\":[{\"@type\":\"ListItem\",\"position\":1,\"name\":\"Accueil\",\"item\":\"https:\/\/www.photoweb.fr\/espaces\/magazine\/\"},{\"@type\":\"ListItem\",\"position\":2,\"name\":\"Conseils experts\",\"item\":\"https:\/\/www.photoweb.fr\/espaces\/magazine\/conseils-expets\/\"},{\"@type\":\"ListItem\",\"position\":3,\"name\":\"Comment personnaliser sa coque avec une photo : tous nos conseils !\"}]},{\"@type\":\"WebSite\",\"@id\":\"https:\/\/www.photoweb.fr\/espaces\/magazine\/#website\",\"url\":\"https:\/\/www.photoweb.fr\/espaces\/magazine\/\",\"name\":\"Photoweb, le mag\",\"description\":\"Le magazine de Photoweb\",\"publisher\":{\"@id\":\"https:\/\/www.photoweb.fr\/espaces\/magazine\/#organization\"},\"potentialAction\":[{\"@type\":\"SearchAction\",\"target\":{\"@type\":\"EntryPoint\",\"urlTemplate\":\"https:\/\/www.photoweb.fr\/espaces\/magazine\/?s={search_term_string}\"},\"query-input\":\"required name=search_term_string\"}],\"inLanguage\":\"fr-FR\"},{\"@type\":\"Organization\",\"@id\":\"https:\/\/www.photoweb.fr\/espaces\/magazine\/#organization\",\"name\":\"Photoweb\",\"url\":\"https:\/\/www.photoweb.fr\/espaces\/magazine\/\",\"logo\":{\"@type\":\"ImageObject\",\"inLanguage\":\"fr-FR\",\"@id\":\"https:\/\/www.photoweb.fr\/espaces\/magazine\/#\/schema\/logo\/image\/\",\"url\":\"https:\/\/www.photoweb.fr\/espaces\/magazine\/wp-content\/uploads\/2021\/02\/Logo-Photoweb.jpg\",\"contentUrl\":\"https:\/\/www.photoweb.fr\/espaces\/magazine\/wp-content\/uploads\/2021\/02\/Logo-Photoweb.jpg\",\"width\":780,\"height\":456,\"caption\":\"Photoweb\"},\"image\":{\"@id\":\"https:\/\/www.photoweb.fr\/espaces\/magazine\/#\/schema\/logo\/image\/\"},\"sameAs\":[\"https:\/\/fr-fr.facebook.com\/Photoweb.fr\/\",\"https:\/\/twitter.com\/Photoweb_fr\",\"https:\/\/www.instagram.com\/photowebfr\/\",\"https:\/\/www.linkedin.com\/company\/347094\/\",\"https:\/\/www.pinterest.fr\/inspirationsphotoweb\/_created\/\",\"https:\/\/www.youtube.com\/channel\/UCtcVmTvkAzKQLVkiwfOm8sg\"]},{\"@type\":\"Person\",\"@id\":\"https:\/\/www.photoweb.fr\/espaces\/magazine\/#\/schema\/person\/111451a615bb7cbe790bf8b1d6b24391\",\"name\":\"melanie\"}]}<\/script>\n<!-- \/ Yoast SEO plugin. -->","yoast_head_json":{"title":"Comment personnaliser sa coque avec une photo : tous nos conseils !","description":"Envie d'avoir votre propre coque de t\u00e9l\u00e9phone avec les photos de vos proches ? Ou envie d'offrir une coque photo ? Voici nos conseils cr\u00e9ation ! > D\u00e9couvrir","robots":{"index":"index","follow":"follow","max-snippet":"max-snippet:-1","max-image-preview":"max-image-preview:large","max-video-preview":"max-video-preview:-1"},"canonical":"https:\/\/www.photoweb.fr\/espaces\/magazine\/comment-personnaliser-sa-coque-avec-une-photo\/","og_locale":"fr_FR","og_type":"article","og_title":"Comment personnaliser sa coque avec une photo : tous nos conseils !","og_description":"Envie d'avoir votre propre coque de t\u00e9l\u00e9phone avec les photos de vos proches ? Ou envie d'offrir une coque photo ? Voici nos conseils cr\u00e9ation ! > D\u00e9couvrir","og_url":"https:\/\/www.photoweb.fr\/espaces\/magazine\/comment-personnaliser-sa-coque-avec-une-photo\/","og_site_name":"Photoweb, le mag","article_publisher":"https:\/\/fr-fr.facebook.com\/Photoweb.fr\/","article_published_time":"2020-03-30T10:53:19+00:00","article_modified_time":"2024-08-28T10:17:11+00:00","og_image":[{"width":800,"height":600,"url":"https:\/\/www.photoweb.fr\/espaces\/magazine\/wp-content\/uploads\/2020\/02\/comment-personnaliser-sa-coque-avec-une-photo.jpg","type":"image\/jpeg"}],"author":"melanie","twitter_card":"summary_large_image","twitter_creator":"@Photoweb_fr","twitter_site":"@Photoweb_fr","twitter_misc":{"\u00c9crit par":"melanie","Dur\u00e9e de lecture estim\u00e9e":"2 minutes"},"schema":{"@context":"https:\/\/schema.org","@graph":[{"@type":"Article","@id":"https:\/\/www.photoweb.fr\/espaces\/magazine\/comment-personnaliser-sa-coque-avec-une-photo\/#article","isPartOf":{"@id":"https:\/\/www.photoweb.fr\/espaces\/magazine\/comment-personnaliser-sa-coque-avec-une-photo\/"},"author":{"name":"melanie","@id":"https:\/\/www.photoweb.fr\/espaces\/magazine\/#\/schema\/person\/111451a615bb7cbe790bf8b1d6b24391"},"headline":"Comment personnaliser sa coque avec une photo : tous nos conseils !","datePublished":"2020-03-30T10:53:19+00:00","dateModified":"2024-08-28T10:17:11+00:00","mainEntityOfPage":{"@id":"https:\/\/www.photoweb.fr\/espaces\/magazine\/comment-personnaliser-sa-coque-avec-une-photo\/"},"wordCount":494,"commentCount":5,"publisher":{"@id":"https:\/\/www.photoweb.fr\/espaces\/magazine\/#organization"},"keywords":["personnalise ta coque !"],"articleSection":["Conseils experts"],"inLanguage":"fr-FR","potentialAction":[{"@type":"CommentAction","name":"Comment","target":["https:\/\/www.photoweb.fr\/espaces\/magazine\/comment-personnaliser-sa-coque-avec-une-photo\/#respond"]}]},{"@type":"WebPage","@id":"https:\/\/www.photoweb.fr\/espaces\/magazine\/comment-personnaliser-sa-coque-avec-une-photo\/","url":"https:\/\/www.photoweb.fr\/espaces\/magazine\/comment-personnaliser-sa-coque-avec-une-photo\/","name":"Comment personnaliser sa coque avec une photo : tous nos conseils !","isPartOf":{"@id":"https:\/\/www.photoweb.fr\/espaces\/magazine\/#website"},"datePublished":"2020-03-30T10:53:19+00:00","dateModified":"2024-08-28T10:17:11+00:00","description":"Envie d'avoir votre propre coque de t\u00e9l\u00e9phone avec les photos de vos proches ? Ou envie d'offrir une coque photo ? Voici nos conseils cr\u00e9ation ! > D\u00e9couvrir","breadcrumb":{"@id":"https:\/\/www.photoweb.fr\/espaces\/magazine\/comment-personnaliser-sa-coque-avec-une-photo\/#breadcrumb"},"inLanguage":"fr-FR","potentialAction":[{"@type":"ReadAction","target":["https:\/\/www.photoweb.fr\/espaces\/magazine\/comment-personnaliser-sa-coque-avec-une-photo\/"]}]},{"@type":"BreadcrumbList","@id":"https:\/\/www.photoweb.fr\/espaces\/magazine\/comment-personnaliser-sa-coque-avec-une-photo\/#breadcrumb","itemListElement":[{"@type":"ListItem","position":1,"name":"Accueil","item":"https:\/\/www.photoweb.fr\/espaces\/magazine\/"},{"@type":"ListItem","position":2,"name":"Conseils experts","item":"https:\/\/www.photoweb.fr\/espaces\/magazine\/conseils-expets\/"},{"@type":"ListItem","position":3,"name":"Comment personnaliser sa coque avec une photo : tous nos conseils !"}]},{"@type":"WebSite","@id":"https:\/\/www.photoweb.fr\/espaces\/magazine\/#website","url":"https:\/\/www.photoweb.fr\/espaces\/magazine\/","name":"Photoweb, le mag","description":"Le magazine de Photoweb","publisher":{"@id":"https:\/\/www.photoweb.fr\/espaces\/magazine\/#organization"},"potentialAction":[{"@type":"SearchAction","target":{"@type":"EntryPoint","urlTemplate":"https:\/\/www.photoweb.fr\/espaces\/magazine\/?s={search_term_string}"},"query-input":"required name=search_term_string"}],"inLanguage":"fr-FR"},{"@type":"Organization","@id":"https:\/\/www.photoweb.fr\/espaces\/magazine\/#organization","name":"Photoweb","url":"https:\/\/www.photoweb.fr\/espaces\/magazine\/","logo":{"@type":"ImageObject","inLanguage":"fr-FR","@id":"https:\/\/www.photoweb.fr\/espaces\/magazine\/#\/schema\/logo\/image\/","url":"https:\/\/www.photoweb.fr\/espaces\/magazine\/wp-content\/uploads\/2021\/02\/Logo-Photoweb.jpg","contentUrl":"https:\/\/www.photoweb.fr\/espaces\/magazine\/wp-content\/uploads\/2021\/02\/Logo-Photoweb.jpg","width":780,"height":456,"caption":"Photoweb"},"image":{"@id":"https:\/\/www.photoweb.fr\/espaces\/magazine\/#\/schema\/logo\/image\/"},"sameAs":["https:\/\/fr-fr.facebook.com\/Photoweb.fr\/","https:\/\/twitter.com\/Photoweb_fr","https:\/\/www.instagram.com\/photowebfr\/","https:\/\/www.linkedin.com\/company\/347094\/","https:\/\/www.pinterest.fr\/inspirationsphotoweb\/_created\/","https:\/\/www.youtube.com\/channel\/UCtcVmTvkAzKQLVkiwfOm8sg"]},{"@type":"Person","@id":"https:\/\/www.photoweb.fr\/espaces\/magazine\/#\/schema\/person\/111451a615bb7cbe790bf8b1d6b24391","name":"melanie"}]}},"acf":[],"_links":{"self":[{"href":"https:\/\/www.photoweb.fr\/espaces\/magazine\/wp-json\/wp\/v2\/posts\/8555","targetHints":{"allow":["GET"]}}],"collection":[{"href":"https:\/\/www.photoweb.fr\/espaces\/magazine\/wp-json\/wp\/v2\/posts"}],"about":[{"href":"https:\/\/www.photoweb.fr\/espaces\/magazine\/wp-json\/wp\/v2\/types\/post"}],"author":[{"embeddable":true,"href":"https:\/\/www.photoweb.fr\/espaces\/magazine\/wp-json\/wp\/v2\/users\/21"}],"replies":[{"embeddable":true,"href":"https:\/\/www.photoweb.fr\/espaces\/magazine\/wp-json\/wp\/v2\/comments?post=8555"}],"version-history":[{"count":2,"href":"https:\/\/www.photoweb.fr\/espaces\/magazine\/wp-json\/wp\/v2\/posts\/8555\/revisions"}],"predecessor-version":[{"id":13394,"href":"https:\/\/www.photoweb.fr\/espaces\/magazine\/wp-json\/wp\/v2\/posts\/8555\/revisions\/13394"}],"wp:featuredmedia":[{"embeddable":true,"href":"https:\/\/www.photoweb.fr\/espaces\/magazine\/wp-json\/wp\/v2\/media\/8556"}],"wp:attachment":[{"href":"https:\/\/www.photoweb.fr\/espaces\/magazine\/wp-json\/wp\/v2\/media?parent=8555"}],"wp:term":[{"taxonomy":"category","embeddable":true,"href":"https:\/\/www.photoweb.fr\/espaces\/magazine\/wp-json\/wp\/v2\/categories?post=8555"},{"taxonomy":"post_tag","embeddable":true,"href":"https:\/\/www.photoweb.fr\/espaces\/magazine\/wp-json\/wp\/v2\/tags?post=8555"}],"curies":[{"name":"wp","href":"https:\/\/api.w.org\/{rel}","templated":true}]}}